{"id":128143,"date":"2023-03-09T15:20:23","date_gmt":"2023-03-09T21:20:23","guid":{"rendered":"https:\/\/www.uv.mx\/prensa\/?p=128143"},"modified":"2023-03-10T14:29:17","modified_gmt":"2023-03-10T20:29:17","slug":"violencia-contra-la-mujer-abarca-todo-el-pais-expertas","status":"publish","type":"post","link":"https:\/\/www.uv.mx\/prensa\/general\/violencia-contra-la-mujer-abarca-todo-el-pais-expertas\/","title":{"rendered":"Violencia contra la mujer abarca todo el pa\u00eds: expertas"},"content":{"rendered":"<ul style=\"font-weight: 400\">\n<li data-leveltext=\"\uf0b7\" data-font=\"Symbol\" data-listid=\"6\" data-list-defn-props=\"{&quot;335552541&quot;:1,&quot;335559684&quot;:-2,&quot;335559685&quot;:720,&quot;335559991&quot;:360,&quot;469769226&quot;:&quot;Symbol&quot;,&quot;469769242&quot;:[8226],&quot;469777803&quot;:&quot;left&quot;,&quot;469777804&quot;:&quot;\uf0b7&quot;,&quot;469777815&quot;:&quot;hybridMultilevel&quot;}\" data-aria-posinset=\"1\" data-aria-level=\"1\"><i><span data-contrast=\"auto\">Investigadoras de la Universidad Veracruzana y juristas de institutos de mediaci\u00f3n participaron en el conversatorio \u201cViolencia contra la mujer y derechos humanos\u201d<\/span><\/i><span data-ccp-props=\"{}\">\u00a0<\/span><\/li>\n<li data-leveltext=\"\uf0b7\" data-font=\"Symbol\" data-listid=\"6\" data-list-defn-props=\"{&quot;335552541&quot;:1,&quot;335559684&quot;:-2,&quot;335559685&quot;:720,&quot;335559991&quot;:360,&quot;469769226&quot;:&quot;Symbol&quot;,&quot;469769242&quot;:[8226],&quot;469777803&quot;:&quot;left&quot;,&quot;469777804&quot;:&quot;\uf0b7&quot;,&quot;469777815&quot;:&quot;hybridMultilevel&quot;}\" data-aria-posinset=\"2\" data-aria-level=\"1\"><i><span data-contrast=\"auto\">Coincidieron en la importancia de realizar campa\u00f1as de difusi\u00f3n e implementar pol\u00edticas p\u00fablicas que ayuden a erradicarla<\/span><\/i><span data-ccp-props=\"{}\">\u00a0<\/span><\/li>\n<\/ul>\n<p>&nbsp;<\/p>\n<div id=\"attachment_128139\" style=\"width: 732px\" class=\"wp-caption aligncenter\"><a href=\"https:\/\/www.uv.mx\/prensa\/files\/2023\/03\/090323-CARLOS-Violencia-contra-la-mujer-y-derechos-humanos-1.jpg\"><img aria-describedby=\"caption-attachment-128139\" decoding=\"async\" loading=\"lazy\" class=\"size-full wp-image-128139\" src=\"https:\/\/www.uv.mx\/prensa\/files\/2023\/03\/090323-CARLOS-Violencia-contra-la-mujer-y-derechos-humanos-1.jpg\" alt=\"\" width=\"722\" height=\"406\" srcset=\"https:\/\/www.uv.mx\/prensa\/files\/2023\/03\/090323-CARLOS-Violencia-contra-la-mujer-y-derechos-humanos-1.jpg 722w, https:\/\/www.uv.mx\/prensa\/files\/2023\/03\/090323-CARLOS-Violencia-contra-la-mujer-y-derechos-humanos-1-300x169.jpg 300w\" sizes=\"(max-width: 722px) 100vw, 722px\" \/><\/a><p id=\"caption-attachment-128139\" class=\"wp-caption-text\">El conversatorio fue organizado por el Observatorio de Pol\u00edticas P\u00fablicas con Enfoque de Derechos Humanos del IIJ<\/p><\/div>\n<p>&nbsp;<\/p>\n<p><b><i><span data-contrast=\"auto\">Carlos Hugo Hermida Rosales<\/span><\/i><\/b><span data-ccp-props=\"{}\">\u00a0<\/span><\/p>\n<p><b><i><span data-contrast=\"auto\">Fotos: Luis Fernando Fern\u00e1ndez<\/span><\/i><\/b><span data-ccp-props=\"{}\">\u00a0<\/span><\/p>\n<p><b><i><span data-contrast=\"auto\">09\/03\/2023, Xalapa, Ver.-<\/span><\/i><\/b><span data-contrast=\"auto\"> Investigadoras de la Universidad Veracruzana (UV) y juristas de institutos de mediaci\u00f3n dialogaron sobre el entorno de violencia al que se enfrenta la mujer en M\u00e9xico, en un conversatorio que se llev\u00f3 a cabo en el Auditorio \u201cH\u00e9ctor Fix Zamudio\u201d del <a href=\"https:\/\/www.uv.mx\/iij\/\" target=\"_blank\" rel=\"noopener\">Instituto de Investigaciones Jur\u00eddicas<\/a> (IIJ).<\/span><span data-ccp-props=\"{}\">\u00a0<\/span><\/p>\n<p><span data-contrast=\"auto\">El evento \u201cViolencia contra la mujer y derechos humanos\u201d se realiz\u00f3 en el marco del D\u00eda Internacional de la Mujer, y fue organizado por el Observatorio de Pol\u00edticas P\u00fablicas con Enfoque de Derechos Humanos del IIJ; la moderadora fue la catedr\u00e1tica Karina Nohem\u00ed Mart\u00ednez Meza.\u00a0<\/span><span data-ccp-props=\"{&quot;335559731&quot;:708}\">\u00a0<\/span><\/p>\n<p><span data-contrast=\"auto\">Previo al inicio, Arturo Miguel Ch\u00edpuli Castillo, director del IIJ, enfatiz\u00f3 que esta entidad acad\u00e9mica asume la perspectiva de g\u00e9nero como un proyecto transversal, a trav\u00e9s de una serie de acciones vinculadas con la promoci\u00f3n de los derechos humanos y la igualdad.\u00a0<\/span><span data-ccp-props=\"{&quot;335559731&quot;:708}\">\u00a0<\/span><\/p>\n<p><span data-contrast=\"auto\">Ana Lilia Ulloa Cu\u00e9llar, investigadora del IIJ, declar\u00f3 que en M\u00e9xico las mujeres se enfrentan a diferentes tipos de violencia, entre las que se encuentran la f\u00edsica, familiar, institucional, digital y, la m\u00e1s grave de todas, la feminicida.<\/span><span data-ccp-props=\"{&quot;335559731&quot;:708}\">\u00a0<\/span><\/p>\n<p><span data-contrast=\"auto\">Explic\u00f3 que tambi\u00e9n existe una violencia simb\u00f3lica que est\u00e1 arraigada en costumbres, tradiciones, mitos, pero sobre todo en relaciones basadas en el dominio y la sumisi\u00f3n, producto de un mundo patriarcal.\u00a0<\/span><span data-ccp-props=\"{&quot;335559731&quot;:708}\">\u00a0<\/span><\/p>\n<p><span data-contrast=\"auto\">La narrativa feminista ha insistido una y otra vez en que la violencia simb\u00f3lica es percibida como algo natural, por lo que extirparla cuesta mucho trabajo.<\/span><span data-ccp-props=\"{&quot;335559731&quot;:708}\">\u00a0<\/span><\/p>\n<p><span data-contrast=\"auto\">Mireya Toto Guti\u00e9rrez, de la misma entidad acad\u00e9mica, asegur\u00f3 que la violencia contra las mujeres recorre todo el territorio mexicano, aunque se agudiza principalmente en los estados del sur, donde existen m\u00e1s casos de agresiones y acoso.\u00a0<\/span><span data-ccp-props=\"{&quot;335559731&quot;:708}\">\u00a0<\/span><\/p>\n<p><span data-contrast=\"auto\">Puntualiz\u00f3 que es necesario analizar esta situaci\u00f3n en el contexto de declive de la democracia que se vive en el pa\u00eds, que trae consigo un deterioro de los derechos femeninos.\u00a0<\/span><span data-ccp-props=\"{&quot;335559731&quot;:708}\">\u00a0<\/span><\/p>\n<p>&nbsp;<\/p>\n<div id=\"attachment_128140\" style=\"width: 732px\" class=\"wp-caption aligncenter\"><a href=\"https:\/\/www.uv.mx\/prensa\/files\/2023\/03\/090323-CARLOS-Violencia-contra-la-mujer-y-derechos-humanos-2.jpg\"><img aria-describedby=\"caption-attachment-128140\" decoding=\"async\" loading=\"lazy\" class=\"size-full wp-image-128140\" src=\"https:\/\/www.uv.mx\/prensa\/files\/2023\/03\/090323-CARLOS-Violencia-contra-la-mujer-y-derechos-humanos-2.jpg\" alt=\"\" width=\"722\" height=\"406\" srcset=\"https:\/\/www.uv.mx\/prensa\/files\/2023\/03\/090323-CARLOS-Violencia-contra-la-mujer-y-derechos-humanos-2.jpg 722w, https:\/\/www.uv.mx\/prensa\/files\/2023\/03\/090323-CARLOS-Violencia-contra-la-mujer-y-derechos-humanos-2-300x169.jpg 300w\" sizes=\"(max-width: 722px) 100vw, 722px\" \/><\/a><p id=\"caption-attachment-128140\" class=\"wp-caption-text\">Las panelistas describieron los diversos tipos de violencia que existen<\/p><\/div>\n<p>&nbsp;<\/p>\n<p><span data-contrast=\"auto\">\u201cTodo lo que tiene que ver con la protecci\u00f3n de los ciudadanos pasa por la vigencia del Estado de derecho, requisito fundamental para que funcione la democracia\u201d, manifest\u00f3.\u00a0<\/span><span data-ccp-props=\"{&quot;335559731&quot;:708}\">\u00a0<\/span><\/p>\n<p><span data-contrast=\"auto\">Yolanda Olivares P\u00e9rez, presidenta del Instituto de Mediaci\u00f3n y Cultura de Paz, S.C., enunci\u00f3 que la violencia contra las mujeres constituye una violaci\u00f3n de los derechos humanos y las libertades fundamentales, y representa una ofensa a la dignidad humana y una manifestaci\u00f3n de las relaciones de poder hist\u00f3ricamente desiguales con los hombres.<\/span><span data-ccp-props=\"{&quot;335559731&quot;:708}\">\u00a0<\/span><\/p>\n<p><span data-contrast=\"auto\">Este entorno violento afecta su bienestar e impide su plena participaci\u00f3n en la sociedad, lo que trae consecuencias negativas para sus familias, comunidades y el pa\u00eds.<\/span><span data-ccp-props=\"{&quot;335559731&quot;:708}\">\u00a0<\/span><\/p>\n<p><span data-contrast=\"auto\">Ante ello, es indispensable realizar campa\u00f1as de difusi\u00f3n que identifiquen los delitos de violencia de g\u00e9nero, y las instancias en las que pueden denunciarlos.<\/span><span data-ccp-props=\"{&quot;335559731&quot;:708}\">\u00a0<\/span><\/p>\n<p><span data-contrast=\"auto\">Finalmente, Emma Tatiana Mariani Sent\u00edes, titular del Centro Mexicano de Mediaci\u00f3n, Arbitraje y Soluci\u00f3n de Controversias, mencion\u00f3 que es necesario exigir la implementaci\u00f3n de pol\u00edticas p\u00fablicas con perspectiva de g\u00e9nero encaminadas al libre desarrollo de la personalidad y a los derechos humanos.<\/span><span data-ccp-props=\"{&quot;335559731&quot;:708}\">\u00a0<\/span><\/p>\n<p><span data-contrast=\"auto\">\u201cAdem\u00e1s, es indispensable garantizar que ni\u00f1as, ni\u00f1os y adolescentes tengan acceso a una educaci\u00f3n exenta de violencia de g\u00e9nero\u201d, a\u00f1adi\u00f3.<\/span><span data-ccp-props=\"{&quot;335559731&quot;:708}\">\u00a0<\/span><\/p>\n","protected":false},"excerpt":{"rendered":"<p>En M\u00e9xico, las mujeres se enfrentan a diferentes tipos de \u00e9sta, entre las que se encuentran la f\u00edsica, familiar, institucional, digital y, la m\u00e1s grave de todas, la feminicida <\/p>\n","protected":false},"author":1809,"featured_media":128144,"comment_status":"closed","ping_status":"closed","sticky":false,"template":"","format":"standard","meta":[],"categories":[6301,47,1,61],"tags":[4161,447,1723,10592,10591,9021,10593,7265,2505,5134],"_links":{"self":[{"href":"https:\/\/www.uv.mx\/prensa\/wp-json\/wp\/v2\/posts\/128143"}],"collection":[{"href":"https:\/\/www.uv.mx\/prensa\/wp-json\/wp\/v2\/posts"}],"about":[{"href":"https:\/\/www.uv.mx\/prensa\/wp-json\/wp\/v2\/types\/post"}],"author":[{"embeddable":true,"href":"https:\/\/www.uv.mx\/prensa\/wp-json\/wp\/v2\/users\/1809"}],"replies":[{"embeddable":true,"href":"https:\/\/www.uv.mx\/prensa\/wp-json\/wp\/v2\/comments?post=128143"}],"version-history":[{"count":1,"href":"https:\/\/www.uv.mx\/prensa\/wp-json\/wp\/v2\/posts\/128143\/revisions"}],"predecessor-version":[{"id":128185,"href":"https:\/\/www.uv.mx\/prensa\/wp-json\/wp\/v2\/posts\/128143\/revisions\/128185"}],"wp:featuredmedia":[{"embeddable":true,"href":"https:\/\/www.uv.mx\/prensa\/wp-json\/wp\/v2\/media\/128144"}],"wp:attachment":[{"href":"https:\/\/www.uv.mx\/prensa\/wp-json\/wp\/v2\/media?parent=128143"}],"wp:term":[{"taxonomy":"category","embeddable":true,"href":"https:\/\/www.uv.mx\/prensa\/wp-json\/wp\/v2\/categories?post=128143"},{"taxonomy":"post_tag","embeddable":true,"href":"https:\/\/www.uv.mx\/prensa\/wp-json\/wp\/v2\/tags?post=128143"}],"curies":[{"name":"wp","href":"https:\/\/api.w.org\/{rel}","templated":true}]}}