{"id":128506,"date":"2023-03-21T14:50:09","date_gmt":"2023-03-21T20:50:09","guid":{"rendered":"https:\/\/www.uv.mx\/prensa\/?p=128506"},"modified":"2023-03-23T12:27:31","modified_gmt":"2023-03-23T18:27:31","slug":"la-mirada-es-una-estrategia-de-supervivencia","status":"publish","type":"post","link":"https:\/\/www.uv.mx\/prensa\/general\/la-mirada-es-una-estrategia-de-supervivencia\/","title":{"rendered":"La mirada es una estrategia de supervivencia"},"content":{"rendered":"<ul class=\"ul1\">\n<li class=\"li1\"><i>Expertos de la UV abordaron la tem\u00e1tica desde dos visiones complementarias: la art\u00edstica-actoral y la biol\u00f3gica<\/i><\/li>\n<li class=\"li1\"><i>A pesar de la diversidad, somos m\u00e1s semejantes que diferentes y una parte de nuestro comportamiento se da a partir de la adaptaci\u00f3n, plantearon<\/i><\/li>\n<\/ul>\n<p>&nbsp;<\/p>\n<div id=\"attachment_128507\" style=\"width: 732px\" class=\"wp-caption aligncenter\"><img aria-describedby=\"caption-attachment-128507\" decoding=\"async\" loading=\"lazy\" class=\"size-full wp-image-128507\" src=\"https:\/\/www.uv.mx\/prensa\/files\/2023\/03\/170323-MIRAR-AL-PROJIMO-1-100k.jpg\" alt=\"Jorge Su\u00e1rez Medell\u00edn, del Instituto de Investigaciones Cerebrales de la UV\" width=\"722\" height=\"481\" srcset=\"https:\/\/www.uv.mx\/prensa\/files\/2023\/03\/170323-MIRAR-AL-PROJIMO-1-100k.jpg 722w, https:\/\/www.uv.mx\/prensa\/files\/2023\/03\/170323-MIRAR-AL-PROJIMO-1-100k-300x200.jpg 300w\" sizes=\"(max-width: 722px) 100vw, 722px\" \/><p id=\"caption-attachment-128507\" class=\"wp-caption-text\">Jorge Su\u00e1rez Medell\u00edn, del Instituto de Investigaciones Cerebrales de la UV<\/p><\/div>\n<p>&nbsp;<\/p>\n<p class=\"p1\"><b><i>Claudia Peralta V\u00e1zquez<\/i><\/b><\/p>\n<p class=\"p1\"><b><i>Fotos: Luis Fernando Fern\u00e1ndez Carrillo<\/i><\/b><\/p>\n<p class=\"p1\"><b><i>21\/03\/2023, Xalapa, Ver.- <\/i><\/b>Desde una visi\u00f3n completamente distinta, Jorge Su\u00e1rez Medell\u00edn y Adriana Duch Carvallo, bi\u00f3logo y actriz de la Universidad Veracruzana (UV), respectivamente, reflexionaron en torno al tema \u201cMirar al pr\u00f3jimo como estrategia de supervivencia\u201d.<\/p>\n<p class=\"p3\">En el \u00faltimo d\u00eda de actividades de la 16\u00aa Semana Mundial del Cerebro, celebrada en la Casa del Lago UV, los acad\u00e9micos del <a href=\"https:\/\/www.uv.mx\/iice\/\" target=\"_blank\" rel=\"noopener\">Instituto de Investigaciones Cerebrales<\/a> y de la Facultad de Teatro dieron su punto de vista frente a estudiantes de las Facultades de Medicina, Pedagog\u00eda y Artes, as\u00ed como de Psicolog\u00eda, regi\u00f3n Veracruz.<\/p>\n<p class=\"p1\">Al exponer la importancia de lo que implica mirarse entre unos y otros, Jorge Su\u00e1rez habl\u00f3 sobre el comportamiento humano y las diferencias existentes con pares de otras culturas, incluso con los animales.<\/p>\n<p class=\"p3\">\u201cHabr\u00eda muchas cosas que preguntar y que podr\u00edan explicar nuestro comportamiento, pero en realidad es m\u00e1s lo que tenemos en com\u00fan que lo que nos hace diferentes.\u201d<\/p>\n<p class=\"p3\">A pesar de la diversidad cultural en el mundo, somos m\u00e1s semejantes que diferentes, y una parte de nuestro comportamiento se da a partir de los procesos de adaptaci\u00f3n, se\u00f1al\u00f3 el investigador y docente de licenciatura y posgrado.<\/p>\n<p class=\"p3\">Dijo que observarse entre unos y otros es parte del comportamiento y conducta humana, y agreg\u00f3: \u201cTiene que ver con observarnos, mirarnos unos a otros, imitarnos, generar cierta empat\u00eda o antipat\u00eda\u201d.<\/p>\n<p class=\"p3\">Con esta pr\u00e1ctica tambi\u00e9n se puede llegar a asumir e intuir el pensamiento del pr\u00f3jimo, sus deseos e intereses, que pueden o no coincidir con los nuestros.<\/p>\n<p class=\"p3\">Dicha acci\u00f3n constante refleja que as\u00ed como otros seres vivos se encuentran adaptados a su medio, los humanos tambi\u00e9n lo estamos, de lo contrario morir\u00edamos.<\/p>\n<div id=\"attachment_128508\" style=\"width: 732px\" class=\"wp-caption aligncenter\"><img aria-describedby=\"caption-attachment-128508\" decoding=\"async\" loading=\"lazy\" class=\"size-full wp-image-128508\" src=\"https:\/\/www.uv.mx\/prensa\/files\/2023\/03\/170323-MIRAR-AL-PROJIMO-2-100k.jpg\" alt=\"Adriana Duch Carvallo, acad\u00e9mica de la Facultad de Teatro UV\" width=\"722\" height=\"481\" srcset=\"https:\/\/www.uv.mx\/prensa\/files\/2023\/03\/170323-MIRAR-AL-PROJIMO-2-100k.jpg 722w, https:\/\/www.uv.mx\/prensa\/files\/2023\/03\/170323-MIRAR-AL-PROJIMO-2-100k-300x200.jpg 300w\" sizes=\"(max-width: 722px) 100vw, 722px\" \/><p id=\"caption-attachment-128508\" class=\"wp-caption-text\">Adriana Duch Carvallo, acad\u00e9mica de la Facultad de Teatro UV<\/p><\/div>\n<p>&nbsp;<\/p>\n<p class=\"p3\">Su\u00e1rez Medell\u00edn habl\u00f3 sobre adaptaci\u00f3n morfol\u00f3gica y fisiol\u00f3gica, e hizo alusi\u00f3n a ciertos comportamientos y conductas \u2013tanto animales como humanas\u2013 relacionadas con su modo de vida, pero que son parte de la adaptaci\u00f3n biol\u00f3gica, producto de un proceso llamado selecci\u00f3n natural.<\/p>\n<p class=\"p3\">Puso como ejemplo la conducta migratoria de las aves de una regi\u00f3n a otra, en un momento determinado, lo cual les permite sobrevivir; o bien, el ataque de una especie a otra, con la misma finalidad.<\/p>\n<p class=\"p3\">\u201cEstas conductas complicadas que a veces son dif\u00edciles de entender, son parte de la adaptaci\u00f3n biol\u00f3gica.\u201d<\/p>\n<p class=\"p3\">En el caso de los seres humanos, el cerebro tambi\u00e9n es bueno para predecir cosas, y tiene que ver con su capacidad de supervivencia, pues se ha adaptado para saber lo que pasa en el medio ambiente.<\/p>\n<p class=\"p3\">\u201cSon predicciones e inferencias que se hacen y son importantes, si nosotros como especie no hubi\u00e9ramos tenido esa capacidad, no estar\u00edamos aqu\u00ed.\u201d<\/p>\n<p class=\"p3\">A\u00f1adi\u00f3 que el entorno est\u00e1 formado por personas, y es muy dif\u00edcil predecir el actuar de cada una. Por tanto, hacerlo es fundamental para la sobrevivencia.<\/p>\n<p class=\"p1\"><b> <\/b>En su oportunidad,<b> <\/b>Adriana Duch comparti\u00f3 con los asistentes al foro su labor actoral y el empleo de m\u00e1scaras para comunicarse con el p\u00fablico local, nacional e internacional, ante el cual se ha presentado a lo largo de su trayectoria art\u00edstica.<\/p>\n<div id=\"attachment_128509\" style=\"width: 732px\" class=\"wp-caption aligncenter\"><img aria-describedby=\"caption-attachment-128509\" decoding=\"async\" loading=\"lazy\" class=\"size-full wp-image-128509\" src=\"https:\/\/www.uv.mx\/prensa\/files\/2023\/03\/170323-MIRAR-AL-PROJIMO-3-100k.jpg\" alt=\"Estudiantes de varias facultades en a la conferencia \u201cMirar al pr\u00f3jimo como estrategia de supervivencia\u201d\" width=\"722\" height=\"481\" srcset=\"https:\/\/www.uv.mx\/prensa\/files\/2023\/03\/170323-MIRAR-AL-PROJIMO-3-100k.jpg 722w, https:\/\/www.uv.mx\/prensa\/files\/2023\/03\/170323-MIRAR-AL-PROJIMO-3-100k-300x200.jpg 300w\" sizes=\"(max-width: 722px) 100vw, 722px\" \/><p id=\"caption-attachment-128509\" class=\"wp-caption-text\">Estudiantes de varias facultades en a la conferencia \u201cMirar al pr\u00f3jimo como estrategia de supervivencia\u201d<\/p><\/div>\n<p>&nbsp;<\/p>\n<p class=\"p1\">A trav\u00e9s de su pl\u00e1tica titulada \u201cMirar al pr\u00f3jimo como estrategia de supervivencia en el escenario a partir de la m\u00e1scara teatral\u201d, tambi\u00e9n coment\u00f3 que como egresada y acad\u00e9mica de la Facultad de Teatro se ha dedicado a la investigaci\u00f3n esc\u00e9nica en torno a la m\u00e1scara teatral.<\/p>\n<p class=\"p3\">Es por eso que su trabajo lo combina con la gesti\u00f3n, producci\u00f3n y promoci\u00f3n de los proyectos y espect\u00e1culos en los que participa.<\/p>\n<p class=\"p1\">Mostr\u00f3 a los j\u00f3venes universitarios uno de los personajes que ha interpretado desde la edad de 20 a\u00f1os, llamado Juan, cuya mirada \u2013a trav\u00e9s de la m\u00e1scara\u2013 \u201ces muy particular y atractiva, tal y como deben ser todas\u201d.<\/p>\n<p class=\"p1\">Expres\u00f3 que la m\u00e1scara proyecta la energ\u00eda de la persona que la porta. Por ello, la mirada como estrategia de supervivencia en el escenario est\u00e1 ligada a la habilidad actoral para darle vida y personalidad al personaje, y proyectarlo al p\u00fablico. De lo contrario, \u00e9ste no habr\u00e1 cumplido su funci\u00f3n.<\/p>\n<p class=\"p1\">La actriz, quien se ha presentado en pa\u00edses como Cuba, Colombia, Venezuela, Estados Unidos, Francia, Escocia, Zimbabue, Inglaterra y Taiw\u00e1n, platic\u00f3 de varios proyectos en los que la historia del personaje que usa la m\u00e1scara se construye a partir del contacto que se tiene con el p\u00fablico.<\/p>\n<p class=\"p3\">Por ello, ha impartido innumerables talleres de m\u00e1scara y lenguajes relacionados con \u00e9sta en universidades, escuelas y grupos de teatro dentro y fuera del pa\u00eds.<\/p>\n","protected":false},"excerpt":{"rendered":"<p>En la 16\u00aa Semana Mundial del Cerebro, Jorge Su\u00e1rez Medell\u00edn y Adriana Duch Carvallo, bi\u00f3logo y actriz, respectivamente, abordaron la tem\u00e1tica desde su perspectiva y visi\u00f3n<\/p>\n","protected":false},"author":1775,"featured_media":128510,"comment_status":"closed","ping_status":"closed","sticky":false,"template":"","format":"standard","meta":[],"categories":[45,47,1,61],"tags":[4348,6244,733,132,4163,4361,872,637,953,184,1713,10732,6249,2642,1715],"_links":{"self":[{"href":"https:\/\/www.uv.mx\/prensa\/wp-json\/wp\/v2\/posts\/128506"}],"collection":[{"href":"https:\/\/www.uv.mx\/prensa\/wp-json\/wp\/v2\/posts"}],"about":[{"href":"https:\/\/www.uv.mx\/prensa\/wp-json\/wp\/v2\/types\/post"}],"author":[{"embeddable":true,"href":"https:\/\/www.uv.mx\/prensa\/wp-json\/wp\/v2\/users\/1775"}],"replies":[{"embeddable":true,"href":"https:\/\/www.uv.mx\/prensa\/wp-json\/wp\/v2\/comments?post=128506"}],"version-history":[{"count":1,"href":"https:\/\/www.uv.mx\/prensa\/wp-json\/wp\/v2\/posts\/128506\/revisions"}],"predecessor-version":[{"id":128603,"href":"https:\/\/www.uv.mx\/prensa\/wp-json\/wp\/v2\/posts\/128506\/revisions\/128603"}],"wp:featuredmedia":[{"embeddable":true,"href":"https:\/\/www.uv.mx\/prensa\/wp-json\/wp\/v2\/media\/128510"}],"wp:attachment":[{"href":"https:\/\/www.uv.mx\/prensa\/wp-json\/wp\/v2\/media?parent=128506"}],"wp:term":[{"taxonomy":"category","embeddable":true,"href":"https:\/\/www.uv.mx\/prensa\/wp-json\/wp\/v2\/categories?post=128506"},{"taxonomy":"post_tag","embeddable":true,"href":"https:\/\/www.uv.mx\/prensa\/wp-json\/wp\/v2\/tags?post=128506"}],"curies":[{"name":"wp","href":"https:\/\/api.w.org\/{rel}","templated":true}]}}