{"id":128545,"date":"2023-03-22T14:24:35","date_gmt":"2023-03-22T20:24:35","guid":{"rendered":"https:\/\/www.uv.mx\/prensa\/?p=128545"},"modified":"2023-03-23T12:36:26","modified_gmt":"2023-03-23T18:36:26","slug":"grafica-hecha-por-mujeres-debe-reconocerse-artistas","status":"publish","type":"post","link":"https:\/\/www.uv.mx\/prensa\/cultura\/grafica-hecha-por-mujeres-debe-reconocerse-artistas\/","title":{"rendered":"Gr\u00e1fica hecha por mujeres debe reconocerse: artistas"},"content":{"rendered":"<ul style=\"font-weight: 400\">\n<li data-leveltext=\"\uf0b7\" data-font=\"Symbol\" data-listid=\"1\" data-list-defn-props=\"{&quot;335552541&quot;:1,&quot;335559684&quot;:-2,&quot;335559685&quot;:720,&quot;335559991&quot;:360,&quot;469769226&quot;:&quot;Symbol&quot;,&quot;469769242&quot;:[8226],&quot;469777803&quot;:&quot;left&quot;,&quot;469777804&quot;:&quot;\uf0b7&quot;,&quot;469777815&quot;:&quot;hybridMultilevel&quot;}\" data-aria-posinset=\"1\" data-aria-level=\"1\"><i><span data-contrast=\"auto\">La Galer\u00eda \u201cRam\u00f3n Alva de la Canal\u201d fue sede del conversatorio \u201cMujeres y feminismos en la gr\u00e1fica mexicana\u201d<\/span><\/i><span data-ccp-props=\"{&quot;201341983&quot;:0,&quot;335559739&quot;:0,&quot;335559740&quot;:240}\">\u00a0<\/span><\/li>\n<li data-leveltext=\"\uf0b7\" data-font=\"Symbol\" data-listid=\"1\" data-list-defn-props=\"{&quot;335552541&quot;:1,&quot;335559684&quot;:-2,&quot;335559685&quot;:720,&quot;335559991&quot;:360,&quot;469769226&quot;:&quot;Symbol&quot;,&quot;469769242&quot;:[8226],&quot;469777803&quot;:&quot;left&quot;,&quot;469777804&quot;:&quot;\uf0b7&quot;,&quot;469777815&quot;:&quot;hybridMultilevel&quot;}\" data-aria-posinset=\"2\" data-aria-level=\"1\"><i><span data-contrast=\"auto\">\u201cHagamos grupo, trabajemos y seamos parte del crecimiento de la gr\u00e1fica\u201d, expres\u00f3 Nunik Sauret<\/span><\/i><span data-ccp-props=\"{&quot;201341983&quot;:0,&quot;335559739&quot;:0,&quot;335559740&quot;:240}\">\u00a0<\/span><\/li>\n<\/ul>\n<div id=\"attachment_128531\" style=\"width: 732px\" class=\"wp-caption aligncenter\"><img aria-describedby=\"caption-attachment-128531\" decoding=\"async\" loading=\"lazy\" class=\"size-full wp-image-128531\" src=\"https:\/\/www.uv.mx\/prensa\/files\/2023\/03\/220323-PAOLA-Conversatorio-y-exposicion-1.jpg\" alt=\"\" width=\"722\" height=\"445\" srcset=\"https:\/\/www.uv.mx\/prensa\/files\/2023\/03\/220323-PAOLA-Conversatorio-y-exposicion-1.jpg 722w, https:\/\/www.uv.mx\/prensa\/files\/2023\/03\/220323-PAOLA-Conversatorio-y-exposicion-1-300x185.jpg 300w\" sizes=\"(max-width: 722px) 100vw, 722px\" \/><p id=\"caption-attachment-128531\" class=\"wp-caption-text\">En conversatorio, artistas reflexionaron sobre la mujer, el feminismo y la gr\u00e1fica mexicana<\/p><\/div>\n<p><b><i><span data-contrast=\"auto\">Paola Cort\u00e9s P\u00e9rez<\/span><\/i><\/b><span data-ccp-props=\"{&quot;201341983&quot;:0,&quot;335559739&quot;:0,&quot;335559740&quot;:240}\">\u00a0<\/span><\/p>\n<p><b><i><span data-contrast=\"auto\">Fotos: Omar Portilla Palacios<\/span><\/i><\/b><span data-ccp-props=\"{&quot;201341983&quot;:0,&quot;335559739&quot;:0,&quot;335559740&quot;:240}\">\u00a0<\/span><\/p>\n<p><b><i><span data-contrast=\"auto\">22\/03\/2023, Xalapa, Ver.-<\/span><\/i><\/b><span data-contrast=\"auto\"> En la gr\u00e1fica y el grabado no debe existir la divisi\u00f3n de g\u00e9nero, por el contrario, es necesario construir comunidad para crear y ganar m\u00e1s espacios que permitan visibilizar los trabajos de todos, coincidieron las artistas participantes en el conversatorio \u201cMujeres y feminismos en la gr\u00e1fica mexicana\u201d.<\/span><span data-ccp-props=\"{&quot;201341983&quot;:0,&quot;335559739&quot;:0,&quot;335559740&quot;:240,&quot;469777462&quot;:[4252],&quot;469777927&quot;:[0],&quot;469777928&quot;:[3]}\">\u00a0<\/span><\/p>\n<p><span data-contrast=\"auto\">El di\u00e1logo se realiz\u00f3 en la Galer\u00eda \u201cRam\u00f3n Alva de la Canal\u201d (RAC) de la Universidad Veracruzana (UV), en el marco del II Encuentro Internacional de Estampa de Am\u00e9rica Latina y el Caribe, organizado por el Taller de Grabado de la <a href=\"https:\/\/www.uv.mx\/artesplasticas\/\" target=\"_blank\" rel=\"noopener\">Facultad de Artes Pl\u00e1sticas<\/a> (FAP) de la UV y el Departamento de Arte de la Universidad Iberoamericana.<\/span><span data-ccp-props=\"{&quot;201341983&quot;:0,&quot;335559731&quot;:567,&quot;335559739&quot;:0,&quot;335559740&quot;:240,&quot;469777462&quot;:[567],&quot;469777927&quot;:[0],&quot;469777928&quot;:[3]}\">\u00a0<\/span><\/p>\n<p><span data-contrast=\"auto\">Participaron la grabadora Nunik Sauret; la artista pl\u00e1stica Pilar Bordes; Roxana C\u00e1mara V\u00e1zquez, docente de la FAP, y la artista visual Marisol Rojas; bajo la moderaci\u00f3n de Eva Jim\u00e9nez.<\/span><\/p>\n<div id=\"attachment_128549\" style=\"width: 732px\" class=\"wp-caption aligncenter\"><img aria-describedby=\"caption-attachment-128549\" decoding=\"async\" loading=\"lazy\" class=\"size-full wp-image-128549\" src=\"https:\/\/www.uv.mx\/prensa\/files\/2023\/03\/220323-PAOLA-Conversatorio-y-exposicion-2.jpg\" alt=\"\" width=\"722\" height=\"359\" srcset=\"https:\/\/www.uv.mx\/prensa\/files\/2023\/03\/220323-PAOLA-Conversatorio-y-exposicion-2.jpg 722w, https:\/\/www.uv.mx\/prensa\/files\/2023\/03\/220323-PAOLA-Conversatorio-y-exposicion-2-300x149.jpg 300w\" sizes=\"(max-width: 722px) 100vw, 722px\" \/><p id=\"caption-attachment-128549\" class=\"wp-caption-text\">Participaron Roxana C\u00e1mara, Marisol Rojas, Pilar Bordes y Nunik Sauret, moderadas por Eva Jim\u00e9nez<\/p><\/div>\n<p><span data-contrast=\"auto\">Nunik Sauret subray\u00f3 que dentro la comunidad art\u00edstica no debe existir la divisi\u00f3n de g\u00e9nero, todos son artistas y grabadores; por supuesto, las mujeres deben ser incluidas.<\/span><span data-ccp-props=\"{&quot;201341983&quot;:0,&quot;335559731&quot;:567,&quot;335559739&quot;:0,&quot;335559740&quot;:240,&quot;469777462&quot;:[567],&quot;469777927&quot;:[0],&quot;469777928&quot;:[3]}\">\u00a0<\/span><\/p>\n<p><span data-contrast=\"auto\">\u201cNo es que estemos en contra de los hombres, no estamos en competencia, s\u00f3lo queremos ser incluidas, somos parte del gremio. Hagamos grupo, trabajemos y seamos parte del crecimiento de la gr\u00e1fica.\u201d<\/span><span data-ccp-props=\"{&quot;201341983&quot;:0,&quot;335559731&quot;:567,&quot;335559739&quot;:0,&quot;335559740&quot;:240,&quot;469777462&quot;:[567],&quot;469777927&quot;:[0],&quot;469777928&quot;:[3]}\">\u00a0<\/span><\/p>\n<p><span data-contrast=\"auto\">El trabajo hecho por las artistas debe reconocerse para que el camino sea m\u00e1s f\u00e1cil para las nuevas generaciones de mujeres, que se atrevan y experimenten, coment\u00f3 Roxana C\u00e1mara.<\/span><span data-ccp-props=\"{&quot;201341983&quot;:0,&quot;335559731&quot;:567,&quot;335559739&quot;:0,&quot;335559740&quot;:240,&quot;469777462&quot;:[567],&quot;469777927&quot;:[0],&quot;469777928&quot;:[3]}\">\u00a0<\/span><\/p>\n<p><span data-contrast=\"auto\">\u201cLa gr\u00e1fica genera comunidad, las comunidades crean nuevos proyectos y espacios que deben ser visibilizados.\u201d<\/span><span data-ccp-props=\"{&quot;201341983&quot;:0,&quot;335559731&quot;:567,&quot;335559739&quot;:0,&quot;335559740&quot;:240,&quot;469777462&quot;:[567],&quot;469777927&quot;:[0],&quot;469777928&quot;:[3]}\">\u00a0<\/span><\/p>\n<p><span data-contrast=\"auto\">Pilar Bordes dijo que fue dif\u00edcil trabajar en un campo donde la mayor\u00eda eran varones, especialmente cuando a nivel nacional destacaban cuatro talleres de edici\u00f3n, uno encabezado por ella en Guadalajara.<\/span><span data-ccp-props=\"{&quot;201341983&quot;:0,&quot;335559731&quot;:567,&quot;335559739&quot;:0,&quot;335559740&quot;:240,&quot;469777462&quot;:[567],&quot;469777927&quot;:[0],&quot;469777928&quot;:[3]}\">\u00a0<\/span><\/p>\n<div class=\"mceTemp\"><\/div>\n<p>&nbsp;<\/p>\n<div id=\"attachment_128560\" style=\"width: 732px\" class=\"wp-caption aligncenter\"><img aria-describedby=\"caption-attachment-128560\" decoding=\"async\" loading=\"lazy\" class=\"size-full wp-image-128560\" src=\"https:\/\/www.uv.mx\/prensa\/files\/2023\/03\/210323-PAOLA-Conversatorio-y-exposicion-3-222.jpg\" alt=\"\" width=\"722\" height=\"437\" srcset=\"https:\/\/www.uv.mx\/prensa\/files\/2023\/03\/210323-PAOLA-Conversatorio-y-exposicion-3-222.jpg 722w, https:\/\/www.uv.mx\/prensa\/files\/2023\/03\/210323-PAOLA-Conversatorio-y-exposicion-3-222-300x182.jpg 300w\" sizes=\"(max-width: 722px) 100vw, 722px\" \/><p id=\"caption-attachment-128560\" class=\"wp-caption-text\">Las actividades del encuentro concluyeron con la exposici\u00f3n <em>La contemplaci\u00f3n silente<\/em>, de Nunik Sauret<\/p><\/div>\n<p>&nbsp;<\/p>\n<p><span data-contrast=\"auto\">Mencion\u00f3 que la gr\u00e1fica tiene un poder impresionante, se trata de una imagen inmediata que comunica y transmite, de ah\u00ed que haya sido una herramienta \u00fatil para las luchas sociales.<\/span><span data-ccp-props=\"{&quot;201341983&quot;:0,&quot;335559731&quot;:567,&quot;335559739&quot;:0,&quot;335559740&quot;:240,&quot;469777462&quot;:[567],&quot;469777927&quot;:[0],&quot;469777928&quot;:[3]}\">\u00a0<\/span><\/p>\n<p><span data-contrast=\"auto\">\u201cEn el arte, la autocr\u00edtica y el ojo adiestrado son\u00a0muy importantes para no caer en complacencias y mantener un verdadero rigor, para que con esa misma fuerza lo promuevas.\u201d<\/span><span data-ccp-props=\"{&quot;201341983&quot;:0,&quot;335559731&quot;:567,&quot;335559739&quot;:0,&quot;335559740&quot;:240,&quot;469777462&quot;:[567],&quot;469777927&quot;:[0],&quot;469777928&quot;:[3]}\">\u00a0<\/span><\/p>\n<p><span data-contrast=\"auto\">Marisol Rojas expres\u00f3 estar contenta porque las actuales generaciones se unen y construyen puentes para ir m\u00e1s all\u00e1 y ganar m\u00e1s espacios, pues a\u00fan falta mucho por hacer en el \u00e1rea art\u00edstica.<\/span><span data-ccp-props=\"{&quot;201341983&quot;:0,&quot;335559731&quot;:567,&quot;335559739&quot;:0,&quot;335559740&quot;:240,&quot;469777462&quot;:[567],&quot;469777927&quot;:[0],&quot;469777928&quot;:[3]}\">\u00a0<\/span><\/p>\n<p><span data-contrast=\"auto\">\u201cEst\u00e1 bien que estemos en la gr\u00e1fica, pero debemos crear comunidad para ganar m\u00e1s espacios expositivos y tener igual de oportunidades que nuestros compa\u00f1eros, para que las personas conozcan m\u00e1s a las mujeres artistas.\u201d<\/span><span data-ccp-props=\"{&quot;201341983&quot;:0,&quot;335559731&quot;:567,&quot;335559739&quot;:0,&quot;335559740&quot;:240,&quot;469777462&quot;:[567],&quot;469777927&quot;:[0],&quot;469777928&quot;:[3]}\">\u00a0<\/span><\/p>\n<p><span data-contrast=\"auto\">El encuentro concluy\u00f3 con una visita guiada por la exposici\u00f3n <\/span><i><span data-contrast=\"auto\">La contemplaci\u00f3n silente<\/span><\/i><span data-contrast=\"auto\"> de Nunik Sauret; sobre ella escribi\u00f3 Santiago P\u00e9rez Garci, coordinador de la RAC: \u201cEs la revelaci\u00f3n de un proceso vuelto sistema, en el que se hibridan referentes est\u00e9ticos de la estampa japonesa, las instituciones t\u00e9cnicas del grabado y la litograf\u00eda occidentales y aquellas alternativas enfocadas al desarrollo de una pr\u00e1ctica art\u00edstica sustentable.<\/span><\/p>\n<div id=\"attachment_128561\" style=\"width: 732px\" class=\"wp-caption aligncenter\"><img aria-describedby=\"caption-attachment-128561\" decoding=\"async\" loading=\"lazy\" class=\"size-full wp-image-128561\" src=\"https:\/\/www.uv.mx\/prensa\/files\/2023\/03\/210323-PAOLA-Conversatorio-y-exposicion-4-222.jpg\" alt=\"\" width=\"722\" height=\"458\" srcset=\"https:\/\/www.uv.mx\/prensa\/files\/2023\/03\/210323-PAOLA-Conversatorio-y-exposicion-4-222.jpg 722w, https:\/\/www.uv.mx\/prensa\/files\/2023\/03\/210323-PAOLA-Conversatorio-y-exposicion-4-222-300x190.jpg 300w\" sizes=\"(max-width: 722px) 100vw, 722px\" \/><p id=\"caption-attachment-128561\" class=\"wp-caption-text\">Nunik Sauret exhibe un amplio repertorio gr\u00e1fico en fibras vegetales, yesos o sedas<\/p><\/div>\n<p>&nbsp;<\/p>\n","protected":false},"excerpt":{"rendered":"<p>Al participar en un conversatorio coincidieron en la importancia de sumar esfuerzos y ganar m\u00e1s espacios expositivos <\/p>\n","protected":false},"author":1810,"featured_media":128590,"comment_status":"closed","ping_status":"closed","sticky":false,"template":"","format":"standard","meta":[],"categories":[11,47,8445,61],"tags":[10746,10745,1476,6638,10705,8355,9336,4572,9428,4164,10681],"_links":{"self":[{"href":"https:\/\/www.uv.mx\/prensa\/wp-json\/wp\/v2\/posts\/128545"}],"collection":[{"href":"https:\/\/www.uv.mx\/prensa\/wp-json\/wp\/v2\/posts"}],"about":[{"href":"https:\/\/www.uv.mx\/prensa\/wp-json\/wp\/v2\/types\/post"}],"author":[{"embeddable":true,"href":"https:\/\/www.uv.mx\/prensa\/wp-json\/wp\/v2\/users\/1810"}],"replies":[{"embeddable":true,"href":"https:\/\/www.uv.mx\/prensa\/wp-json\/wp\/v2\/comments?post=128545"}],"version-history":[{"count":1,"href":"https:\/\/www.uv.mx\/prensa\/wp-json\/wp\/v2\/posts\/128545\/revisions"}],"predecessor-version":[{"id":128608,"href":"https:\/\/www.uv.mx\/prensa\/wp-json\/wp\/v2\/posts\/128545\/revisions\/128608"}],"wp:featuredmedia":[{"embeddable":true,"href":"https:\/\/www.uv.mx\/prensa\/wp-json\/wp\/v2\/media\/128590"}],"wp:attachment":[{"href":"https:\/\/www.uv.mx\/prensa\/wp-json\/wp\/v2\/media?parent=128545"}],"wp:term":[{"taxonomy":"category","embeddable":true,"href":"https:\/\/www.uv.mx\/prensa\/wp-json\/wp\/v2\/categories?post=128545"},{"taxonomy":"post_tag","embeddable":true,"href":"https:\/\/www.uv.mx\/prensa\/wp-json\/wp\/v2\/tags?post=128545"}],"curies":[{"name":"wp","href":"https:\/\/api.w.org\/{rel}","templated":true}]}}