{"id":128580,"date":"2023-03-23T16:16:38","date_gmt":"2023-03-23T22:16:38","guid":{"rendered":"https:\/\/www.uv.mx\/prensa\/?p=128580"},"modified":"2023-03-23T16:16:38","modified_gmt":"2023-03-23T22:16:38","slug":"estudiantes-de-la-uv-intercultural-intercambiaron-saberes-comunitarios","status":"publish","type":"post","link":"https:\/\/www.uv.mx\/prensa\/regiones\/estudiantes-de-la-uv-intercultural-intercambiaron-saberes-comunitarios\/","title":{"rendered":"Estudiantes de la UV-Intercultural intercambiaron saberes comunitarios"},"content":{"rendered":"<ul style=\"font-weight: 400\">\n<li data-leveltext=\"\uf0b7\" data-font=\"Symbol\" data-listid=\"2\" data-list-defn-props=\"{&quot;335552541&quot;:1,&quot;335559684&quot;:-2,&quot;335559685&quot;:720,&quot;335559991&quot;:360,&quot;469769226&quot;:&quot;Symbol&quot;,&quot;469769242&quot;:[8226],&quot;469777803&quot;:&quot;left&quot;,&quot;469777804&quot;:&quot;\uf0b7&quot;,&quot;469777815&quot;:&quot;hybridMultilevel&quot;}\" data-aria-posinset=\"1\" data-aria-level=\"1\"><i><i> <\/i><\/i><i><span data-contrast=\"auto\">Se llev\u00f3 a cabo el Foro de Vinculaci\u00f3n para el Bien Com\u00fan y el 10\u00ba Intercambio de Semillas y Saberes, con sede en Los Reyes<\/span><\/i><span data-ccp-props=\"{&quot;201341983&quot;:0,&quot;335559739&quot;:0,&quot;335559740&quot;:240}\">\u00a0<\/span><\/li>\n<li data-leveltext=\"\uf0b7\" data-font=\"Symbol\" data-listid=\"2\" data-list-defn-props=\"{&quot;335552541&quot;:1,&quot;335559684&quot;:-2,&quot;335559685&quot;:720,&quot;335559991&quot;:360,&quot;469769226&quot;:&quot;Symbol&quot;,&quot;469769242&quot;:[8226],&quot;469777803&quot;:&quot;left&quot;,&quot;469777804&quot;:&quot;\uf0b7&quot;,&quot;469777815&quot;:&quot;hybridMultilevel&quot;}\" data-aria-posinset=\"2\" data-aria-level=\"1\"><i><span data-contrast=\"auto\">Es un espacio de difusi\u00f3n universitaria y acercamiento para dar cuenta de los procesos interinstitucionales y transdisciplinarios de la formaci\u00f3n de los gestores interculturales<\/span><\/i><span data-ccp-props=\"{&quot;201341983&quot;:0,&quot;335559739&quot;:0,&quot;335559740&quot;:240}\">\u00a0<\/span><\/li>\n<\/ul>\n<div id=\"attachment_128584\" style=\"width: 732px\" class=\"wp-caption aligncenter\"><img aria-describedby=\"caption-attachment-128584\" decoding=\"async\" loading=\"lazy\" class=\"size-full wp-image-128584\" src=\"https:\/\/www.uv.mx\/prensa\/files\/2023\/03\/230323-Eduardo-foro-de-vinculacion-comunitaria-1.jpg\" alt=\"\" width=\"722\" height=\"482\" srcset=\"https:\/\/www.uv.mx\/prensa\/files\/2023\/03\/230323-Eduardo-foro-de-vinculacion-comunitaria-1.jpg 722w, https:\/\/www.uv.mx\/prensa\/files\/2023\/03\/230323-Eduardo-foro-de-vinculacion-comunitaria-1-300x200.jpg 300w\" sizes=\"(max-width: 722px) 100vw, 722px\" \/><p id=\"caption-attachment-128584\" class=\"wp-caption-text\">Malaqu\u00edas S\u00e1nchez Rosales, coordinador de la UV-Intercultural Grandes Monta\u00f1as<\/p><\/div>\n<p><b><i><span data-contrast=\"auto\">Eduardo Ca\u00f1edo Lom\u00e1n<\/span><\/i><\/b><span data-ccp-props=\"{&quot;134233279&quot;:true,&quot;201341983&quot;:0,&quot;335559739&quot;:0,&quot;335559740&quot;:240}\">\u00a0<\/span><\/p>\n<p><b><i><span data-contrast=\"auto\">23\/03\/2023, Los Reyes, Ver.-<\/span><\/i><\/b>\u00a0<span data-contrast=\"auto\">Fomentando un espacio de difusi\u00f3n a trav\u00e9s de los resultados de la acci\u00f3n comunitaria hacia el bien com\u00fan, estudiantes y acad\u00e9micos de la Universidad Veracruzana Intercultural (UV-Intercultural), sede Grandes Monta\u00f1as, llevaron a cabo el Foro de Vinculaci\u00f3n para el Bien Com\u00fan y el 10\u00ba Intercambio de Semillas y Saberes, que en esta edici\u00f3n se realiz\u00f3 en el municipio Los Reyes, Veracruz.<\/span><span data-ccp-props=\"{&quot;134233279&quot;:true,&quot;201341983&quot;:0,&quot;335559739&quot;:0,&quot;335559740&quot;:240}\">\u00a0<\/span><\/p>\n<p><span data-contrast=\"auto\">Alumnos y alumnas de la UV-Intercultural dieron a conocer los prop\u00f3sitos de la Licenciatura en Gesti\u00f3n Intercultural para el Desarrollo, con el fin de promover el programa educativo, as\u00ed como su orientaci\u00f3n a aspectos como la vinculaci\u00f3n, sustentabilidad, lenguas y derechos humanos, entre otros.<\/span><span data-ccp-props=\"{&quot;134233279&quot;:true,&quot;201341983&quot;:0,&quot;335559731&quot;:708,&quot;335559739&quot;:0,&quot;335559740&quot;:240}\">\u00a0<\/span><\/p>\n<p><span data-contrast=\"auto\">De esta manera se propicia un acercamiento para dar cuenta de los procesos interinstitucionales y transdisciplinarios que suceden en la formaci\u00f3n de los gestores interculturales.<\/span><span data-ccp-props=\"{&quot;134233279&quot;:true,&quot;201341983&quot;:0,&quot;335559731&quot;:708,&quot;335559739&quot;:0,&quot;335559740&quot;:240}\">\u00a0<\/span><\/p>\n<p><span data-contrast=\"auto\">Se tuvo adem\u00e1s un intercambio de experiencias en torno a proyectos de intervenci\u00f3n que las y los estudiantes realizan en diversos municipios y comunidades de la regi\u00f3n, tal es el caso del dise\u00f1o y elaboraci\u00f3n de huertos de traspatio, de hortalizas y plantas medicinales, acompa\u00f1ados de charlas y talleres con infantes y j\u00f3venes para sensibilizar acerca de los beneficios de tener una alimentaci\u00f3n sana y conocer las propiedades de diversas plantas.<\/span><\/p>\n<p>&nbsp;<\/p>\n<div id=\"attachment_128583\" style=\"width: 732px\" class=\"wp-caption aligncenter\"><img aria-describedby=\"caption-attachment-128583\" decoding=\"async\" loading=\"lazy\" class=\"size-full wp-image-128583\" src=\"https:\/\/www.uv.mx\/prensa\/files\/2023\/03\/230323-Eduardo-foro-de-vinculacion-comunitaria-2.jpg\" alt=\"\" width=\"722\" height=\"482\" srcset=\"https:\/\/www.uv.mx\/prensa\/files\/2023\/03\/230323-Eduardo-foro-de-vinculacion-comunitaria-2.jpg 722w, https:\/\/www.uv.mx\/prensa\/files\/2023\/03\/230323-Eduardo-foro-de-vinculacion-comunitaria-2-300x200.jpg 300w\" sizes=\"(max-width: 722px) 100vw, 722px\" \/><p id=\"caption-attachment-128583\" class=\"wp-caption-text\">Estudiantes de la UV-Intercultural expusieron algunos de sus trabajos de intervenci\u00f3n<\/p><\/div>\n<p>&nbsp;<\/p>\n<p><span data-contrast=\"auto\">Dichos proyectos se han llevado a cabo en los municipios de Tlaquilpa, Xoxocotla, Los Reyes, Zongolica, Ixtaczoquitl\u00e1n, Acultzingo y Nogales.<\/span><span data-ccp-props=\"{&quot;134233279&quot;:true,&quot;201341983&quot;:0,&quot;335559731&quot;:708,&quot;335559739&quot;:0,&quot;335559740&quot;:240}\">\u00a0<\/span><\/p>\n<p><span data-contrast=\"auto\">Malaqu\u00edas S\u00e1nchez Rosales, coordinador de la UV-Intercultural\u00a0 sede Grandes Monta\u00f1as, reconoci\u00f3 la importancia de este tipo de encuentros con las comunidades pues permite conocer el sentir de los productores, los habitantes y las familias.<\/span><span data-ccp-props=\"{&quot;134233279&quot;:true,&quot;201341983&quot;:0,&quot;335559731&quot;:708,&quot;335559739&quot;:0,&quot;335559740&quot;:240}\">\u00a0<\/span><\/p>\n<p><span data-contrast=\"auto\">\u201cNos interesa conocerlos como miembros de la comunidad y tambi\u00e9n como parte de las instituciones a las que pertenecen, con las que d\u00eda a d\u00eda trabajamos de manera conjunta para buscar soluciones alternativas a las diferentes situaciones que pudieran poner en riesgo nuestra soberan\u00eda alimentaria\u201d, detall\u00f3 S\u00e1nchez Rosales.<\/span><span data-ccp-props=\"{&quot;134233279&quot;:true,&quot;201341983&quot;:0,&quot;335559731&quot;:708,&quot;335559739&quot;:0,&quot;335559740&quot;:240}\">\u00a0<\/span><\/p>\n<p><span data-contrast=\"auto\">Al respecto, la estudiante Rebeca Ameca Hern\u00e1ndez enfatiz\u00f3: \u201cEstamos convencidos de que podemos movilizar a m\u00e1s personas para lograr grandes cosas en conjunto con las comunidades. Por ejemplo, se han instalado tanques de almacenamiento de agua a trav\u00e9s la gesti\u00f3n con autoridades municipales, alcanzando una verdadera participaci\u00f3n social\u201d.<\/span><span data-ccp-props=\"{&quot;134233279&quot;:true,&quot;201341983&quot;:0,&quot;335559731&quot;:708,&quot;335559739&quot;:0,&quot;335559740&quot;:240}\">\u00a0<\/span><\/p>\n<p><span data-contrast=\"auto\">Coment\u00f3 tambi\u00e9n que \u00faltimamente se ha priorizado la voz de las comunidades ind\u00edgenas y que considera muy importante hacerse escuchar de manera ordenada y colectiva.<\/span><span data-ccp-props=\"{&quot;134233279&quot;:true,&quot;201341983&quot;:0,&quot;335559731&quot;:708,&quot;335559739&quot;:0,&quot;335559740&quot;:240}\">\u00a0<\/span><\/p>\n<p><span data-contrast=\"auto\">Asimismo, se ha buscado salvaguardar en la zona baja del territorio \u2013con los municipios de Nogales, Acultzingo e Ixtaczoquitl\u00e1n\u2013 los saberes y pr\u00e1cticas ancestrales, los cuales desafortunadamente se han ido perdiendo con el pasar de las generaciones. A trav\u00e9s de pl\u00e1ticas y actividades se busca visibilizar la importancia de conservar creencias, costumbres y tradiciones.<\/span><\/p>\n<p>&nbsp;<\/p>\n<div id=\"attachment_128582\" style=\"width: 732px\" class=\"wp-caption aligncenter\"><img aria-describedby=\"caption-attachment-128582\" decoding=\"async\" loading=\"lazy\" class=\"size-full wp-image-128582\" src=\"https:\/\/www.uv.mx\/prensa\/files\/2023\/03\/230323-Eduardo-foro-de-vinculacion-comunitaria-3.jpg\" alt=\"\" width=\"722\" height=\"482\" srcset=\"https:\/\/www.uv.mx\/prensa\/files\/2023\/03\/230323-Eduardo-foro-de-vinculacion-comunitaria-3.jpg 722w, https:\/\/www.uv.mx\/prensa\/files\/2023\/03\/230323-Eduardo-foro-de-vinculacion-comunitaria-3-300x200.jpg 300w\" sizes=\"(max-width: 722px) 100vw, 722px\" \/><p id=\"caption-attachment-128582\" class=\"wp-caption-text\">Estudiantes de la UV-Intercultural expusieron algunos de sus trabajos de intervenci\u00f3n<\/p><\/div>\n<p>&nbsp;<\/p>\n<p><span data-contrast=\"auto\">Durante el evento se incluyeron m\u00f3dulos informativos de las Facultades de Ciencias Biol\u00f3gicas y Agropecuarias, Ciencias Qu\u00edmicas, as\u00ed como del Sistema de Ense\u00f1anza Abierta, que acercaron la informaci\u00f3n de sus programas de estudio a los j\u00f3venes interesados<\/span><\/p>\n<p><span data-ccp-props=\"{&quot;134233279&quot;:true,&quot;201341983&quot;:0,&quot;335559739&quot;:0,&quot;335559740&quot;:240}\">\u00a0<\/span><\/p>\n","protected":false},"excerpt":{"rendered":"<p>En el encuentro participaron estudiantes y actores sociales de diversos municipios <\/p>\n","protected":false},"author":1810,"featured_media":128667,"comment_status":"closed","ping_status":"closed","sticky":false,"template":"","format":"standard","meta":[],"categories":[47,53,32,6299,8444],"tags":[10766,1327,4172,10763,10764,144,9639,10765,295,269],"_links":{"self":[{"href":"https:\/\/www.uv.mx\/prensa\/wp-json\/wp\/v2\/posts\/128580"}],"collection":[{"href":"https:\/\/www.uv.mx\/prensa\/wp-json\/wp\/v2\/posts"}],"about":[{"href":"https:\/\/www.uv.mx\/prensa\/wp-json\/wp\/v2\/types\/post"}],"author":[{"embeddable":true,"href":"https:\/\/www.uv.mx\/prensa\/wp-json\/wp\/v2\/users\/1810"}],"replies":[{"embeddable":true,"href":"https:\/\/www.uv.mx\/prensa\/wp-json\/wp\/v2\/comments?post=128580"}],"version-history":[{"count":1,"href":"https:\/\/www.uv.mx\/prensa\/wp-json\/wp\/v2\/posts\/128580\/revisions"}],"predecessor-version":[{"id":128666,"href":"https:\/\/www.uv.mx\/prensa\/wp-json\/wp\/v2\/posts\/128580\/revisions\/128666"}],"wp:featuredmedia":[{"embeddable":true,"href":"https:\/\/www.uv.mx\/prensa\/wp-json\/wp\/v2\/media\/128667"}],"wp:attachment":[{"href":"https:\/\/www.uv.mx\/prensa\/wp-json\/wp\/v2\/media?parent=128580"}],"wp:term":[{"taxonomy":"category","embeddable":true,"href":"https:\/\/www.uv.mx\/prensa\/wp-json\/wp\/v2\/categories?post=128580"},{"taxonomy":"post_tag","embeddable":true,"href":"https:\/\/www.uv.mx\/prensa\/wp-json\/wp\/v2\/tags?post=128580"}],"curies":[{"name":"wp","href":"https:\/\/api.w.org\/{rel}","templated":true}]}}