{"id":128677,"date":"2023-03-23T22:22:26","date_gmt":"2023-03-24T04:22:26","guid":{"rendered":"https:\/\/www.uv.mx\/prensa\/?p=128677"},"modified":"2023-03-24T11:00:04","modified_gmt":"2023-03-24T17:00:04","slug":"uv-sede-de-la-asamblea-anual-2023-del-conmex-ceapec","status":"publish","type":"post","link":"https:\/\/www.uv.mx\/prensa\/general\/uv-sede-de-la-asamblea-anual-2023-del-conmex-ceapec\/","title":{"rendered":"UV, sede de la Asamblea Anual 2023 del <i>Conmex<\/i>-CEAPEC"},"content":{"rendered":"<ul class=\"ul1\">\n<li class=\"li1\"><i>Mart\u00edn Aguilar, rector UV y presidente del Consorcio, coment\u00f3 que desde su creaci\u00f3n el organismo ha generado conocimiento cient\u00edfico para comprender la regi\u00f3n Asia-Pac\u00edfico<\/i><\/li>\n<li class=\"li1\"><i>Durante la ceremonia de inauguraci\u00f3n fue entregado el Reconocimiento al M\u00e9rito <\/i>Conmex<i>-CEAPEC al ex embajador Eugenio Anguiano Roch<\/i><\/li>\n<\/ul>\n<p>&nbsp;<\/p>\n<div id=\"attachment_128671\" style=\"width: 732px\" class=\"wp-caption aligncenter\"><img aria-describedby=\"caption-attachment-128671\" decoding=\"async\" loading=\"lazy\" class=\"size-full wp-image-128671\" src=\"https:\/\/www.uv.mx\/prensa\/files\/2023\/03\/230323-PAOLA-Asamblea-CONMEX-CEAPEC-1-100k.jpg\" alt=\"La sala de videoconferencias de la USBI-Xalapa es sede de la Asamblea Anual del CONMEX-CEAPEC\" width=\"722\" height=\"394\" srcset=\"https:\/\/www.uv.mx\/prensa\/files\/2023\/03\/230323-PAOLA-Asamblea-CONMEX-CEAPEC-1-100k.jpg 722w, https:\/\/www.uv.mx\/prensa\/files\/2023\/03\/230323-PAOLA-Asamblea-CONMEX-CEAPEC-1-100k-300x164.jpg 300w\" sizes=\"(max-width: 722px) 100vw, 722px\" \/><p id=\"caption-attachment-128671\" class=\"wp-caption-text\">La sala de videoconferencias de la USBI-Xalapa es sede de la Asamblea Anual del Conmex-CEAPEC<\/p><\/div>\n<p>&nbsp;<\/p>\n<p class=\"p1\"><b><i>Paola Cort\u00e9s P\u00e9rez<\/i><\/b><\/p>\n<p class=\"p1\"><b><i>Fotos: Omar Portilla Palacios<\/i><\/b><\/p>\n<p class=\"p1\"><b><i>23\/03\/2023, Xalapa, Ver.-<\/i><\/b> El Consorcio Mexicano de Centros de Estudios del Foro de Cooperaci\u00f3n Econ\u00f3mica Asia-Pac\u00edfico (<em>Conmex<\/em>-CEAPEC) se ha caracterizado por plantear que la educaci\u00f3n no s\u00f3lo es un producto o servicio, sino una puerta para que las sociedades e individuos puedan escapar de sus cautiverios, expres\u00f3 Mart\u00edn Aguilar S\u00e1nchez, rector de la Universidad Veracruzana (UV), en su calidad de presidente del organismo.<\/p>\n<p class=\"p3\">As\u00ed lo manifest\u00f3 al presidir la Asamblea Anual del <em>Conmex<\/em>-CEAPEC realizada en la sala de videoconferencias de la Unidad de Servicios Bibliotecarios y de Informaci\u00f3n (USBI).<\/p>\n<p class=\"p3\">En el pres\u00eddium estuvo acompa\u00f1ado por Eugenio Anguiano Roch, primer Secretario T\u00e9cnico del <em>Conmex<\/em>-CEAPEC y primer embajador de M\u00e9xico en la Rep\u00fablica Popular China; Jaqueline Jongitud Zamora, secretaria de Desarrollo Institucional; Godofredo Gonz\u00e1lez Ortiz, director del \u00c1rea de Coordinaci\u00f3n de APEC de la Secretar\u00eda de Econom\u00eda del Gobierno Federal; Alicia Gir\u00f3n Gonz\u00e1lez, directora del Programa Universitario de Estudios sobre Asia y \u00c1frica de la Universidad Nacional Aut\u00f3noma de M\u00e9xico.<\/p>\n<p class=\"p3\">El Consorcio Mexicano de Centros de Estudios APEC surgi\u00f3 en 2003 bajo la convicci\u00f3n de que los logros educativos, as\u00ed como destrezas y los aprendizajes cultivados, son capacidades esenciales de la vida humana sin los cuales las nociones de libertad y prosperidad no tienen sentido.<\/p>\n<p class=\"p3\">\u201cSi algo ha caracterizado su labor es la idea de que la educaci\u00f3n no s\u00f3lo es un producto o servicio, sino que constituye una puerta a trav\u00e9s de la cual las sociedades e individuos podemos escapar de nuestros cautiverios\u201d, afirm\u00f3 Mart\u00edn Aguilar.<\/p>\n<p>&nbsp;<\/p>\n<div id=\"attachment_128672\" style=\"width: 732px\" class=\"wp-caption aligncenter\"><img aria-describedby=\"caption-attachment-128672\" decoding=\"async\" loading=\"lazy\" class=\"size-full wp-image-128672\" src=\"https:\/\/www.uv.mx\/prensa\/files\/2023\/03\/230323-PAOLA-Asamblea-CONMEX-CEAPEC-2-100k.jpg\" alt=\"Mart\u00edn Aguilar dijo que el Consorcio ha inspirado estrategias econ\u00f3micas, laborales y de pol\u00edtica social\" width=\"722\" height=\"485\" srcset=\"https:\/\/www.uv.mx\/prensa\/files\/2023\/03\/230323-PAOLA-Asamblea-CONMEX-CEAPEC-2-100k.jpg 722w, https:\/\/www.uv.mx\/prensa\/files\/2023\/03\/230323-PAOLA-Asamblea-CONMEX-CEAPEC-2-100k-300x202.jpg 300w\" sizes=\"(max-width: 722px) 100vw, 722px\" \/><p id=\"caption-attachment-128672\" class=\"wp-caption-text\">Mart\u00edn Aguilar dijo que el Consorcio ha inspirado estrategias econ\u00f3micas, laborales y de pol\u00edtica social<\/p><\/div>\n<p>&nbsp;<\/p>\n<p class=\"p3\">Desde su creaci\u00f3n, subray\u00f3, el organismo ha generado conocimiento cient\u00edfico para comprender la regi\u00f3n Asia-Pac\u00edfico; facilitado la movilidad acad\u00e9mica en un mundo globalizado; ha promovido la creaci\u00f3n de Centros de Estudios APEC en el sistema de educaci\u00f3n superior; inspirado estrategias en materia econ\u00f3mica, laboral y de pol\u00edtica social; ha compuesto e indicado \u2013para quienes defienden el multilateralismo\u2013 los horizontes que habr\u00eda de seguir un transnacionalismo constructivo y cooperativo.<\/p>\n<p class=\"p3\">A trav\u00e9s de un video, Jes\u00fas Seade Kuri, embajador de M\u00e9xico en la Rep\u00fablica Popular China, record\u00f3 que la adhesi\u00f3n de M\u00e9xico al Foro de Cooperaci\u00f3n Econ\u00f3mica Asia-Pac\u00edfico (APEC) fue un paso acertado en la estrategia para la diversificaci\u00f3n de mercados que ha permitido profundizar las interacciones con econom\u00edas en un contexto condicionado por los desencuentros entre los dos principales socios comerciales del pa\u00eds, Estados Unidos y China.<\/p>\n<p class=\"p3\">\u201cLa participaci\u00f3n activa de M\u00e9xico en el foro, a nivel de l\u00edderes pol\u00edticos y empresariales, as\u00ed como en las actividades de investigaci\u00f3n realizadas por los centros especializados, es cada vez m\u00e1s necesaria para orientar y hacer crecer al sector p\u00fablico e impulsar al privado.\u201d<\/p>\n<p class=\"p3\">Zhang Run, embajador de la Rep\u00fablica Popular China en M\u00e9xico, tambi\u00e9n mediante un video, expres\u00f3 que la regi\u00f3n Asia-Pac\u00edfico, adem\u00e1s de ser el hogar de una diversidad de pa\u00edses incluidos China y M\u00e9xico, es la fuente de la fuerza motriz para el crecimiento econ\u00f3mico global.<\/p>\n<p>&nbsp;<\/p>\n<div id=\"attachment_128673\" style=\"width: 732px\" class=\"wp-caption aligncenter\"><img aria-describedby=\"caption-attachment-128673\" decoding=\"async\" loading=\"lazy\" class=\"size-full wp-image-128673\" src=\"https:\/\/www.uv.mx\/prensa\/files\/2023\/03\/230323-PAOLA-Asamblea-CONMEX-CEAPEC-3-100k.jpg\" alt=\"Jes\u00fas Seade, embajador de M\u00e9xico en la Rep\u00fablica Popular China, estuvo presente a trav\u00e9s de un video\" width=\"722\" height=\"461\" srcset=\"https:\/\/www.uv.mx\/prensa\/files\/2023\/03\/230323-PAOLA-Asamblea-CONMEX-CEAPEC-3-100k.jpg 722w, https:\/\/www.uv.mx\/prensa\/files\/2023\/03\/230323-PAOLA-Asamblea-CONMEX-CEAPEC-3-100k-300x192.jpg 300w\" sizes=\"(max-width: 722px) 100vw, 722px\" \/><p id=\"caption-attachment-128673\" class=\"wp-caption-text\">Jes\u00fas Seade, embajador de M\u00e9xico en la Rep\u00fablica Popular China, estuvo presente a trav\u00e9s de un video<\/p><\/div>\n<p>&nbsp;<\/p>\n<p class=\"p3\">Agradeci\u00f3 a los acad\u00e9micos que integran el <em>Conmex<\/em>-CEAPEC para que contin\u00faen con el estudio de China y las relaciones binacionales, especialmente en c\u00f3mo profundizar la cooperaci\u00f3n pragm\u00e1tica entre China y M\u00e9xico; c\u00f3mo promover la globalizaci\u00f3n econ\u00f3mica hacia una mayor apertura, inclusi\u00f3n, beneficio universal, equilibrio y ganancia compartida, y c\u00f3mo desarrollar \u2013conjuntamente\u2013 el verdadero multilateralismo para el desarrollo de las relaciones China-M\u00e9xico.<\/p>\n<p class=\"p3\">Al tomar la palabra, Godofredo Gonz\u00e1lez, de la Secretar\u00eda de Econom\u00eda, dijo que el Consorcio es un espacio de di\u00e1logo y cooperaci\u00f3n t\u00e9cnica, econ\u00f3mica y comercial vinculante entre las econom\u00edas pertenecientes a la regi\u00f3n Asia-Pacifico.<\/p>\n<p class=\"p3\">\u201cLas discusiones que tendr\u00e1n lugar durante la asamblea ser\u00e1n fruct\u00edferas y nos permitir\u00e1n explorar y generar oportunidades en los diferentes temas de inter\u00e9s. Estamos dispuestos a coadyuvar con ustedes en el desarrollo de propuestas que fomenten un comercio justo, equitativo y sustentable en la regi\u00f3n Asia-Pac\u00edfico.\u201d<\/p>\n<p class=\"p3\">En el marco de la Asamblea Anual 2023 se entreg\u00f3 el Reconocimiento al M\u00e9rito <em>Conmex<\/em>-CEAPEC al ex embajador Eugenio Anguiano Roch por su destacado desempe\u00f1o como primer Secretario T\u00e9cnico del Consorcio y por su extraordinaria labor diplom\u00e1tica en representaci\u00f3n de los Estados Unidos Mexicanos.<\/p>\n<p>&nbsp;<\/p>\n<div id=\"attachment_128674\" style=\"width: 732px\" class=\"wp-caption aligncenter\"><img aria-describedby=\"caption-attachment-128674\" decoding=\"async\" loading=\"lazy\" class=\"size-full wp-image-128674\" src=\"https:\/\/www.uv.mx\/prensa\/files\/2023\/03\/230323-PAOLA-Asamblea-CONMEX-CEAPEC-4-100k.jpg\" alt=\"Zhang Run, embajador de la Rep\u00fablica Popular China en M\u00e9xico, agradeci\u00f3 a los acad\u00e9micos el continuar con los estudios sobre su pa\u00eds\" width=\"722\" height=\"431\" srcset=\"https:\/\/www.uv.mx\/prensa\/files\/2023\/03\/230323-PAOLA-Asamblea-CONMEX-CEAPEC-4-100k.jpg 722w, https:\/\/www.uv.mx\/prensa\/files\/2023\/03\/230323-PAOLA-Asamblea-CONMEX-CEAPEC-4-100k-300x179.jpg 300w\" sizes=\"(max-width: 722px) 100vw, 722px\" \/><p id=\"caption-attachment-128674\" class=\"wp-caption-text\">Zhang Run, embajador de la Rep\u00fablica Popular China en M\u00e9xico, agradeci\u00f3 a los acad\u00e9micos el continuar con los estudios sobre su pa\u00eds<\/p><\/div>\n<p>&nbsp;<\/p>\n<p class=\"p3\">\u201cEs una figura clave no s\u00f3lo para la confecci\u00f3n del programa diplom\u00e1tico sino por su legado literario, filos\u00f3fico, econ\u00f3mico y cultural, para entender el pensamiento de c\u00f3mo se ha desarrollado el mundo actual\u201d, coment\u00f3 el Rector.<\/p>\n<p class=\"p3\">Jes\u00fas Seade dijo: \u201cDestaco su desempe\u00f1o como primer embajador de M\u00e9xico en la Rep\u00fablica Popular de China, en dos periodos; su ardua labor sent\u00f3 las bases para el oficio diplom\u00e1tico de quienes lo han sucedido en el cargo\u201d.<\/p>\n<p class=\"p3\">La inauguraci\u00f3n de las actividades de la Asamblea Anual 2023 del <em>Conmex<\/em>-CEAPEC fue atestiguada por representantes del gobierno federal y estatal y c\u00e1maras empresariales: Jes\u00fas V\u00e1zquez Garc\u00eda, responsable de la Unidad de Inteligencia Econ\u00f3mica Global, de la Oficina de Representaci\u00f3n en Veracruz de la Secretar\u00eda de Econom\u00eda; Alejandro Moreno Hern\u00e1ndez, director de Desarrollo Social Municipal, en representaci\u00f3n del presidente municipal de Xalapa; Jos\u00e9 Luis Valencia Montano, director general del Consejo Veracruzano de Comercio Exterior, Inversi\u00f3n y Tecnolog\u00eda.<\/p>\n<p class=\"p3\">A trav\u00e9s de la plataforma <i>Zoom<\/i> atendieron la asamblea: Marco Antonio Sansores Ram\u00edrez, presidente del Comit\u00e9 Directivo de la Asociaci\u00f3n de Agencias Aduanales del Puerto de Veracruz; Alicia Almanza V\u00e1zquez, secretaria del Sector Agroindustrial de la C\u00e1mara Nacional de la Industria de Transformaci\u00f3n (<i>Canacintra<\/i>), y Xu Shuo, director del Centro de Estudios Latinoamericanos de la Universidad de Chanzghou.<\/p>\n<p>&nbsp;<\/p>\n<div id=\"attachment_128675\" style=\"width: 732px\" class=\"wp-caption aligncenter\"><img aria-describedby=\"caption-attachment-128675\" decoding=\"async\" loading=\"lazy\" class=\"size-full wp-image-128675\" src=\"https:\/\/www.uv.mx\/prensa\/files\/2023\/03\/230323-PAOLA-Asamblea-CONMEX-CEAPEC-5-100k.jpg\" alt=\"Mart\u00edn Aguilar entreg\u00f3 al Embajador Eugenio Anguiano Roch el Reconocimiento al M\u00e9rito CONMEX-CEAPEC\" width=\"722\" height=\"407\" srcset=\"https:\/\/www.uv.mx\/prensa\/files\/2023\/03\/230323-PAOLA-Asamblea-CONMEX-CEAPEC-5-100k.jpg 722w, https:\/\/www.uv.mx\/prensa\/files\/2023\/03\/230323-PAOLA-Asamblea-CONMEX-CEAPEC-5-100k-300x169.jpg 300w\" sizes=\"(max-width: 722px) 100vw, 722px\" \/><p id=\"caption-attachment-128675\" class=\"wp-caption-text\">Mart\u00edn Aguilar entreg\u00f3 al ex embajador Eugenio Anguiano Roch el reconocimiento al M\u00e9rito <em>Conmex<\/em>-CEAPEC<\/p><\/div>\n<p>&nbsp;<\/p>\n<p class=\"p3\">Por parte de la UV: An\u00edbal Zottele Allende, coordinador del Centro de Estudios China-Veracruz y secretario T\u00e9cnico del <em>Conmex<\/em>-CEAPEC, y Mario Oliva Su\u00e1rez, director general de Relaciones Internacionales.<\/p>\n<p class=\"p3\">En videoconferencia, Georgina Hern\u00e1ndez R\u00edos, vicerrectora de la regi\u00f3n Coatzacoalcos-Minatitl\u00e1n; Rub\u00e9n Edel Navarro, vicerrector de la regi\u00f3n Veracruz; Antonio Iv\u00e1n S\u00e1nchez Huerta, coordinador regional de Internacionalizaci\u00f3n y representante de Mario Roberto Bernab\u00e9 Guapillo Vargas, vicerrector de la regi\u00f3n Orizaba-C\u00f3rdoba, y Esteban Zottele Vega, representante de la UV en China.<\/p>\n<p class=\"p3\">Tambi\u00e9n estuvieron presentes directores del Consorcio Mexicano de Centros de Estudios del Foro de Cooperaci\u00f3n Econ\u00f3mica Asia-Pac\u00edfico, as\u00ed como invitados especiales de los distintos centros de estudios pertenecientes al Foro de Cooperaci\u00f3n Econ\u00f3mica, gobiernos, instituciones acad\u00e9micas y de la sociedad civil.<\/p>\n","protected":false},"excerpt":{"rendered":"<p>El Consorcio Mexicano de Centros de Estudios del Foro de Cooperaci\u00f3n Econ\u00f3mica Asia-Pac\u00edfico (<i>Conmex<\/i>-CEAPEC) se ha caracterizado por sostener que la educaci\u00f3n es una puerta para que sociedades e individuos escapen de sus cautiverios<\/p>\n","protected":false},"author":1775,"featured_media":128676,"comment_status":"closed","ping_status":"closed","sticky":false,"template":"","format":"standard","meta":[],"categories":[47,1,8455,61],"tags":[608,10783,6324,7017,7016,10784,1046,10782,939,10786,7171,2700,648,6462,7969,4164,2147,2276,7170,5350,572,279,10785],"_links":{"self":[{"href":"https:\/\/www.uv.mx\/prensa\/wp-json\/wp\/v2\/posts\/128677"}],"collection":[{"href":"https:\/\/www.uv.mx\/prensa\/wp-json\/wp\/v2\/posts"}],"about":[{"href":"https:\/\/www.uv.mx\/prensa\/wp-json\/wp\/v2\/types\/post"}],"author":[{"embeddable":true,"href":"https:\/\/www.uv.mx\/prensa\/wp-json\/wp\/v2\/users\/1775"}],"replies":[{"embeddable":true,"href":"https:\/\/www.uv.mx\/prensa\/wp-json\/wp\/v2\/comments?post=128677"}],"version-history":[{"count":1,"href":"https:\/\/www.uv.mx\/prensa\/wp-json\/wp\/v2\/posts\/128677\/revisions"}],"predecessor-version":[{"id":128691,"href":"https:\/\/www.uv.mx\/prensa\/wp-json\/wp\/v2\/posts\/128677\/revisions\/128691"}],"wp:featuredmedia":[{"embeddable":true,"href":"https:\/\/www.uv.mx\/prensa\/wp-json\/wp\/v2\/media\/128676"}],"wp:attachment":[{"href":"https:\/\/www.uv.mx\/prensa\/wp-json\/wp\/v2\/media?parent=128677"}],"wp:term":[{"taxonomy":"category","embeddable":true,"href":"https:\/\/www.uv.mx\/prensa\/wp-json\/wp\/v2\/categories?post=128677"},{"taxonomy":"post_tag","embeddable":true,"href":"https:\/\/www.uv.mx\/prensa\/wp-json\/wp\/v2\/tags?post=128677"}],"curies":[{"name":"wp","href":"https:\/\/api.w.org\/{rel}","templated":true}]}}