{"id":128967,"date":"2023-04-01T08:00:44","date_gmt":"2023-04-01T14:00:44","guid":{"rendered":"https:\/\/www.uv.mx\/prensa\/?p=128967"},"modified":"2023-04-12T15:22:51","modified_gmt":"2023-04-12T20:22:51","slug":"biblioteca-de-derecho-visibiliza-literatura-escrita-por-mujeres","status":"publish","type":"post","link":"https:\/\/www.uv.mx\/prensa\/general\/biblioteca-de-derecho-visibiliza-literatura-escrita-por-mujeres\/","title":{"rendered":"Biblioteca de Derecho visibiliza literatura escrita por mujeres"},"content":{"rendered":"<ul class=\"ul1\">\n<li class=\"li1\"><i>Instal\u00f3 la secci\u00f3n \u201cFeminismos, g\u00e9nero y derechos humanos de las mujeres\u201d<\/i><\/li>\n<li class=\"li1\"><i>Cuenta con m\u00e1s de 100 ejemplares y fuentes bibliogr\u00e1ficas que podr\u00e1n ser consultadas por los estudiantes<\/i><\/li>\n<\/ul>\n<p>&nbsp;<\/p>\n<div id=\"attachment_128962\" style=\"width: 732px\" class=\"wp-caption aligncenter\"><img aria-describedby=\"caption-attachment-128962\" decoding=\"async\" loading=\"lazy\" class=\"size-full wp-image-128962\" src=\"https:\/\/www.uv.mx\/prensa\/files\/2023\/03\/300323-BIBLIOTECA-FACULTAD-DE-DERECHO-1.jpg\" alt=\"En la Biblioteca de la Facultad de Derecho se inaugur\u00f3 una secci\u00f3n que visibiliza a la mujer en la literatura\" width=\"722\" height=\"481\" srcset=\"https:\/\/www.uv.mx\/prensa\/files\/2023\/03\/300323-BIBLIOTECA-FACULTAD-DE-DERECHO-1.jpg 722w, https:\/\/www.uv.mx\/prensa\/files\/2023\/03\/300323-BIBLIOTECA-FACULTAD-DE-DERECHO-1-300x200.jpg 300w\" sizes=\"(max-width: 722px) 100vw, 722px\" \/><p id=\"caption-attachment-128962\" class=\"wp-caption-text\">En la Biblioteca de la Facultad de Derecho se inaugur\u00f3 una secci\u00f3n que visibiliza a la mujer en la literatura<\/p><\/div>\n<p>&nbsp;<\/p>\n<p class=\"p1\"><b><i>Claudia Peralta V\u00e1zquez<\/i><\/b><\/p>\n<p class=\"p1\"><b><i>Fotos: C\u00e9sar Pisil Ramos<\/i><\/b><\/p>\n<p class=\"p1\"><b><i>01\/04\/2023, Xalapa, Ver.- <\/i><\/b>La Biblioteca de la<a href=\"https:\/\/www.uv.mx\/derecho\/\" target=\"_blank\" rel=\"noopener\"> Facultad de Derecho<\/a> de la Universidad Veracruzana (UV) inaugur\u00f3 la secci\u00f3n \u201cFeminismos, g\u00e9nero y derechos humanos de las mujeres\u201d, conformada por m\u00e1s de 100 libros y fuentes bibliogr\u00e1ficas que podr\u00e1n ser consultadas por alumnos y alumnas de este programa educativo (PE).<\/p>\n<p class=\"p3\">La instalaci\u00f3n de este espacio fue una iniciativa de la Coordinaci\u00f3n de la Unidad de G\u00e9nero de dicha entidad acad\u00e9mica, con la intenci\u00f3n de emprender acciones en materia de equidad e igualdad de g\u00e9nero, a trav\u00e9s de la promoci\u00f3n, difusi\u00f3n y capacitaci\u00f3n en temas que tambi\u00e9n incluyen la no violencia contra las mujeres y perspectiva de g\u00e9nero.<\/p>\n<p class=\"p3\">En el marco del D\u00eda Internacional de la Mujer, conmemorado el 8 de marzo, la nueva secci\u00f3n que visibiliza la literatura femenina fue inaugurada por Araceli Reyes L\u00f3pez, directora de la Facultad de Derecho; Ana Mar\u00eda Salazar V\u00e1zquez, titular de Direcci\u00f3n General de Bibliotecas, y Alma \u00c1lvarez Reyes, representante de la Unidad de G\u00e9nero de la entidad acad\u00e9mica.<\/p>\n<p class=\"p3\">\u00c1lvarez Reyes resalt\u00f3 que, ante la gran brecha de g\u00e9nero que persiste entre hombres y mujeres, consideraron necesario incluir a las mujeres en la literatura.<\/p>\n<p class=\"p3\">Adem\u00e1s, para los futuros abogados es de suma importancia la consulta de libros que aborden temas como la perspectiva de g\u00e9nero, derivada de las teor\u00edas feministas; algo que todav\u00eda no se transversaliza en las aulas.<\/p>\n<div id=\"attachment_128963\" style=\"width: 732px\" class=\"wp-caption aligncenter\"><img aria-describedby=\"caption-attachment-128963\" decoding=\"async\" loading=\"lazy\" class=\"size-full wp-image-128963\" src=\"https:\/\/www.uv.mx\/prensa\/files\/2023\/03\/300323-BIBLIOTECA-FACULTAD-DE-DERECHO-2.jpg\" alt=\"La secci\u00f3n \u201cFeminismos, g\u00e9nero y derechos humanos de las mujeres\u201d cuenta con m\u00e1s de 100 libros y fuentes bibliogr\u00e1ficas\" width=\"722\" height=\"481\" srcset=\"https:\/\/www.uv.mx\/prensa\/files\/2023\/03\/300323-BIBLIOTECA-FACULTAD-DE-DERECHO-2.jpg 722w, https:\/\/www.uv.mx\/prensa\/files\/2023\/03\/300323-BIBLIOTECA-FACULTAD-DE-DERECHO-2-300x200.jpg 300w\" sizes=\"(max-width: 722px) 100vw, 722px\" \/><p id=\"caption-attachment-128963\" class=\"wp-caption-text\">La secci\u00f3n \u201cFeminismos, g\u00e9nero y derechos humanos de las mujeres\u201d cuenta con m\u00e1s de 100 libros y fuentes bibliogr\u00e1ficas<\/p><\/div>\n<p>&nbsp;<\/p>\n<p class=\"p3\">\u201cQueremos que ustedes, en cada una de las experiencias educativas, puedan comparar y transversalizar la perspectiva de g\u00e9nero.\u201d<\/p>\n<p class=\"p3\">Con la instalaci\u00f3n de esta \u00e1rea tambi\u00e9n se atiende la demanda de los estudiantes que acuden a consultar fuentes bibliogr\u00e1ficas para sus trabajos de investigaci\u00f3n.<\/p>\n<p class=\"p3\">\u201cEl objetivo es visibilizar a las mujeres y su aporte en la literatura a trav\u00e9s de los a\u00f1os\u201d, expres\u00f3 en presencia de alumnos y alumnas de la Facultad de Derecho.<\/p>\n<p class=\"p3\">En tanto, Ana Mar\u00eda Salazar celebr\u00f3 el establecimiento de esta secci\u00f3n y espacio para el desarrollo de actividades de los estudiantes, relacionadas con su formaci\u00f3n acad\u00e9mica, pero sobre todo humana.<\/p>\n<div id=\"attachment_128960\" style=\"width: 732px\" class=\"wp-caption aligncenter\"><img aria-describedby=\"caption-attachment-128960\" decoding=\"async\" loading=\"lazy\" class=\"size-full wp-image-128960\" src=\"https:\/\/www.uv.mx\/prensa\/files\/2023\/03\/300323-BIBLIOTECA-FACULTAD-DE-DERECHO-3.jpg\" alt=\"Alumnos y alumnas de la Facultad de Derecho podr\u00e1n consultar libros con temas sobre perspectiva de g\u00e9nero\" width=\"722\" height=\"481\" srcset=\"https:\/\/www.uv.mx\/prensa\/files\/2023\/03\/300323-BIBLIOTECA-FACULTAD-DE-DERECHO-3.jpg 722w, https:\/\/www.uv.mx\/prensa\/files\/2023\/03\/300323-BIBLIOTECA-FACULTAD-DE-DERECHO-3-300x200.jpg 300w\" sizes=\"(max-width: 722px) 100vw, 722px\" \/><p id=\"caption-attachment-128960\" class=\"wp-caption-text\">Alumnos y alumnas de la Facultad de Derecho podr\u00e1n consultar libros con temas sobre perspectiva de g\u00e9nero<\/p><\/div>\n<p>&nbsp;<\/p>\n<p class=\"p3\">Asegur\u00f3 que se buscar\u00e1 la integraci\u00f3n de m\u00e1s recursos documentales para respaldar el tema de perspectiva de g\u00e9nero, y reubicar m\u00e1s material para el uso de los estudiantes<\/p>\n<p class=\"p3\">\u201cEsperamos que se utilice y tambi\u00e9n nos soliciten algunos libros con esa tem\u00e1tica, de autores nacionales e internacionales, y apoyen los c\u00edrculos de lectura que se desarrollar\u00e1n en torno a la perspectiva de g\u00e9nero\u201d, abund\u00f3 Salazar V\u00e1zquez.<\/p>\n<p class=\"p3\">En la inauguraci\u00f3n estuvieron: Mar\u00eda de la Paz Reducindo S\u00e1nchez, coordinadora de Bibliotecas regi\u00f3n Xalapa; Gerardo Morales Lagunes, encargado de la Biblioteca de la Facultad de Derecho, y Karina L\u00f3pez Gonz\u00e1lez, de la Biblioteca \u201cCarlos Fuentes\u201d.<\/p>\n<p class=\"p3\">Tambi\u00e9n, Bertha Alicia Ram\u00edrez Arce, docente y coordinadora del Seminario de Derecho Romano y Derechos Ind\u00edgenas de la Facultad de Derecho, y personal de la biblioteca.<\/p>\n","protected":false},"excerpt":{"rendered":"<p>La secci\u00f3n \u201cFeminismos, g\u00e9nero y derechos humanos de las mujeres\u201d es un espacio de literatura con enfoque de g\u00e9nero; cuenta con m\u00e1s de 100 ejemplares y fuentes bibliogr\u00e1ficas<\/p>\n","protected":false},"author":1775,"featured_media":128961,"comment_status":"closed","ping_status":"closed","sticky":false,"template":"","format":"standard","meta":[],"categories":[47,1,8445,61],"tags":[10909,10910,4489,1747,10265,4218,2090,6263,4163,780,1327,1723,4875,670,524,6638,6853,10908,527,4550,4572,507,10810,1296,2362,10907,694,3682],"_links":{"self":[{"href":"https:\/\/www.uv.mx\/prensa\/wp-json\/wp\/v2\/posts\/128967"}],"collection":[{"href":"https:\/\/www.uv.mx\/prensa\/wp-json\/wp\/v2\/posts"}],"about":[{"href":"https:\/\/www.uv.mx\/prensa\/wp-json\/wp\/v2\/types\/post"}],"author":[{"embeddable":true,"href":"https:\/\/www.uv.mx\/prensa\/wp-json\/wp\/v2\/users\/1775"}],"replies":[{"embeddable":true,"href":"https:\/\/www.uv.mx\/prensa\/wp-json\/wp\/v2\/comments?post=128967"}],"version-history":[{"count":1,"href":"https:\/\/www.uv.mx\/prensa\/wp-json\/wp\/v2\/posts\/128967\/revisions"}],"predecessor-version":[{"id":129125,"href":"https:\/\/www.uv.mx\/prensa\/wp-json\/wp\/v2\/posts\/128967\/revisions\/129125"}],"wp:featuredmedia":[{"embeddable":true,"href":"https:\/\/www.uv.mx\/prensa\/wp-json\/wp\/v2\/media\/128961"}],"wp:attachment":[{"href":"https:\/\/www.uv.mx\/prensa\/wp-json\/wp\/v2\/media?parent=128967"}],"wp:term":[{"taxonomy":"category","embeddable":true,"href":"https:\/\/www.uv.mx\/prensa\/wp-json\/wp\/v2\/categories?post=128967"},{"taxonomy":"post_tag","embeddable":true,"href":"https:\/\/www.uv.mx\/prensa\/wp-json\/wp\/v2\/tags?post=128967"}],"curies":[{"name":"wp","href":"https:\/\/api.w.org\/{rel}","templated":true}]}}