{"id":129058,"date":"2023-04-11T17:05:35","date_gmt":"2023-04-11T22:05:35","guid":{"rendered":"https:\/\/www.uv.mx\/prensa\/?p=129058"},"modified":"2023-04-12T15:16:39","modified_gmt":"2023-04-12T20:16:39","slug":"halcones-uv-se-alistan-para-la-universiada-regional","status":"publish","type":"post","link":"https:\/\/www.uv.mx\/prensa\/general\/halcones-uv-se-alistan-para-la-universiada-regional\/","title":{"rendered":"<em>Halcones UV<\/em> se alistan para la Universiada Regional"},"content":{"rendered":"<ul class=\"ul1\">\n<li class=\"li1\"><i>Se realizar\u00e1 del 21 al 30 de abril, en la Universidad Aut\u00f3noma de Tlaxcala<\/i><\/li>\n<li class=\"li1\"><i>La meta es clasificar en la mayor\u00eda de las disciplinas deportivas rumbo a la Universiada Nacional, destac\u00f3 Maribel Barradas Landa, titular de la DADUV<\/i><\/li>\n<\/ul>\n<p>&nbsp;<\/p>\n<div id=\"attachment_129059\" style=\"width: 732px\" class=\"wp-caption aligncenter\"><img aria-describedby=\"caption-attachment-129059\" decoding=\"async\" loading=\"lazy\" class=\"size-full wp-image-129059\" src=\"https:\/\/www.uv.mx\/prensa\/files\/2023\/04\/100423-UNIVERSIADA-REGIONAL-1-100k.jpg\" alt=\"Maribel Barradas Landa anunci\u00f3 la participaci\u00f3n de los Halcones UV en la Universiada Regional, que tendr\u00e1 lugar en Tlaxcala\" width=\"722\" height=\"486\" srcset=\"https:\/\/www.uv.mx\/prensa\/files\/2023\/04\/100423-UNIVERSIADA-REGIONAL-1-100k.jpg 722w, https:\/\/www.uv.mx\/prensa\/files\/2023\/04\/100423-UNIVERSIADA-REGIONAL-1-100k-300x202.jpg 300w\" sizes=\"(max-width: 722px) 100vw, 722px\" \/><p id=\"caption-attachment-129059\" class=\"wp-caption-text\">Maribel Barradas Landa anunci\u00f3 la participaci\u00f3n de los Halcones UV en la Universiada Regional, que tendr\u00e1 lugar en Tlaxcala<\/p><\/div>\n<p>&nbsp;<\/p>\n<p class=\"p1\"><b><i>Claudia Peralta V\u00e1zquez<\/i><\/b><\/p>\n<p class=\"p1\"><b><i>Fotos: Omar Portilla Palacios (1), DADUV (2, 3 y 4)<\/i><\/b><\/p>\n<p class=\"p1\"><b><i>11\/04\/2023, Xalapa, Ver.- <\/i><\/b>Los <i>Halcones<\/i> de la Universidad Veracruzana (UV) se alistan para su participaci\u00f3n en la Universiada Regional que tendr\u00e1 lugar en la ciudad de Tlaxcala, del 21 al 30 de abril; en el evento esperan poder clasificar en la mayor\u00eda de las disciplinas deportivas rumbo a la Universiada Nacional, cuya sede ser\u00e1 este a\u00f1o el estado de Sonora.<\/p>\n<p class=\"p1\">Maribel Barradas Landa, titular de la <a href=\"https:\/\/www.uv.mx\/daduv\/\" target=\"_blank\" rel=\"noopener\">Direcci\u00f3n de Actividades Deportivas<\/a> de la UV (DADUV), confirm\u00f3 la asistencia de 278 deportistas de esta casa de estudios en la competencia a desarrollarse en las instalaciones de la Universidad Aut\u00f3noma de Tlaxcala.<\/p>\n<p class=\"p1\">Luego de haber concluido la fase estatal en marzo pasado, la mayor\u00eda de los equipos lograron su clasificaci\u00f3n, por lo que en total ser\u00e1n 11 las disciplinas deportivas representadas por alumnas y alumnos de las cinco regiones universitarias, en su mayor\u00eda de Xalapa y Veracruz.<\/p>\n<p class=\"p3\">Basquetbol, basquetbol 3&#215;3, beisbol, futbol asociaci\u00f3n, futbol bardas, <i>handball<\/i>, rugby, softbol, tochito, tenis, tenis de mesa, tiro con arco, taekwondo, voleibol, voleibol de playa y ajedrez, son algunas de ellas.<\/p>\n<p class=\"p3\">\u201cLa meta es clasificar en la mayor\u00eda de las disciplinas deportivas rumbo a la Universiada Nacional, que el 80 o 90% de los equipos logre su pase a este evento\u201d, expres\u00f3 Barradas Landa.<\/p>\n<div id=\"attachment_129060\" style=\"width: 732px\" class=\"wp-caption aligncenter\"><img aria-describedby=\"caption-attachment-129060\" decoding=\"async\" loading=\"lazy\" class=\"size-full wp-image-129060\" src=\"https:\/\/www.uv.mx\/prensa\/files\/2023\/04\/100423-UNIVERSIADA-REGIONAL-2-100k.jpg\" alt=\"A trav\u00e9s de 11 disciplinas deportivas, los Halcones UV se alistan para la Universiada Regional\" width=\"722\" height=\"481\" srcset=\"https:\/\/www.uv.mx\/prensa\/files\/2023\/04\/100423-UNIVERSIADA-REGIONAL-2-100k.jpg 722w, https:\/\/www.uv.mx\/prensa\/files\/2023\/04\/100423-UNIVERSIADA-REGIONAL-2-100k-300x200.jpg 300w\" sizes=\"(max-width: 722px) 100vw, 722px\" \/><p id=\"caption-attachment-129060\" class=\"wp-caption-text\">A trav\u00e9s de 11 disciplinas deportivas, los Halcones UV se alistan para la Universiada Regional<\/p><\/div>\n<p>&nbsp;<\/p>\n<p class=\"p3\">Reconoci\u00f3 que no es un tema sencillo pues as\u00ed como la UV, muchas universidades p\u00fablicas y privadas se preparan para obtener buenos resultados dentro de la contienda.<\/p>\n<p class=\"p3\">No obstante, destac\u00f3 la labor de los entrenadores en la b\u00fasqueda de nuevo talento deportivo, as\u00ed como en la preparaci\u00f3n y entrenamiento de los competidores universitarios.<\/p>\n<p class=\"p3\">\u201cLa mayor\u00eda de los equipos tienen bien realizado su trabajo de preparaci\u00f3n, con la meta de llegar a la Universiada Nacional.\u201d<\/p>\n<p class=\"p3\">Coment\u00f3 que en la Universiada 2022 lograron colocarse en el lugar 12 de la tabla de puntuaci\u00f3n, lo cual tambi\u00e9n fue significativo si se considera que durante dos a\u00f1os \u2013por la pandemia\u2013 los entrenamientos presenciales fueron suspendidos, y debieron implementar diversas estrategias de trabajo a distancia y desde casa.<\/p>\n<div id=\"attachment_129061\" style=\"width: 732px\" class=\"wp-caption aligncenter\"><img aria-describedby=\"caption-attachment-129061\" decoding=\"async\" loading=\"lazy\" class=\"size-full wp-image-129061\" src=\"https:\/\/www.uv.mx\/prensa\/files\/2023\/04\/100423-UNIVERSIADA-REGIONAL-3-100k.jpg\" alt=\"Los deportistas UV esperan clasificar en la mayor\u00eda de las disciplinas rumbo a la Universiada Nacional\" width=\"722\" height=\"481\" srcset=\"https:\/\/www.uv.mx\/prensa\/files\/2023\/04\/100423-UNIVERSIADA-REGIONAL-3-100k.jpg 722w, https:\/\/www.uv.mx\/prensa\/files\/2023\/04\/100423-UNIVERSIADA-REGIONAL-3-100k-300x200.jpg 300w\" sizes=\"(max-width: 722px) 100vw, 722px\" \/><p id=\"caption-attachment-129061\" class=\"wp-caption-text\">Los deportistas UV esperan clasificar en la mayor\u00eda de las disciplinas rumbo a la Universiada Nacional<\/p><\/div>\n<p>&nbsp;<\/p>\n<p class=\"p3\">Tambi\u00e9n, con miras hacia la Universiada Nacional, 97 alumnas y alumnos UV participar\u00e1n en las Jornadas Extraordinarias de Deportes Individuales, del 24 de abril al 4 de mayo.<\/p>\n<p class=\"p3\">En dicha competencia intervienen instituciones de educaci\u00f3n superior de Puebla, Hidalgo, Tlaxcala, Oaxaca y Veracruz, entidades que integran la Regi\u00f3n VII del Consejo Nacional del Deporte de la Educaci\u00f3n A.C. (<i>Condde<\/i>).<\/p>\n<p class=\"p3\">Cada una de ellas ser\u00e1 sede de competencias de determinadas disciplinas; mientras que la m\u00e1xima casa de estudios albergar\u00e1 las de judo, levantamiento de pesas y escalada.<\/p>\n<p class=\"p3\">Se trata de un selectivo o clasificatorio independiente regional, donde destacan las disciplinas de boxeo universitario, b\u00e1dminton, escalada, karate do, judo, levantamiento de pesas, lucha universitaria, y taekwondo poomsae. En este mismo periodo, tambi\u00e9n se realizar\u00e1 un macro regional de atletismo.<\/p>\n<div id=\"attachment_129062\" style=\"width: 732px\" class=\"wp-caption aligncenter\"><img aria-describedby=\"caption-attachment-129062\" decoding=\"async\" loading=\"lazy\" class=\"size-full wp-image-129062\" src=\"https:\/\/www.uv.mx\/prensa\/files\/2023\/04\/100423-UNIVERSIADA-REGIONAL-4-100k.jpg\" alt=\"El equipo de basquetbol varonil Halcones UV logr\u00f3 su ascenso a la Primera Divisi\u00f3n, dentro de la Liga ABE M\u00e9xico\" width=\"722\" height=\"508\" srcset=\"https:\/\/www.uv.mx\/prensa\/files\/2023\/04\/100423-UNIVERSIADA-REGIONAL-4-100k.jpg 722w, https:\/\/www.uv.mx\/prensa\/files\/2023\/04\/100423-UNIVERSIADA-REGIONAL-4-100k-300x211.jpg 300w\" sizes=\"(max-width: 722px) 100vw, 722px\" \/><p id=\"caption-attachment-129062\" class=\"wp-caption-text\">El equipo de basquetbol varonil Halcones UV logr\u00f3 su ascenso a la Primera Divisi\u00f3n, dentro de la Liga ABE M\u00e9xico<\/p><\/div>\n<p>&nbsp;<\/p>\n<p class=\"p3\">En otro orden de ideas, Maribel Barradas anunci\u00f3 el logro del equipo de basquetbol varonil <i>Halcones<\/i> UV, dentro de la final del Campeonato Nacional Divisi\u00f3n II de la Asociaci\u00f3n de Basquetbol Estudiantil (mejor conocida como Liga ABE M\u00e9xico), realizado del 23 al 29 de marzo en M\u00e9rida, Yucat\u00e1n.<\/p>\n<p class=\"p3\">Con la adjudicaci\u00f3n del segundo lugar, el equipo qued\u00f3 como subcampe\u00f3n y logr\u00f3 su ascenso a la Primera Divisi\u00f3n.<\/p>\n<p class=\"p3\">El beisbol no fue la excepci\u00f3n, puesto que el equipo UV tambi\u00e9n logr\u00f3 su clasificaci\u00f3n al campeonato de los ocho grandes, de la Comisi\u00f3n Nacional Deportiva Estudiantil de Instituciones Privadas (<i>Conadeip<\/i>), que tendr\u00e1 lugar en Tijuana, del 17 al 22 de abril.<\/p>\n<p class=\"p3\">Los equipos de futbol asociaci\u00f3n tambi\u00e9n concluyeron su participaci\u00f3n en el Campeonato Universitario <i>Telmex-Telcel<\/i>, aunque ninguno de los dos equipos y categor\u00edas logr\u00f3 su clasificaci\u00f3n a las finales.<\/p>\n<p class=\"p3\">\u201cJustas deportivas como \u00e9stas ayudan a los equipos a tener un mayor fogueo; de esta forma, al llegar al proceso de Universiada Nacional est\u00e1n mejor preparados e integrados como equipo\u201d, expres\u00f3 la titular de la DADUV.<\/p>\n","protected":false},"excerpt":{"rendered":"<p>En este evento deportivo participar\u00e1n 278 j\u00f3venes de diversos programas educativos (PE) de las cinco regiones universitarias<\/p>\n","protected":false},"author":1775,"featured_media":129063,"comment_status":"closed","ping_status":"closed","sticky":false,"template":"","format":"standard","meta":[],"categories":[12,47,1,61],"tags":[491,122,10971,10979,5802,10980,4163,10981,10982,197,1383,4700,10972,6769,163,6462,10973,2658,3491,10975,10976,10977,10974,1381,2560,5687,10978],"_links":{"self":[{"href":"https:\/\/www.uv.mx\/prensa\/wp-json\/wp\/v2\/posts\/129058"}],"collection":[{"href":"https:\/\/www.uv.mx\/prensa\/wp-json\/wp\/v2\/posts"}],"about":[{"href":"https:\/\/www.uv.mx\/prensa\/wp-json\/wp\/v2\/types\/post"}],"author":[{"embeddable":true,"href":"https:\/\/www.uv.mx\/prensa\/wp-json\/wp\/v2\/users\/1775"}],"replies":[{"embeddable":true,"href":"https:\/\/www.uv.mx\/prensa\/wp-json\/wp\/v2\/comments?post=129058"}],"version-history":[{"count":1,"href":"https:\/\/www.uv.mx\/prensa\/wp-json\/wp\/v2\/posts\/129058\/revisions"}],"predecessor-version":[{"id":129120,"href":"https:\/\/www.uv.mx\/prensa\/wp-json\/wp\/v2\/posts\/129058\/revisions\/129120"}],"wp:featuredmedia":[{"embeddable":true,"href":"https:\/\/www.uv.mx\/prensa\/wp-json\/wp\/v2\/media\/129063"}],"wp:attachment":[{"href":"https:\/\/www.uv.mx\/prensa\/wp-json\/wp\/v2\/media?parent=129058"}],"wp:term":[{"taxonomy":"category","embeddable":true,"href":"https:\/\/www.uv.mx\/prensa\/wp-json\/wp\/v2\/categories?post=129058"},{"taxonomy":"post_tag","embeddable":true,"href":"https:\/\/www.uv.mx\/prensa\/wp-json\/wp\/v2\/tags?post=129058"}],"curies":[{"name":"wp","href":"https:\/\/api.w.org\/{rel}","templated":true}]}}