{"id":129730,"date":"2023-04-27T16:27:50","date_gmt":"2023-04-27T21:27:50","guid":{"rendered":"https:\/\/www.uv.mx\/prensa\/?p=129730"},"modified":"2023-04-27T16:27:50","modified_gmt":"2023-04-27T21:27:50","slug":"uv-forma-profesionistas-calificados-y-con-alto-sentido-humanista","status":"publish","type":"post","link":"https:\/\/www.uv.mx\/prensa\/general\/uv-forma-profesionistas-calificados-y-con-alto-sentido-humanista\/","title":{"rendered":"UV forma profesionistas calificados y con alto sentido humanista\u00a0"},"content":{"rendered":"<ul>\n<li data-leveltext=\"\uf0b7\" data-font=\"Symbol\" data-listid=\"1\" data-list-defn-props=\"{&quot;335551671&quot;:9,&quot;335552541&quot;:1,&quot;335559684&quot;:-2,&quot;335559685&quot;:720,&quot;335559991&quot;:360,&quot;469769226&quot;:&quot;Symbol&quot;,&quot;469769242&quot;:[8226],&quot;469777803&quot;:&quot;left&quot;,&quot;469777804&quot;:&quot;\uf0b7&quot;,&quot;469777815&quot;:&quot;hybridMultilevel&quot;}\" data-aria-posinset=\"9\" data-aria-level=\"1\"><i><span data-contrast=\"auto\">Los cambios vertiginosos requieren de habilidades y competencias emergentes, que suponen grandes retos para las instituciones de educaci\u00f3n superior y sus egresados<\/span><\/i><span data-ccp-props=\"{&quot;134233117&quot;:false,&quot;134233118&quot;:false,&quot;201341983&quot;:0,&quot;335559738&quot;:0,&quot;335559739&quot;:0,&quot;335559740&quot;:240}\">\u00a0<\/span><\/li>\n<li data-leveltext=\"\uf0b7\" data-font=\"Symbol\" data-listid=\"1\" data-list-defn-props=\"{&quot;335551671&quot;:9,&quot;335552541&quot;:1,&quot;335559684&quot;:-2,&quot;335559685&quot;:720,&quot;335559991&quot;:360,&quot;469769226&quot;:&quot;Symbol&quot;,&quot;469769242&quot;:[8226],&quot;469777803&quot;:&quot;left&quot;,&quot;469777804&quot;:&quot;\uf0b7&quot;,&quot;469777815&quot;:&quot;hybridMultilevel&quot;}\" data-aria-posinset=\"9\" data-aria-level=\"1\"><i><span data-contrast=\"auto\">Se efectu\u00f3 la Jornada <\/span><\/i><i><span data-contrast=\"none\">en l\u00ednea<\/span><\/i> <i><span data-contrast=\"auto\">Proyecta Empleo 2023<\/span><\/i><span data-ccp-props=\"{&quot;134233117&quot;:false,&quot;134233118&quot;:false,&quot;201341983&quot;:0,&quot;335559738&quot;:0,&quot;335559739&quot;:0,&quot;335559740&quot;:240}\">\u00a0<\/span><\/li>\n<\/ul>\n<p>&nbsp;<\/p>\n<div id=\"attachment_129734\" style=\"width: 1010px\" class=\"wp-caption aligncenter\"><img aria-describedby=\"caption-attachment-129734\" decoding=\"async\" loading=\"lazy\" class=\"size-full wp-image-129734\" src=\"https:\/\/www.uv.mx\/prensa\/files\/2023\/04\/BPR-27042023-Couttolenc-Jornada-Proyecta-empleo-1.jpg\" alt=\"\" width=\"1000\" height=\"350\" srcset=\"https:\/\/www.uv.mx\/prensa\/files\/2023\/04\/BPR-27042023-Couttolenc-Jornada-Proyecta-empleo-1.jpg 1000w, https:\/\/www.uv.mx\/prensa\/files\/2023\/04\/BPR-27042023-Couttolenc-Jornada-Proyecta-empleo-1-300x105.jpg 300w, https:\/\/www.uv.mx\/prensa\/files\/2023\/04\/BPR-27042023-Couttolenc-Jornada-Proyecta-empleo-1-768x269.jpg 768w\" sizes=\"(max-width: 1000px) 100vw, 1000px\" \/><p id=\"caption-attachment-129734\" class=\"wp-caption-text\">Con m\u00e1s de 554 participantes, se llev\u00f3 a cabo la Jornada virtual Proyecta Empleo 2023<\/p><\/div>\n<p><span data-ccp-props=\"{&quot;134233117&quot;:false,&quot;134233118&quot;:false,&quot;201341983&quot;:0,&quot;335559738&quot;:0,&quot;335559739&quot;:0,&quot;335559740&quot;:240}\">\u00a0<\/span><\/p>\n<p><b><i><span data-contrast=\"none\">Jos\u00e9 Luis Couttolenc Soto<\/span><\/i><\/b><span data-ccp-props=\"{&quot;134233117&quot;:false,&quot;134233118&quot;:false,&quot;201341983&quot;:0,&quot;335559738&quot;:0,&quot;335559739&quot;:0,&quot;335559740&quot;:240}\">\u00a0<\/span><\/p>\n<p><b><i><span data-contrast=\"none\">Fotos: Omar Portilla Palacios<\/span><\/i><\/b><span data-ccp-props=\"{&quot;134233117&quot;:false,&quot;134233118&quot;:false,&quot;201341983&quot;:0,&quot;335559738&quot;:0,&quot;335559739&quot;:0,&quot;335559740&quot;:240}\">\u00a0<\/span><\/p>\n<p><b><i><span data-contrast=\"none\">27\/04\/2023, Xalapa, Ver.- <\/span><\/i><\/b><span data-contrast=\"none\">Jaqueline Jongitud Zamora, secretaria de Desarrollo Institucional de la Universidad Veracruzana (UV), inaugur\u00f3 la Jornada en l\u00ednea Proyecta Empleo 2023 y destac\u00f3 el compromiso permanente de esta casa de estudios para cumplir su misi\u00f3n de formar profesionales calificados, \u00e9ticamente comprometidos y con alto sentido humanista.<\/span><span data-ccp-props=\"{&quot;134233117&quot;:false,&quot;134233118&quot;:false,&quot;201341983&quot;:0,&quot;335559738&quot;:0,&quot;335559739&quot;:0,&quot;335559740&quot;:240}\">\u00a0<\/span><\/p>\n<p><span data-contrast=\"none\">Manifest\u00f3 que los cambios vertiginosos de las \u00faltimas d\u00e9cadas en los \u00e1mbitos econ\u00f3mico, social y cultural, el ingreso de la era digital, sus innovaciones y automatizaci\u00f3n de procesos, generan desempleo y eliminaci\u00f3n de puestos de trabajo, pero crean nuevas oportunidades que requieren de habilidades y competencias emergentes que suponen retos tanto para las instituciones de educaci\u00f3n superior como para sus egresados.<\/span><span data-ccp-props=\"{&quot;134233117&quot;:false,&quot;134233118&quot;:false,&quot;201341983&quot;:0,&quot;335559738&quot;:0,&quot;335559739&quot;:0,&quot;335559740&quot;:240}\">\u00a0<\/span><\/p>\n<p><span data-contrast=\"none\">Por ello, con Proyecta Empleo 2023, que se efectu\u00f3 este jueves en el marco de la celebraci\u00f3n del D\u00eda del Trabajo (1 de mayo), se busca facilitar a estudiantes y egresados herramientas para su inserci\u00f3n en el mercado laboral.<\/span><\/p>\n<p>&nbsp;<\/p>\n<div id=\"attachment_129732\" style=\"width: 732px\" class=\"wp-caption aligncenter\"><img aria-describedby=\"caption-attachment-129732\" decoding=\"async\" loading=\"lazy\" class=\"size-full wp-image-129732\" src=\"https:\/\/www.uv.mx\/prensa\/files\/2023\/04\/27042023-Couttolenc-Jornada-Proyecta-empleo-2.jpg\" alt=\"\" width=\"722\" height=\"306\" srcset=\"https:\/\/www.uv.mx\/prensa\/files\/2023\/04\/27042023-Couttolenc-Jornada-Proyecta-empleo-2.jpg 722w, https:\/\/www.uv.mx\/prensa\/files\/2023\/04\/27042023-Couttolenc-Jornada-Proyecta-empleo-2-300x127.jpg 300w\" sizes=\"(max-width: 722px) 100vw, 722px\" \/><p id=\"caption-attachment-129732\" class=\"wp-caption-text\">Los cambios vertiginosos requieren de habilidades y competencias emergentes, asegur\u00f3 Jaqueline Jongitud Zamora, secretaria de Desarrollo Institucional<\/p><\/div>\n<p>&nbsp;<\/p>\n<p><span data-contrast=\"none\">En relaci\u00f3n a la celebraci\u00f3n del primero de mayo, apunt\u00f3 que es un reconocimiento a hombres y mujeres del ayer, hoy y ma\u00f1ana, que de forma diligente construyen d\u00eda a d\u00eda la naci\u00f3n, que saben que el trabajo no es un castigo sino un medio para alcanzar un modo honesto de vida, \u201ces una oportunidad de contribuir al bien com\u00fan, a la prosperidad, al bienestar del pa\u00eds; es una autorrealizaci\u00f3n que da sentido de vida\u201d.<\/span><span data-ccp-props=\"{&quot;134233117&quot;:false,&quot;134233118&quot;:false,&quot;201341983&quot;:0,&quot;335559738&quot;:0,&quot;335559739&quot;:0,&quot;335559740&quot;:240}\">\u00a0<\/span><\/p>\n<p><span data-contrast=\"none\">En su oportunidad, Seraf\u00edn Flores de la Cruz, director general de Vinculaci\u00f3n, mencion\u00f3 que la UV es una instituci\u00f3n que brinda una educaci\u00f3n de calidad con los m\u00e1s altos est\u00e1ndares a nivel internacional, y que se ocupa y preocupa por formar profesionales con visi\u00f3n de respeto a los derechos humanos y la sustentabilidad.<\/span><span data-ccp-props=\"{&quot;134233117&quot;:false,&quot;134233118&quot;:false,&quot;201341983&quot;:0,&quot;335559738&quot;:0,&quot;335559739&quot;:0,&quot;335559740&quot;:240}\">\u00a0<\/span><\/p>\n<p><span data-contrast=\"auto\">Consider\u00f3 que el tr\u00e1nsito de una sociedad industrializada y de tecnolog\u00edas de informaci\u00f3n m\u00e1s complejas, demanda profesionistas con preparaci\u00f3n actualizada y congruente con las necesidades del mercado de trabajo y de la sociedad.<\/span><span data-ccp-props=\"{&quot;134233117&quot;:false,&quot;134233118&quot;:false,&quot;201341983&quot;:0,&quot;335559738&quot;:0,&quot;335559739&quot;:0,&quot;335559740&quot;:240}\">\u00a0<\/span><\/p>\n<p><span data-contrast=\"auto\">Las actividades fueron trasmitidas v\u00eda <\/span><i><span data-contrast=\"auto\">Zoom<\/span><\/i><span data-contrast=\"auto\"> y por Facebook\/BolsadeTrabajoUV con acceso gratuito, con un registro de 554 asistentes virtuales. Incluyeron el taller \u201cPreparaci\u00f3n para el empleo\u201d, a cargo de Adriana Alonso Rodr\u00edguez y Karina Santiago Cervantes, instructoras certificadas por el Servicio Nacional de Empleo Veracruz.<\/span><\/p>\n<p>&nbsp;<\/p>\n<div id=\"attachment_129733\" style=\"width: 732px\" class=\"wp-caption aligncenter\"><img aria-describedby=\"caption-attachment-129733\" decoding=\"async\" loading=\"lazy\" class=\"size-full wp-image-129733\" src=\"https:\/\/www.uv.mx\/prensa\/files\/2023\/04\/27042023-Couttolenc-Jornada-Proyecta-empleo-4.jpg\" alt=\"\" width=\"722\" height=\"427\" srcset=\"https:\/\/www.uv.mx\/prensa\/files\/2023\/04\/27042023-Couttolenc-Jornada-Proyecta-empleo-4.jpg 722w, https:\/\/www.uv.mx\/prensa\/files\/2023\/04\/27042023-Couttolenc-Jornada-Proyecta-empleo-4-300x177.jpg 300w\" sizes=\"(max-width: 722px) 100vw, 722px\" \/><p id=\"caption-attachment-129733\" class=\"wp-caption-text\">Adriana Alonso Rodr\u00edguez, del Servicio Nacional de Empleo Veracruz, proporcion\u00f3 tips, estrategias y herramientas para enfrentar el proceso de inserci\u00f3n al mercado laboral<\/p><\/div>\n<p><span data-ccp-props=\"{&quot;134233117&quot;:false,&quot;134233118&quot;:false,&quot;201341983&quot;:0,&quot;335559738&quot;:0,&quot;335559739&quot;:0,&quot;335559740&quot;:240}\">\u00a0<\/span><\/p>\n<p><span data-contrast=\"auto\">Proporcionaron consejos, estrategias y herramientas para enfrentar el proceso de inserci\u00f3n al mercado laboral, disminuir el n\u00famero de errores que frecuentemente se cometen en la b\u00fasqueda de empleo, y recomendaciones que les permitan colocarse en el menor tiempo posible en el trabajo de acuerdo a sus expectativas, intereses y habilidades.<\/span><span data-ccp-props=\"{&quot;134233117&quot;:false,&quot;134233118&quot;:false,&quot;201341983&quot;:0,&quot;335559738&quot;:0,&quot;335559739&quot;:0,&quot;335559740&quot;:240}\">\u00a0<\/span><\/p>\n<p><span data-contrast=\"auto\">Andrea Amezcua Correa, asociada experimentada de atracci\u00f3n de talento de la Compa\u00f1\u00eda PwC de M\u00e9xico, disert\u00f3 sobre \u201cHerramientas digitales para el empleo de mis sue\u00f1os\u201d; Gloria Camarillo Ortiz y Antonio Fuentes Hern\u00e1ndez, especialistas de recursos humanos de la f\u00e1brica Nestl\u00e9 Coatepec, hablaron de \u201cRelaciones laborales\u201d; Daniel Alfredo Trejo Espinosa y Mayra B\u00e1rcenas, especialistas de atracci\u00f3n de talento TI del Grupo Salinas, abordaron \u201cInserci\u00f3n laboral\u201d.<\/span><span data-ccp-props=\"{&quot;134233117&quot;:false,&quot;134233118&quot;:false,&quot;201341983&quot;:0,&quot;335559738&quot;:0,&quot;335559739&quot;:0,&quot;335559740&quot;:240}\">\u00a0<\/span><\/p>\n<p><span data-contrast=\"auto\">En la modalidad virtual asistieron Ema Natalia Trujillo P\u00e9rez, coordinadora acad\u00e9mica de la Subsecretar\u00eda de Educaci\u00f3n Media Superior y Superior del Gobierno del Estado, as\u00ed como directores generales de las \u00e1reas acad\u00e9micas de la UV, y representantes de empresas y organizaciones.<\/span><span data-ccp-props=\"{&quot;134233117&quot;:false,&quot;134233118&quot;:false,&quot;201341983&quot;:0,&quot;335559738&quot;:0,&quot;335559739&quot;:0,&quot;335559740&quot;:240}\">\u00a0<\/span><\/p>\n<p><span data-contrast=\"auto\">Araceli Basurto Arriyaga, jefa del Departamento de Vinculaci\u00f3n con el Sector Productivo para la Inserci\u00f3n Laboral, fungi\u00f3 como moderadora de la jornada.<\/span><\/p>\n","protected":false},"excerpt":{"rendered":"<p>A trav\u00e9s de conferencias y talleres, la Universidad facilita herramientas a estudiantes y egresados para su inserci\u00f3n al mercado laboral<\/p>\n","protected":false},"author":1869,"featured_media":129734,"comment_status":"closed","ping_status":"closed","sticky":false,"template":"","format":"standard","meta":[],"categories":[47,1,61,6299],"tags":[8698,11307,2757,994,1816,11173,1015,4162,6462,11305,11306,11304],"_links":{"self":[{"href":"https:\/\/www.uv.mx\/prensa\/wp-json\/wp\/v2\/posts\/129730"}],"collection":[{"href":"https:\/\/www.uv.mx\/prensa\/wp-json\/wp\/v2\/posts"}],"about":[{"href":"https:\/\/www.uv.mx\/prensa\/wp-json\/wp\/v2\/types\/post"}],"author":[{"embeddable":true,"href":"https:\/\/www.uv.mx\/prensa\/wp-json\/wp\/v2\/users\/1869"}],"replies":[{"embeddable":true,"href":"https:\/\/www.uv.mx\/prensa\/wp-json\/wp\/v2\/comments?post=129730"}],"version-history":[{"count":1,"href":"https:\/\/www.uv.mx\/prensa\/wp-json\/wp\/v2\/posts\/129730\/revisions"}],"predecessor-version":[{"id":129736,"href":"https:\/\/www.uv.mx\/prensa\/wp-json\/wp\/v2\/posts\/129730\/revisions\/129736"}],"wp:featuredmedia":[{"embeddable":true,"href":"https:\/\/www.uv.mx\/prensa\/wp-json\/wp\/v2\/media\/129734"}],"wp:attachment":[{"href":"https:\/\/www.uv.mx\/prensa\/wp-json\/wp\/v2\/media?parent=129730"}],"wp:term":[{"taxonomy":"category","embeddable":true,"href":"https:\/\/www.uv.mx\/prensa\/wp-json\/wp\/v2\/categories?post=129730"},{"taxonomy":"post_tag","embeddable":true,"href":"https:\/\/www.uv.mx\/prensa\/wp-json\/wp\/v2\/tags?post=129730"}],"curies":[{"name":"wp","href":"https:\/\/api.w.org\/{rel}","templated":true}]}}