{"id":129915,"date":"2023-05-05T07:55:07","date_gmt":"2023-05-05T12:55:07","guid":{"rendered":"https:\/\/www.uv.mx\/prensa\/?p=129915"},"modified":"2023-05-04T11:38:32","modified_gmt":"2023-05-04T16:38:32","slug":"osx-vuelve-al-barrio-de-xallitic","status":"publish","type":"post","link":"https:\/\/www.uv.mx\/prensa\/cultura\/osx-vuelve-al-barrio-de-xallitic\/","title":{"rendered":"OSX vuelve al barrio de Xallitic"},"content":{"rendered":"<ul style=\"font-weight: 400\">\n<li data-leveltext=\"\uf0b7\" data-font=\"Symbol\" data-listid=\"3\" data-list-defn-props=\"{&quot;335552541&quot;:1,&quot;335559684&quot;:-2,&quot;335559685&quot;:720,&quot;335559991&quot;:360,&quot;469769226&quot;:&quot;Symbol&quot;,&quot;469769242&quot;:[8226],&quot;469777803&quot;:&quot;left&quot;,&quot;469777804&quot;:&quot;\uf0b7&quot;,&quot;469777815&quot;:&quot;hybridMultilevel&quot;}\" data-aria-posinset=\"1\" data-aria-level=\"1\"><i><span data-contrast=\"auto\">El organismo sinf\u00f3nico se presenta el s\u00e1bado 6 de mayo a las 19:00 horas<\/span><\/i><span data-ccp-props=\"{&quot;201341983&quot;:0,&quot;335559739&quot;:0,&quot;335559740&quot;:240}\">\u00a0<\/span><\/li>\n<li data-leveltext=\"\uf0b7\" data-font=\"Symbol\" data-listid=\"3\" data-list-defn-props=\"{&quot;335552541&quot;:1,&quot;335559684&quot;:-2,&quot;335559685&quot;:720,&quot;335559991&quot;:360,&quot;469769226&quot;:&quot;Symbol&quot;,&quot;469769242&quot;:[8226],&quot;469777803&quot;:&quot;left&quot;,&quot;469777804&quot;:&quot;\uf0b7&quot;,&quot;469777815&quot;:&quot;hybridMultilevel&quot;}\" data-aria-posinset=\"2\" data-aria-level=\"1\"><i><span data-contrast=\"auto\">Obras de Moncayo, Puccini, Rossini, Revueltas y m\u00e1s<\/span><\/i><span data-ccp-props=\"{&quot;201341983&quot;:0,&quot;335559739&quot;:0,&quot;335559740&quot;:240}\">\u00a0<\/span><\/li>\n<li data-leveltext=\"\uf0b7\" data-font=\"Symbol\" data-listid=\"3\" data-list-defn-props=\"{&quot;335552541&quot;:1,&quot;335559684&quot;:-2,&quot;335559685&quot;:720,&quot;335559991&quot;:360,&quot;469769226&quot;:&quot;Symbol&quot;,&quot;469769242&quot;:[8226],&quot;469777803&quot;:&quot;left&quot;,&quot;469777804&quot;:&quot;\uf0b7&quot;,&quot;469777815&quot;:&quot;hybridMultilevel&quot;}\" data-aria-posinset=\"3\" data-aria-level=\"1\"><i><span data-contrast=\"auto\">La audici\u00f3n ser\u00e1 dirigida por Martin Lebel<\/span><\/i><span data-ccp-props=\"{&quot;201341983&quot;:0,&quot;335559739&quot;:0,&quot;335559740&quot;:240}\">\u00a0<\/span><\/li>\n<\/ul>\n<p>&nbsp;<\/p>\n<div id=\"attachment_129921\" style=\"width: 732px\" class=\"wp-caption aligncenter\"><a href=\"https:\/\/www.uv.mx\/prensa\/files\/2023\/05\/030523-PACHECO-OSX-Xallitic-1-copia-1.jpg\"><img loading=\"lazy\" decoding=\"async\" aria-describedby=\"caption-attachment-129921\" class=\"wp-image-129921 size-full\" src=\"https:\/\/www.uv.mx\/prensa\/files\/2023\/05\/030523-PACHECO-OSX-Xallitic-1-copia-1.jpg\" alt=\"\" width=\"722\" height=\"379\" srcset=\"https:\/\/www.uv.mx\/prensa\/files\/2023\/05\/030523-PACHECO-OSX-Xallitic-1-copia-1.jpg 722w, https:\/\/www.uv.mx\/prensa\/files\/2023\/05\/030523-PACHECO-OSX-Xallitic-1-copia-1-300x157.jpg 300w\" sizes=\"auto, (max-width: 722px) 100vw, 722px\" \/><\/a><p id=\"caption-attachment-129921\" class=\"wp-caption-text\">El evento ser\u00e1 para todo p\u00fablico y sin costo<\/p><\/div>\n<p>&nbsp;<\/p>\n<p><b><i><span data-contrast=\"auto\">Texto y foto: OSX<\/span><\/i><\/b><span data-ccp-props=\"{&quot;201341983&quot;:0,&quot;335559739&quot;:0,&quot;335559740&quot;:240}\">\u00a0<\/span><\/p>\n<p><b><i><span data-contrast=\"auto\">05\/05\/2023, Xalapa, Ver.- <\/span><\/i><\/b><span data-contrast=\"auto\">La Orquesta Sinf\u00f3nica de Xalapa (OSX) de la Universidad Veracruzana (UV), en coordinaci\u00f3n con el Ayuntamiento de Xalapa y el Patronato Vecinal Barrio Xallitic, presenta el s\u00e1bado 6 de mayo a las 19:00 horas, un concierto en la explanada de Xallitic y con acceso libre para todo p\u00fablico.<\/span><span data-ccp-props=\"{&quot;201341983&quot;:0,&quot;335559739&quot;:0,&quot;335559740&quot;:240}\">\u00a0<\/span><\/p>\n<p><span data-contrast=\"auto\">El programa especial incluye obras mexicanas y latinas de Arturo Rodr\u00edguez, Jos\u00e9 Pablo Moncayo, Silvestre Revueltas y Ernesto Lecuona; tambi\u00e9n destacan autores del Viejo Continente como Georges Bizet, Giacomo Puccini y Gioachino Rossini, bajo la direcci\u00f3n de Martin Lebel.<\/span><span data-ccp-props=\"{&quot;201341983&quot;:0,&quot;335559739&quot;:0,&quot;335559740&quot;:240}\">\u00a0<\/span><\/p>\n<p><span data-contrast=\"auto\">A un a\u00f1o de su anterior presentaci\u00f3n en el escenario referido, con una asistencia de m\u00e1s de tres mil personas, la OSX regresa al tradicional barrio ubicado en el Centro Hist\u00f3rico de Xalapa. Al perfilarse como el primer Barrio M\u00e1gico del estado de Veracruz, eventos como \u00e9ste realzan su importancia cultural para la sociedad veracruzana.<\/span><span data-ccp-props=\"{&quot;201341983&quot;:0,&quot;335559731&quot;:708,&quot;335559739&quot;:0,&quot;335559740&quot;:240}\">\u00a0<\/span><\/p>\n<p><span data-contrast=\"auto\">Compuesta y orquestada en 1999, <\/span><i><span data-contrast=\"auto\">Mosaico mexicano<\/span><\/i><span data-contrast=\"auto\"> del mexicano Arturo Rodr\u00edguez, es una pieza festiva y l\u00fadica que asimila y transforma diversas muestras sonoras de g\u00e9neros y m\u00fasica popular del pa\u00eds.<\/span><span data-ccp-props=\"{&quot;201341983&quot;:0,&quot;335559731&quot;:708,&quot;335559739&quot;:0,&quot;335559740&quot;:240}\">\u00a0<\/span><\/p>\n<p><span data-contrast=\"auto\">Elegir personajes y locaciones ex\u00f3ticas y remotas para las \u00f3peras era una costumbre muy usual del siglo XIX. Rossini fue un vivo ejemplo de esto, por lo cual no extra\u00f1a la elecci\u00f3n de la m\u00edtica leyenda de Babilonia \u201cSem\u00edramis\u201d, la cual dio origen a la famosa obertura.<\/span><span data-ccp-props=\"{&quot;201341983&quot;:0,&quot;335559731&quot;:708,&quot;335559739&quot;:0,&quot;335559740&quot;:240}\">\u00a0<\/span><\/p>\n<p>&nbsp;<\/p>\n<div id=\"attachment_129917\" style=\"width: 732px\" class=\"wp-caption aligncenter\"><a href=\"https:\/\/www.uv.mx\/prensa\/files\/2023\/05\/030523-PACHECO-OSX-Xallitic-2.jpg\"><img loading=\"lazy\" decoding=\"async\" aria-describedby=\"caption-attachment-129917\" class=\"size-full wp-image-129917\" src=\"https:\/\/www.uv.mx\/prensa\/files\/2023\/05\/030523-PACHECO-OSX-Xallitic-2.jpg\" alt=\"\" width=\"722\" height=\"903\" srcset=\"https:\/\/www.uv.mx\/prensa\/files\/2023\/05\/030523-PACHECO-OSX-Xallitic-2.jpg 722w, https:\/\/www.uv.mx\/prensa\/files\/2023\/05\/030523-PACHECO-OSX-Xallitic-2-240x300.jpg 240w\" sizes=\"auto, (max-width: 722px) 100vw, 722px\" \/><\/a><p id=\"caption-attachment-129917\" class=\"wp-caption-text\">En el Barrio Xallitic, la OSX se presenta el s\u00e1bado 6 de mayo a las 19:00 horas<\/p><\/div>\n<p>&nbsp;<\/p>\n<p><span data-contrast=\"auto\">Compuesta en 1823, es una de las oberturas m\u00e1s complejas y hermosas del autor, con destacadas melod\u00edas y temas que forman parte integral de la \u00f3pera <\/span><i><span data-contrast=\"auto\">Semiramide<\/span><\/i><span data-contrast=\"auto\">.<\/span><span data-ccp-props=\"{&quot;201341983&quot;:0,&quot;335559731&quot;:708,&quot;335559739&quot;:0,&quot;335559740&quot;:240}\">\u00a0<\/span><\/p>\n<p><span data-contrast=\"auto\">Janitzio es un pueblo de algunos cientos de habitantes y es la mayor de las cinco islas del lago de P\u00e1tzcuaro. Es la fuente de inspiraci\u00f3n al poema sinf\u00f3nico del mismo nombre, creado en 1933 por Silvestre Revueltas. Guarda adem\u00e1s un lugar especial en la producci\u00f3n del compositor, pues rompe con el paradigma de temas exclusivos provenientes de la imaginaci\u00f3n del autor, empleando melod\u00edas y ritmos folcl\u00f3ricos empapados en las tradiciones del m\u00e1gico lugar.<\/span><span data-ccp-props=\"{&quot;201341983&quot;:0,&quot;335559731&quot;:708,&quot;335559739&quot;:0,&quot;335559740&quot;:240}\">\u00a0<\/span><\/p>\n<p><span data-contrast=\"auto\">El cl\u00e1sico literario, <\/span><i><span data-contrast=\"auto\">L\u2019Arlesienne<\/span><\/i><span data-contrast=\"auto\">, creado por un personaje controversial como Alphonse Daudet, hubiera pasado inadvertido de no ser por su inclusi\u00f3n en la producci\u00f3n musical de Georges Bizet. Se interpretar\u00e1n fragmentos de las dos suites, de sonido irresistible y c\u00e1lido para el escucha.<\/span><span data-ccp-props=\"{&quot;201341983&quot;:0,&quot;335559739&quot;:0,&quot;335559740&quot;:240}\">\u00a0<\/span><\/p>\n<p><span data-contrast=\"auto\">En la vasta producci\u00f3n musical del cubano Ernesto Lecuona, incluyendo 176 obras para piano, la <\/span><i><span data-contrast=\"auto\">Suite Andaluc\u00eda<\/span><\/i><span data-contrast=\"auto\"> se destaca por su reconocida celebridad mundial. Compuesta en 1927 e inspirada en la regi\u00f3n hom\u00f3nima de Espa\u00f1a, consta de seis movimientos. Para este concierto ser\u00e1 interpretado el sexto movimiento, la famosa <\/span><i><span data-contrast=\"auto\">Malague\u00f1a<\/span><\/i><span data-contrast=\"auto\">, obra que fue adaptada como canci\u00f3n durante d\u00e9cadas en diferentes g\u00e9neros. La versi\u00f3n seleccionada para este programa ser\u00e1 la que adapt\u00f3 el compositor norteamericano Ferde Grof\u00e9.<\/span><span data-ccp-props=\"{&quot;201341983&quot;:0,&quot;335559731&quot;:708,&quot;335559739&quot;:0,&quot;335559740&quot;:240}\">\u00a0<\/span><\/p>\n<p><span data-contrast=\"auto\">Reiteramos que todos podremos disfrutar de esta audici\u00f3n sin costo alguno.<\/span><span data-ccp-props=\"{&quot;201341983&quot;:0,&quot;335559731&quot;:708,&quot;335559739&quot;:0,&quot;335559740&quot;:240}\">\u00a0<\/span><\/p>\n<p><span data-ccp-props=\"{&quot;201341983&quot;:0,&quot;335559739&quot;:0,&quot;335559740&quot;:240}\">\u00a0<\/span><\/p>\n","protected":false},"excerpt":{"rendered":"<p>A los c\u00e9lebres nombres de autores como Moncayo, Puccini, Revueltas y Bizet se suman los de Arturo Rodr\u00edguez y Ernesto Lecuona, con arreglos de Grof\u00e9<\/p>\n","protected":false},"author":1809,"featured_media":129921,"comment_status":"closed","ping_status":"closed","sticky":false,"template":"","format":"standard","meta":{"footnotes":""},"categories":[11,47],"tags":[11415,1724,11414,11413,11417,11418,9695,11419,11416,1535,232,1532],"class_list":["post-129915","post","type-post","status-publish","format-standard","has-post-thumbnail","hentry","category-cultura","category-eventos","tag-arturo-rodriguez","tag-ayuntamiento-de-xalapa","tag-barrio-xallitic","tag-centro-historico","tag-ernesto-lecuona","tag-georges-bizet","tag-giacomo-puccini","tag-gioachino-rossini","tag-jose-pablo-moncayo","tag-martin-lebel","tag-orquesta-sinfonica-de-xalapa-osx","tag-silvestre-revueltas"],"_links":{"self":[{"href":"https:\/\/www.uv.mx\/prensa\/wp-json\/wp\/v2\/posts\/129915","targetHints":{"allow":["GET"]}}],"collection":[{"href":"https:\/\/www.uv.mx\/prensa\/wp-json\/wp\/v2\/posts"}],"about":[{"href":"https:\/\/www.uv.mx\/prensa\/wp-json\/wp\/v2\/types\/post"}],"author":[{"embeddable":true,"href":"https:\/\/www.uv.mx\/prensa\/wp-json\/wp\/v2\/users\/1809"}],"replies":[{"embeddable":true,"href":"https:\/\/www.uv.mx\/prensa\/wp-json\/wp\/v2\/comments?post=129915"}],"version-history":[{"count":1,"href":"https:\/\/www.uv.mx\/prensa\/wp-json\/wp\/v2\/posts\/129915\/revisions"}],"predecessor-version":[{"id":129922,"href":"https:\/\/www.uv.mx\/prensa\/wp-json\/wp\/v2\/posts\/129915\/revisions\/129922"}],"wp:featuredmedia":[{"embeddable":true,"href":"https:\/\/www.uv.mx\/prensa\/wp-json\/wp\/v2\/media\/129921"}],"wp:attachment":[{"href":"https:\/\/www.uv.mx\/prensa\/wp-json\/wp\/v2\/media?parent=129915"}],"wp:term":[{"taxonomy":"category","embeddable":true,"href":"https:\/\/www.uv.mx\/prensa\/wp-json\/wp\/v2\/categories?post=129915"},{"taxonomy":"post_tag","embeddable":true,"href":"https:\/\/www.uv.mx\/prensa\/wp-json\/wp\/v2\/tags?post=129915"}],"curies":[{"name":"wp","href":"https:\/\/api.w.org\/{rel}","templated":true}]}}