{"id":129932,"date":"2023-05-05T14:40:25","date_gmt":"2023-05-05T19:40:25","guid":{"rendered":"https:\/\/www.uv.mx\/prensa\/?p=129932"},"modified":"2023-05-05T14:40:25","modified_gmt":"2023-05-05T19:40:25","slug":"con-exito-concluyo-jornada-de-donacion-de-sangre-en-medicina-uv","status":"publish","type":"post","link":"https:\/\/www.uv.mx\/prensa\/general\/con-exito-concluyo-jornada-de-donacion-de-sangre-en-medicina-uv\/","title":{"rendered":"Con \u00e9xito, concluy\u00f3 jornada de donaci\u00f3n de sangre en Medicina UV\u00a0"},"content":{"rendered":"<p>&nbsp;<\/p>\n<ul>\n<li data-leveltext=\"\uf0b7\" data-font=\"Symbol\" data-listid=\"2\" data-list-defn-props=\"{&quot;335552541&quot;:1,&quot;335559684&quot;:-2,&quot;335559685&quot;:360,&quot;335559991&quot;:360,&quot;469769226&quot;:&quot;Symbol&quot;,&quot;469769242&quot;:[8226],&quot;469777803&quot;:&quot;left&quot;,&quot;469777804&quot;:&quot;\uf0b7&quot;,&quot;469777815&quot;:&quot;hybridMultilevel&quot;}\" data-aria-posinset=\"1\" data-aria-level=\"1\"><i><span data-contrast=\"auto\">En tres d\u00edas, mediante el programa Gotita de Sangre se recolectaron 96 bolsas de sangre \u2013con 450 mililitros cada una\u2013 y se superaron las 84 unidades del a\u00f1o anterior<\/span><\/i><span data-ccp-props=\"{&quot;201341983&quot;:0,&quot;335559739&quot;:0,&quot;335559740&quot;:240}\">\u00a0<\/span><\/li>\n<li data-leveltext=\"\uf0b7\" data-font=\"Symbol\" data-listid=\"2\" data-list-defn-props=\"{&quot;335552541&quot;:1,&quot;335559684&quot;:-2,&quot;335559685&quot;:360,&quot;335559991&quot;:360,&quot;469769226&quot;:&quot;Symbol&quot;,&quot;469769242&quot;:[8226],&quot;469777803&quot;:&quot;left&quot;,&quot;469777804&quot;:&quot;\uf0b7&quot;,&quot;469777815&quot;:&quot;hybridMultilevel&quot;}\" data-aria-posinset=\"2\" data-aria-level=\"1\"><i><span data-contrast=\"auto\">El Vicerrector celebr\u00f3 la colaboraci\u00f3n interinstitucional y el compromiso de los participantes<\/span><\/i><span data-ccp-props=\"{&quot;201341983&quot;:0,&quot;335559739&quot;:0,&quot;335559740&quot;:240}\">\u00a0<\/span><\/li>\n<\/ul>\n<p><span data-ccp-props=\"{&quot;201341983&quot;:0,&quot;335559739&quot;:0,&quot;335559740&quot;:240}\">\u00a0<\/span><\/p>\n<div id=\"attachment_129933\" style=\"width: 732px\" class=\"wp-caption aligncenter\"><img loading=\"lazy\" decoding=\"async\" aria-describedby=\"caption-attachment-129933\" class=\"size-full wp-image-129933\" src=\"https:\/\/www.uv.mx\/prensa\/files\/2023\/05\/030523-Shuguey-Veracruz-Medicina-Donacion-Sangre-1.jpg\" alt=\"\" width=\"722\" height=\"231\" srcset=\"https:\/\/www.uv.mx\/prensa\/files\/2023\/05\/030523-Shuguey-Veracruz-Medicina-Donacion-Sangre-1.jpg 722w, https:\/\/www.uv.mx\/prensa\/files\/2023\/05\/030523-Shuguey-Veracruz-Medicina-Donacion-Sangre-1-300x96.jpg 300w\" sizes=\"auto, (max-width: 722px) 100vw, 722px\" \/><p id=\"caption-attachment-129933\" class=\"wp-caption-text\">Autoridades, acad\u00e9micos, estudiantes y representantes de las instituciones que colaboran en el programa Gotita de Sangre<\/p><\/div>\n<p>&nbsp;<\/p>\n<p><b><i><span data-contrast=\"auto\">Shuguey Enr\u00edquez Ambell<\/span><\/i><\/b><span data-ccp-props=\"{&quot;134233279&quot;:true,&quot;201341983&quot;:0,&quot;335559739&quot;:0,&quot;335559740&quot;:240}\">\u00a0<\/span><\/p>\n<p><b><i><span data-contrast=\"auto\">Fotos: Blanca Gonz\u00e1lez<\/span><\/i><\/b><span data-ccp-props=\"{&quot;134233279&quot;:true,&quot;201341983&quot;:0,&quot;335559739&quot;:0,&quot;335559740&quot;:240}\">\u00a0<\/span><\/p>\n<p><b><i><span data-contrast=\"auto\">05\/05\/2023, Boca del R\u00edo, Ver.-<\/span><\/i><\/b><span data-contrast=\"auto\"> La Facultad de Medicina de la Universidad Veracruzana (UV), regi\u00f3n Veracruz, realiz\u00f3 del 26 al 28 de abril la segunda jornada de donaci\u00f3n altruista, voluntaria y recurrente de sangre, en el marco del programa Gotita de Sangre.<\/span><span data-ccp-props=\"{&quot;134233279&quot;:true,&quot;201341983&quot;:0,&quot;335559739&quot;:0,&quot;335559740&quot;:240}\">\u00a0<\/span><\/p>\n<p><span data-contrast=\"auto\">Este proyecto surgi\u00f3 de la necesidad que tiene la poblaci\u00f3n y gracias a \u00e9l se han obtenido resultados que ayudan, aminoran y alivian parte de esa problem\u00e1tica, a trav\u00e9s de la creatividad, del esfuerzo, del talento humano y trabajo en equipo, destac\u00f3 Julio C\u00e9sar Vi\u00f1as Dozal, director de la Facultad.<\/span><span data-ccp-props=\"{&quot;134233279&quot;:true,&quot;201341983&quot;:0,&quot;335559731&quot;:708,&quot;335559739&quot;:0,&quot;335559740&quot;:240}\">\u00a0<\/span><\/p>\n<p><span data-contrast=\"auto\">A\u00f1adi\u00f3 que la jornada de recolecta de sangre ha sido muy significativa pues se trata de un producto vital y una herramienta m\u00e1s con la que \u201cpodemos contar los m\u00e9dicos, pero que a veces no est\u00e1 disponible de la forma id\u00f3nea para atender un paciente, e incluso para salvar una vida\u201d.<\/span><\/p>\n<p>&nbsp;<\/p>\n<div id=\"attachment_129934\" style=\"width: 732px\" class=\"wp-caption aligncenter\"><img loading=\"lazy\" decoding=\"async\" aria-describedby=\"caption-attachment-129934\" class=\"size-full wp-image-129934\" src=\"https:\/\/www.uv.mx\/prensa\/files\/2023\/05\/030523-Shuguey-Veracruz-Medicina-Donacion-Sangre-2.jpg\" alt=\"\" width=\"722\" height=\"481\" srcset=\"https:\/\/www.uv.mx\/prensa\/files\/2023\/05\/030523-Shuguey-Veracruz-Medicina-Donacion-Sangre-2.jpg 722w, https:\/\/www.uv.mx\/prensa\/files\/2023\/05\/030523-Shuguey-Veracruz-Medicina-Donacion-Sangre-2-300x200.jpg 300w\" sizes=\"auto, (max-width: 722px) 100vw, 722px\" \/><p id=\"caption-attachment-129934\" class=\"wp-caption-text\">La Facultad de Medicina entreg\u00f3 un reconocimiento a Rub\u00e9n Edel Navarro por el apoyo brindado al proyecto Gotita de Sangre<\/p><\/div>\n<p>&nbsp;<\/p>\n<p><span data-contrast=\"auto\">Vi\u00f1as Dozal consider\u00f3 importante fortalecer la parte preventiva para tener una verdadera cultura de donaci\u00f3n. Explic\u00f3 que de esta necesidad nace Gotita de Sangre, que \u201cqueremos sea un oc\u00e9ano de todas las actividades que realizamos y se han ido sumando\u201d.<\/span><span data-ccp-props=\"{&quot;134233279&quot;:true,&quot;201341983&quot;:0,&quot;335559731&quot;:708,&quot;335559739&quot;:0,&quot;335559740&quot;:240}\">\u00a0<\/span><\/p>\n<p><span data-contrast=\"auto\">Por su parte, el acad\u00e9mico Manuel Saiz Calder\u00f3n G\u00f3mez, impulsor y promotor de Gotita de Sangre e integrante del cuerpo acad\u00e9mico (CA) Innovaci\u00f3n e Investigaci\u00f3n Educativa en Salud, se\u00f1al\u00f3: \u201cEsto no hubiera sido posible sin la participaci\u00f3n de todas las entidades, principalmente de Ciencias de la Salud, as\u00ed como de otras universidades como la del Valle de M\u00e9xico y la \u2018Crist\u00f3bal Col\u00f3n\u2019, el Centro Estatal de la Transfusi\u00f3n Sangu\u00ednea, y el beneficiario principal que fue la Asociaci\u00f3n Mexicana de Ayuda a Ni\u00f1os con C\u00e1ncer\u201d.<\/span><span data-ccp-props=\"{&quot;134233279&quot;:true,&quot;201341983&quot;:0,&quot;335559731&quot;:708,&quot;335559739&quot;:0,&quot;335559740&quot;:240}\">\u00a0<\/span><\/p>\n<p><span data-contrast=\"auto\">Saiz Calder\u00f3n resalt\u00f3 que durante tres d\u00edas se recolectaron 96 bolsas de sangre \u2013con 450 mililitros cada una\u2013 y se superaron las 84 unidades del a\u00f1o anterior.<\/span><span data-ccp-props=\"{&quot;134233279&quot;:true,&quot;201341983&quot;:0,&quot;335559731&quot;:708,&quot;335559739&quot;:0,&quot;335559740&quot;:240}\">\u00a0<\/span><\/p>\n<p>&nbsp;<\/p>\n<div id=\"attachment_129935\" style=\"width: 732px\" class=\"wp-caption aligncenter\"><img loading=\"lazy\" decoding=\"async\" aria-describedby=\"caption-attachment-129935\" class=\"size-full wp-image-129935\" src=\"https:\/\/www.uv.mx\/prensa\/files\/2023\/05\/030523-Shuguey-Veracruz-Medicina-Donacion-Sangre-3.jpg\" alt=\"\" width=\"722\" height=\"481\" srcset=\"https:\/\/www.uv.mx\/prensa\/files\/2023\/05\/030523-Shuguey-Veracruz-Medicina-Donacion-Sangre-3.jpg 722w, https:\/\/www.uv.mx\/prensa\/files\/2023\/05\/030523-Shuguey-Veracruz-Medicina-Donacion-Sangre-3-300x200.jpg 300w\" sizes=\"auto, (max-width: 722px) 100vw, 722px\" \/><p id=\"caption-attachment-129935\" class=\"wp-caption-text\">Asistentes al cierre de la segunda colecta de donaci\u00f3n de sangre<\/p><\/div>\n<p>&nbsp;<\/p>\n<p><span data-contrast=\"auto\">Al clausurar el evento, el vicerrector Rub\u00e9n Edel Navarro manifest\u00f3: \u201cCuando me lleg\u00f3 esta propuesta vi una excelente iniciativa que part\u00eda de la colaboraci\u00f3n de estudiantes, profesores, acad\u00e9micos y coordinadores que estaban involucrados. Lo principal es lo que sucede en el trayecto y lo que va a suceder.<\/span><span data-ccp-props=\"{&quot;134233279&quot;:true,&quot;201341983&quot;:0,&quot;335559731&quot;:708,&quot;335559739&quot;:0,&quot;335559740&quot;:240}\">\u00a0<\/span><\/p>\n<p><span data-contrast=\"auto\">\u201dCelebro la colaboraci\u00f3n interinstitucional, donde vamos haciendo realidad un compromiso compartido, que es un ejemplo para los dem\u00e1s; no s\u00f3lo es importante incrementar la cantidad de donadores, tambi\u00e9n la de complicidades que hay en esta responsabilidad\u201d, concluy\u00f3.<\/span><span data-ccp-props=\"{&quot;134233279&quot;:true,&quot;201341983&quot;:0,&quot;335559731&quot;:708,&quot;335559739&quot;:0,&quot;335559740&quot;:240}\">\u00a0<\/span><\/p>\n<p><span data-contrast=\"auto\">El funcionario recibi\u00f3 un reconocimiento especial de la Facultad de Medicina, por su decidido apoyo a esta iniciativa.<\/span><span data-ccp-props=\"{&quot;134233279&quot;:true,&quot;201341983&quot;:0,&quot;335559731&quot;:708,&quot;335559739&quot;:0,&quot;335559740&quot;:240}\">\u00a0<\/span><\/p>\n<p><span data-contrast=\"auto\">En el acto se cont\u00f3 la presencia de Pedro Guti\u00e9rrez Aguilar, consejero maestro de la Facultad de Medicina, y Wendy Oyuki Covarrubias, alumna pionera del proyecto, as\u00ed como representantes de las instituciones que colaboran en el programa.<\/span><\/p>\n","protected":false},"excerpt":{"rendered":"<p>En tres d\u00edas, mediante el programa Gotita de Sangre se recolectaron 96 bolsas de sangre \u2013con 450 mililitros cada una\u2013 y se superaron las 84 unidades del a\u00f1o anterior\u00a0<\/p>\n","protected":false},"author":1869,"featured_media":129939,"comment_status":"closed","ping_status":"closed","sticky":false,"template":"","format":"standard","meta":{"footnotes":""},"categories":[47,1,61,32,55],"tags":[5027,11423,4388,872,11422,11420,4974,11421],"class_list":["post-129932","post","type-post","status-publish","format-standard","has-post-thumbnail","hentry","category-eventos","category-general","category-banner","category-regiones","category-veracruz","tag-blanca-gonzalez","tag-centro-estatal-de-la-transfusion-sanguinea","tag-ciencias-de-la-salud","tag-facultad-de-medicina","tag-gotita-de-sangre","tag-segunda-jornada-de-donacion-altruista","tag-shuguey-enriquez-ambell","tag-voluntaria-y-recurrente-de-sangre"],"_links":{"self":[{"href":"https:\/\/www.uv.mx\/prensa\/wp-json\/wp\/v2\/posts\/129932","targetHints":{"allow":["GET"]}}],"collection":[{"href":"https:\/\/www.uv.mx\/prensa\/wp-json\/wp\/v2\/posts"}],"about":[{"href":"https:\/\/www.uv.mx\/prensa\/wp-json\/wp\/v2\/types\/post"}],"author":[{"embeddable":true,"href":"https:\/\/www.uv.mx\/prensa\/wp-json\/wp\/v2\/users\/1869"}],"replies":[{"embeddable":true,"href":"https:\/\/www.uv.mx\/prensa\/wp-json\/wp\/v2\/comments?post=129932"}],"version-history":[{"count":1,"href":"https:\/\/www.uv.mx\/prensa\/wp-json\/wp\/v2\/posts\/129932\/revisions"}],"predecessor-version":[{"id":129982,"href":"https:\/\/www.uv.mx\/prensa\/wp-json\/wp\/v2\/posts\/129932\/revisions\/129982"}],"wp:featuredmedia":[{"embeddable":true,"href":"https:\/\/www.uv.mx\/prensa\/wp-json\/wp\/v2\/media\/129939"}],"wp:attachment":[{"href":"https:\/\/www.uv.mx\/prensa\/wp-json\/wp\/v2\/media?parent=129932"}],"wp:term":[{"taxonomy":"category","embeddable":true,"href":"https:\/\/www.uv.mx\/prensa\/wp-json\/wp\/v2\/categories?post=129932"},{"taxonomy":"post_tag","embeddable":true,"href":"https:\/\/www.uv.mx\/prensa\/wp-json\/wp\/v2\/tags?post=129932"}],"curies":[{"name":"wp","href":"https:\/\/api.w.org\/{rel}","templated":true}]}}