{"id":129996,"date":"2023-05-05T15:12:22","date_gmt":"2023-05-05T20:12:22","guid":{"rendered":"https:\/\/www.uv.mx\/prensa\/?p=129996"},"modified":"2023-05-05T15:14:55","modified_gmt":"2023-05-05T20:14:55","slug":"direccion-general-de-recursos-humanos-se-reincorpora-al-sgcuv","status":"publish","type":"post","link":"https:\/\/www.uv.mx\/prensa\/general\/direccion-general-de-recursos-humanos-se-reincorpora-al-sgcuv\/","title":{"rendered":"Direcci\u00f3n General de Recursos Humanos se reincorpora al SGCUV"},"content":{"rendered":"<ul>\n<li><em><span class=\"TextRun Highlight SCXW225881547 BCX0\" lang=\"ES-MX\" xml:lang=\"ES-MX\" data-contrast=\"none\"><span class=\"NormalTextRun SCXW225881547 BCX0\" data-ccp-charstyle=\"normaltextrun\" data-ccp-charstyle-defn=\"{&quot;ObjectId&quot;:&quot;e101e0b8-9e72-4055-87a7-540d9ed83ad2|15&quot;,&quot;ClassId&quot;:1073872969,&quot;Properties&quot;:[469775450,&quot;normaltextrun&quot;,201340122,&quot;1&quot;,134233614,&quot;true&quot;,469778129,&quot;normaltextrun&quot;,335572020,&quot;1&quot;,469778324,&quot;Default Paragraph Font&quot;]}\">\u201cEsta labor es un ejemplo de compromiso y perseverancia, con el fin de cumplir con nuestras responsabilidades institucionales\u201d, afirm\u00f3 su titular Rosa Aid\u00e9 Villalobos Betancourt<\/span><\/span><span class=\"TextRun SCXW225881547 BCX0\" lang=\"ES-MX\" xml:lang=\"ES-MX\" data-contrast=\"none\"><span class=\"NormalTextRun SCXW225881547 BCX0\" data-ccp-charstyle=\"eop\" data-ccp-charstyle-defn=\"{&quot;ObjectId&quot;:&quot;e101e0b8-9e72-4055-87a7-540d9ed83ad2|16&quot;,&quot;ClassId&quot;:1073872969,&quot;Properties&quot;:[469775450,&quot;eop&quot;,201340122,&quot;1&quot;,134233614,&quot;true&quot;,469778129,&quot;eop&quot;,335572020,&quot;1&quot;,469778324,&quot;Default Paragraph Font&quot;]}\">\u202f<\/span><\/span><\/em><\/li>\n<\/ul>\n<p>&nbsp;<\/p>\n<div id=\"attachment_129894\" style=\"width: 732px\" class=\"wp-caption aligncenter\"><img loading=\"lazy\" decoding=\"async\" aria-describedby=\"caption-attachment-129894\" class=\"size-full wp-image-129894\" src=\"https:\/\/www.uv.mx\/prensa\/files\/2023\/05\/030523-CARLOS-Auditoria-RH-3.jpg\" alt=\"Lizbeth Viveros Cancino y Rosa Aid\u00e9 Villalobos Betancourt encabezaron la reuni\u00f3n de apertura de la auditor\u00eda interna\" width=\"722\" height=\"432\" srcset=\"https:\/\/www.uv.mx\/prensa\/files\/2023\/05\/030523-CARLOS-Auditoria-RH-3.jpg 722w, https:\/\/www.uv.mx\/prensa\/files\/2023\/05\/030523-CARLOS-Auditoria-RH-3-300x180.jpg 300w\" sizes=\"auto, (max-width: 722px) 100vw, 722px\" \/><p id=\"caption-attachment-129894\" class=\"wp-caption-text\">Lizbeth Viveros Cancino y Rosa Aid\u00e9 Villalobos Betancourt encabezaron la reuni\u00f3n de apertura de la auditor\u00eda interna<\/p><\/div>\n<p>&nbsp;<\/p>\n<p><b><i><span data-contrast=\"auto\">Carlos Hugo Hermida Rosales<\/span><\/i><\/b><span data-contrast=\"auto\">\u202f<\/span><span data-ccp-props=\"{&quot;134233117&quot;:false,&quot;134233118&quot;:false,&quot;201341983&quot;:0,&quot;335559738&quot;:0,&quot;335559739&quot;:0,&quot;335559740&quot;:240}\">\u00a0<\/span><\/p>\n<p><b><i><span data-contrast=\"auto\">Fotos: Omar Portilla Palacios<\/span><\/i><\/b><span data-contrast=\"auto\">\u202f<\/span><span data-ccp-props=\"{&quot;134233117&quot;:false,&quot;134233118&quot;:false,&quot;201341983&quot;:0,&quot;335559738&quot;:0,&quot;335559739&quot;:0,&quot;335559740&quot;:240}\">\u00a0<\/span><\/p>\n<p><span data-contrast=\"auto\">\u202f<\/span><b><i><span data-contrast=\"auto\">05\/05\/2023, Xalapa, Ver.-<\/span><\/i><\/b><span data-contrast=\"auto\"> La Direcci\u00f3n General de Recursos Humanos (DGRH) de la Universidad Veracruzana (UV) se reincorpora al Sistema de Gesti\u00f3n de la Calidad de esta casa de estudios (SGCUV), a trav\u00e9s de la certificaci\u00f3n de procesos de la Direcci\u00f3n de Relaciones Laborales.<\/span><span data-ccp-props=\"{&quot;134233117&quot;:false,&quot;134233118&quot;:false,&quot;201341983&quot;:0,&quot;335559738&quot;:0,&quot;335559739&quot;:0,&quot;335559740&quot;:240}\">\u00a0<\/span><\/p>\n<p><span data-contrast=\"none\">En reuni\u00f3n de apertura de la auditor\u00eda interna, Rosa Aid\u00e9 Villalobos Betancourt, titular de la DGRH, mencion\u00f3 que, despu\u00e9s de cinco a\u00f1os, la dependencia a su cargo se <\/span><span data-contrast=\"none\">re<\/span><span data-contrast=\"none\">incorpora al SGCUV y que esta acci\u00f3n comenzar\u00e1 con la auditor\u00eda a siete procedimientos que pertenecen a la Direcci\u00f3n de Relaciones Laborales.<\/span><span data-ccp-props=\"{&quot;134233117&quot;:false,&quot;134233118&quot;:false,&quot;201341983&quot;:0,&quot;335559731&quot;:708,&quot;335559738&quot;:0,&quot;335559739&quot;:0,&quot;335559740&quot;:240}\">\u00a0<\/span><\/p>\n<p><span data-contrast=\"none\">Coment\u00f3 que los d\u00edas 3 y 4 de mayo los representantes del SGCUV llevaron a cabo la auditor\u00eda interna para certificar los procesos de: Nivel 1 \u201cAdministraci\u00f3n de recursos humanos\u201d, Nivel 2 \u201cRelaciones laborales\u201d, Nivel 3 \u201cPermanencia y Retiro\u00bb, correspondiente a seis procedimientos de nueva creaci\u00f3n y uno en actualizaci\u00f3n.<\/span><span data-ccp-props=\"{&quot;134233117&quot;:false,&quot;134233118&quot;:false,&quot;201341983&quot;:0,&quot;335559731&quot;:708,&quot;335559738&quot;:0,&quot;335559739&quot;:0,&quot;335559740&quot;:240}\">\u00a0<\/span><\/p>\n<p><span data-contrast=\"none\">\u201cEsta labor es un ejemplo de compromiso y perseverancia, con el fin de cumplir con nuestras responsabilidades institucionales\u201d, enfatiz\u00f3.<\/span><span data-contrast=\"none\">\u202f<\/span><\/p>\n<p>&nbsp;<\/p>\n<div id=\"attachment_129893\" style=\"width: 732px\" class=\"wp-caption aligncenter\"><img loading=\"lazy\" decoding=\"async\" aria-describedby=\"caption-attachment-129893\" class=\"size-full wp-image-129893\" src=\"https:\/\/www.uv.mx\/prensa\/files\/2023\/05\/030523-CARLOS-Auditoria-RH-2.jpg\" alt=\"Se auditar\u00e1n siete procedimientos que pertenecen a la Direcci\u00f3n de Relaciones Laborales\u202f \" width=\"722\" height=\"454\" srcset=\"https:\/\/www.uv.mx\/prensa\/files\/2023\/05\/030523-CARLOS-Auditoria-RH-2.jpg 722w, https:\/\/www.uv.mx\/prensa\/files\/2023\/05\/030523-CARLOS-Auditoria-RH-2-300x189.jpg 300w, https:\/\/www.uv.mx\/prensa\/files\/2023\/05\/030523-CARLOS-Auditoria-RH-2-200x125.jpg 200w\" sizes=\"auto, (max-width: 722px) 100vw, 722px\" \/><p id=\"caption-attachment-129893\" class=\"wp-caption-text\">Se auditar\u00e1n siete procedimientos que pertenecen a la Direcci\u00f3n de Relaciones Laborales<\/p><\/div>\n<p>&nbsp;<\/p>\n<p><span data-contrast=\"none\">La funcionaria declar\u00f3 que es importante saber que se cuenta con el apoyo institucional que permite la mejora continua de procesos, y reconoci\u00f3 el acompa\u00f1amiento de la Secretar\u00eda de Administraci\u00f3n y Finanzas (SAF), a trav\u00e9s de su titular Lizbeth Viveros Cancino.<\/span><span data-contrast=\"none\">\u202f<\/span><span data-ccp-props=\"{&quot;134233117&quot;:false,&quot;134233118&quot;:false,&quot;201341983&quot;:0,&quot;335559731&quot;:705,&quot;335559738&quot;:0,&quot;335559739&quot;:0,&quot;335559740&quot;:240}\">\u00a0<\/span><\/p>\n<p><span data-contrast=\"none\">\u201cEste paso es el comienzo de nuevos proyectos que juntos lograremos en la SAF\u201d, asegur\u00f3.<\/span><span data-contrast=\"none\">\u202f<\/span><span data-ccp-props=\"{&quot;134233117&quot;:false,&quot;134233118&quot;:false,&quot;201341983&quot;:0,&quot;335559731&quot;:705,&quot;335559738&quot;:0,&quot;335559739&quot;:0,&quot;335559740&quot;:240}\">\u00a0<\/span><\/p>\n<p><span data-contrast=\"none\">Viveros Cancino expres\u00f3 sus deseos para que el proceso resulte exitoso, y mencion\u00f3 que servir\u00e1 de par\u00e1metro a fin de normar futuros trabajos similares.<\/span><span data-contrast=\"none\">\u202f<\/span><span data-ccp-props=\"{&quot;134233117&quot;:false,&quot;134233118&quot;:false,&quot;201341983&quot;:0,&quot;335559731&quot;:705,&quot;335559738&quot;:0,&quot;335559739&quot;:0,&quot;335559740&quot;:240}\">\u00a0<\/span><\/p>\n<p><span data-contrast=\"none\">\u201cCon acciones como \u00e9sta, la UV persigue una administraci\u00f3n lo m\u00e1s efectiva y eficiente posible\u201d, afirm\u00f3.<\/span><span data-contrast=\"none\">\u202f<\/span><span data-ccp-props=\"{&quot;134233117&quot;:false,&quot;134233118&quot;:false,&quot;201341983&quot;:0,&quot;335559731&quot;:705,&quot;335559738&quot;:0,&quot;335559739&quot;:0,&quot;335559740&quot;:240}\">\u00a0<\/span><\/p>\n<p>&nbsp;<\/p>\n<div id=\"attachment_129892\" style=\"width: 732px\" class=\"wp-caption aligncenter\"><img loading=\"lazy\" decoding=\"async\" aria-describedby=\"caption-attachment-129892\" class=\"size-full wp-image-129892\" src=\"https:\/\/www.uv.mx\/prensa\/files\/2023\/05\/030523-CARLOS-Auditoria-RH-1.jpg\" alt=\"Leopoldo Hern\u00e1ndez manifest\u00f3 que el SGCUV tiene como objetivo principal la mejora continua\" width=\"722\" height=\"450\" srcset=\"https:\/\/www.uv.mx\/prensa\/files\/2023\/05\/030523-CARLOS-Auditoria-RH-1.jpg 722w, https:\/\/www.uv.mx\/prensa\/files\/2023\/05\/030523-CARLOS-Auditoria-RH-1-300x187.jpg 300w, https:\/\/www.uv.mx\/prensa\/files\/2023\/05\/030523-CARLOS-Auditoria-RH-1-200x125.jpg 200w\" sizes=\"auto, (max-width: 722px) 100vw, 722px\" \/><p id=\"caption-attachment-129892\" class=\"wp-caption-text\">Leopoldo Hern\u00e1ndez manifest\u00f3 que el SGCUV tiene como objetivo principal la mejora continua<\/p><\/div>\n<p>&nbsp;<\/p>\n<p><span data-contrast=\"auto\">Carlos Leopoldo Hern\u00e1ndez C\u00f3rdoba, auditor l\u00edder de la Direcci\u00f3n de Planeaci\u00f3n Institucional, explic\u00f3 que el <\/span><span data-contrast=\"none\">SGCUV<\/span><span data-contrast=\"auto\"> tiene por objetivo principal la mejora continua y el desarrollo de procesos enfocados en satisfacer las necesidades y expectativas de las partes interesadas.\u202f<\/span><span data-ccp-props=\"{&quot;134233117&quot;:false,&quot;134233118&quot;:false,&quot;201341983&quot;:0,&quot;335559731&quot;:705,&quot;335559738&quot;:0,&quot;335559739&quot;:0,&quot;335559740&quot;:240}\">\u00a0<\/span><\/p>\n<p><span data-contrast=\"auto\">\u201cEllo permite a la UV establecer sus objetivos con bases s\u00f3lidas y miras a lograr la mejora de sus procesos sustantivos como lo son: docencia, investigaci\u00f3n, difusi\u00f3n-extensi\u00f3n y vinculaci\u00f3n\u201d, coment\u00f3.\u202f<\/span><span data-ccp-props=\"{&quot;134233117&quot;:false,&quot;134233118&quot;:false,&quot;201341983&quot;:0,&quot;335559731&quot;:705,&quot;335559738&quot;:0,&quot;335559739&quot;:0,&quot;335559740&quot;:240}\">\u00a0<\/span><\/p>\n<p><span data-contrast=\"auto\">Puntualiz\u00f3 que la finalidad de la auditor\u00eda interna es verificar que los procesos se llevan a cabo conforme a los requisitos de la gu\u00eda de aplicaci\u00f3n y los de la Norma ISO 9001:2015, modelo a seguir de la UV.<\/span><\/p>\n","protected":false},"excerpt":{"rendered":"<p>A trav\u00e9s de la certificaci\u00f3n de procesos de la Direcci\u00f3n de Relaciones Laborales, se suma al Sistema de Gesti\u00f3n de la Calidad de la Universidad Veracruzana (SGCUV)<\/p>\n","protected":false},"author":2349,"featured_media":129895,"comment_status":"closed","ping_status":"closed","sticky":false,"template":"","format":"standard","meta":{"footnotes":""},"categories":[47,1,61],"tags":[4161,8580,4758,11455,6734,9143,6462,11456,8903,9027],"class_list":["post-129996","post","type-post","status-publish","format-standard","has-post-thumbnail","hentry","category-eventos","category-general","category-banner","tag-carlos-hugo-hermida-rosales","tag-direccion-de-planeacion-institucional-dpi","tag-direccion-de-relaciones-laborales","tag-direccion-general-de-recursos-humanos-dgrh","tag-lizbeth-viveros-cancino","tag-norma-iso-90012015","tag-omar-portilla-palacios","tag-rosa-aide-villalobos-betancourt","tag-secretaria-de-administracion-y-finanzas-saf","tag-sistema-de-gestion-de-la-calidad-de-la-universidad-veracruzana-sgcuv"],"_links":{"self":[{"href":"https:\/\/www.uv.mx\/prensa\/wp-json\/wp\/v2\/posts\/129996","targetHints":{"allow":["GET"]}}],"collection":[{"href":"https:\/\/www.uv.mx\/prensa\/wp-json\/wp\/v2\/posts"}],"about":[{"href":"https:\/\/www.uv.mx\/prensa\/wp-json\/wp\/v2\/types\/post"}],"author":[{"embeddable":true,"href":"https:\/\/www.uv.mx\/prensa\/wp-json\/wp\/v2\/users\/2349"}],"replies":[{"embeddable":true,"href":"https:\/\/www.uv.mx\/prensa\/wp-json\/wp\/v2\/comments?post=129996"}],"version-history":[{"count":2,"href":"https:\/\/www.uv.mx\/prensa\/wp-json\/wp\/v2\/posts\/129996\/revisions"}],"predecessor-version":[{"id":129999,"href":"https:\/\/www.uv.mx\/prensa\/wp-json\/wp\/v2\/posts\/129996\/revisions\/129999"}],"wp:featuredmedia":[{"embeddable":true,"href":"https:\/\/www.uv.mx\/prensa\/wp-json\/wp\/v2\/media\/129895"}],"wp:attachment":[{"href":"https:\/\/www.uv.mx\/prensa\/wp-json\/wp\/v2\/media?parent=129996"}],"wp:term":[{"taxonomy":"category","embeddable":true,"href":"https:\/\/www.uv.mx\/prensa\/wp-json\/wp\/v2\/categories?post=129996"},{"taxonomy":"post_tag","embeddable":true,"href":"https:\/\/www.uv.mx\/prensa\/wp-json\/wp\/v2\/tags?post=129996"}],"curies":[{"name":"wp","href":"https:\/\/api.w.org\/{rel}","templated":true}]}}