{"id":130080,"date":"2023-05-08T16:29:39","date_gmt":"2023-05-08T21:29:39","guid":{"rendered":"https:\/\/www.uv.mx\/prensa\/?p=130080"},"modified":"2023-05-08T16:29:39","modified_gmt":"2023-05-08T21:29:39","slug":"uv-a-favor-de-un-mundo-en-el-que-predominen-politicas-de-paz","status":"publish","type":"post","link":"https:\/\/www.uv.mx\/prensa\/eventos\/uv-a-favor-de-un-mundo-en-el-que-predominen-politicas-de-paz\/","title":{"rendered":"UV, a favor de un mundo en el que predominen pol\u00edticas de paz\u00a0"},"content":{"rendered":"<ul>\n<li><i><span data-contrast=\"auto\">En el marco de la Escuela de Primavera \u201cViolencia en la ciudad y acci\u00f3n p\u00fablica: Perspectivas cruzadas Francia-Am\u00e9rica Latina\u201d<\/span><\/i><span data-ccp-props=\"{&quot;201341983&quot;:0,&quot;335559739&quot;:0,&quot;335559740&quot;:240}\">\u00a0<\/span><\/li>\n<li data-leveltext=\"\uf0b7\" data-font=\"Symbol\" data-listid=\"2\" data-list-defn-props=\"{&quot;335552541&quot;:1,&quot;335559684&quot;:-2,&quot;335559685&quot;:720,&quot;335559991&quot;:360,&quot;469769226&quot;:&quot;Symbol&quot;,&quot;469769242&quot;:[8226],&quot;469777803&quot;:&quot;left&quot;,&quot;469777804&quot;:&quot;\uf0b7&quot;,&quot;469777815&quot;:&quot;hybridMultilevel&quot;}\" data-aria-posinset=\"3\" data-aria-level=\"1\"><i><span data-contrast=\"auto\">Lo realiza el CIESAS-Golfo, en conjunto con el IRD y la UV, del 8 al 14 de mayo<\/span><\/i><span data-ccp-props=\"{&quot;201341983&quot;:0,&quot;335559739&quot;:0,&quot;335559740&quot;:240}\">\u00a0<\/span><\/li>\n<\/ul>\n<p><span data-ccp-props=\"{&quot;201341983&quot;:0,&quot;335559739&quot;:0,&quot;335559740&quot;:240}\">\u00a0<\/span><\/p>\n<div id=\"attachment_130081\" style=\"width: 732px\" class=\"wp-caption aligncenter\"><img aria-describedby=\"caption-attachment-130081\" decoding=\"async\" loading=\"lazy\" class=\"size-full wp-image-130081\" src=\"https:\/\/www.uv.mx\/prensa\/files\/2023\/05\/080523-Escuela-Primavera-1.jpg\" alt=\"\" width=\"722\" height=\"481\" srcset=\"https:\/\/www.uv.mx\/prensa\/files\/2023\/05\/080523-Escuela-Primavera-1.jpg 722w, https:\/\/www.uv.mx\/prensa\/files\/2023\/05\/080523-Escuela-Primavera-1-300x200.jpg 300w\" sizes=\"(max-width: 722px) 100vw, 722px\" \/><p id=\"caption-attachment-130081\" class=\"wp-caption-text\">Autoridades de la UV, CIESAS y del IRD, durante la 4\u00aa Edici\u00f3n de la Escuela de Primavera \u201cViolencia en la ciudad y acci\u00f3n p\u00fablica\u201d<\/p><\/div>\n<p><span data-ccp-props=\"{&quot;201341983&quot;:0,&quot;335559739&quot;:0,&quot;335559740&quot;:240}\">\u00a0<\/span><\/p>\n<p><b><i><span data-contrast=\"auto\">Claudia Peralta V\u00e1zquez<\/span><\/i><\/b><span data-ccp-props=\"{&quot;201341983&quot;:0,&quot;335559739&quot;:0,&quot;335559740&quot;:240}\">\u00a0<\/span><\/p>\n<p><b><i><span data-contrast=\"auto\">Fotos: Luis Fernando Fern\u00e1ndez Carrillo<\/span><\/i><\/b><span data-ccp-props=\"{&quot;201341983&quot;:0,&quot;335559739&quot;:0,&quot;335559740&quot;:240}\">\u00a0<\/span><\/p>\n<p><b><i><span data-contrast=\"auto\">08\/05\/2023, Xalapa, Ver.- <\/span><\/i><\/b><span data-contrast=\"auto\">\u201cEn la Universidad Veracruzana (UV) nos gustar\u00eda vivir en un mundo menos impulsado por el odio y el conflicto violento, un mundo donde predominaran las pol\u00edticas para la paz\u201d, expres\u00f3 Juan Ortiz Escamilla, secretario Acad\u00e9mico de esta casa de estudios, durante la inauguraci\u00f3n de la 4\u00aa Edici\u00f3n de la Escuela de Primavera \u201cViolencia en la ciudad y acci\u00f3n p\u00fablica: Perspectivas cruzadas Francia-Am\u00e9rica Latina\u201d.<\/span><span data-ccp-props=\"{&quot;201341983&quot;:0,&quot;335559739&quot;:0,&quot;335559740&quot;:240}\">\u00a0<\/span><\/p>\n<p><span data-contrast=\"auto\">El funcionario comparti\u00f3 el mensaje del rector Mart\u00edn Aguilar S\u00e1nchez, durante este encuentro realizado \u2013del 8 al 14 de mayo\u2013 por el Centro de Investigaciones y Estudios Superiores en Antropolog\u00eda Social (CIESAS), en coordinaci\u00f3n con el Instituto de Investigaci\u00f3n para el Desarrollo (IRD, por sus siglas en ingl\u00e9s) y la UV.<\/span><span data-ccp-props=\"{&quot;201341983&quot;:0,&quot;335559731&quot;:708,&quot;335559739&quot;:0,&quot;335559740&quot;:240}\">\u00a0<\/span><\/p>\n<p><span data-contrast=\"auto\">Dicha iniciativa busca profundizar las realidades de la violencia urbana en relaci\u00f3n con las acciones de desarrollo p\u00fablicas y privadas, adoptando un enfoque multidisciplinar y multiactor.<\/span><\/p>\n<p>&nbsp;<\/p>\n<div id=\"attachment_130082\" style=\"width: 732px\" class=\"wp-caption aligncenter\"><img aria-describedby=\"caption-attachment-130082\" decoding=\"async\" loading=\"lazy\" class=\"size-full wp-image-130082\" src=\"https:\/\/www.uv.mx\/prensa\/files\/2023\/05\/080523-Escuela-Primavera-2.jpg\" alt=\"\" width=\"722\" height=\"481\" srcset=\"https:\/\/www.uv.mx\/prensa\/files\/2023\/05\/080523-Escuela-Primavera-2.jpg 722w, https:\/\/www.uv.mx\/prensa\/files\/2023\/05\/080523-Escuela-Primavera-2-300x200.jpg 300w\" sizes=\"(max-width: 722px) 100vw, 722px\" \/><p id=\"caption-attachment-130082\" class=\"wp-caption-text\">Juan Ortiz Escamilla, secretario Acad\u00e9mico de la UV, acudi\u00f3 con la representaci\u00f3n del rector Mart\u00edn Aguilar S\u00e1nchez<\/p><\/div>\n<p><span data-ccp-props=\"{&quot;201341983&quot;:0,&quot;335559731&quot;:708,&quot;335559739&quot;:0,&quot;335559740&quot;:240}\">\u00a0<\/span><\/p>\n<p><span data-contrast=\"auto\">A lo largo de una semana, investigadores, profesores y estudiantes de pa\u00edses como Colombia, M\u00e9xico, Brasil y Francia, participar\u00e1n en charlas, conversatorios, talleres, visitas de campo a colonias de la periferia de esta ciudad.<\/span><span data-ccp-props=\"{&quot;201341983&quot;:0,&quot;335559731&quot;:708,&quot;335559739&quot;:0,&quot;335559740&quot;:240}\">\u00a0<\/span><\/p>\n<p><span data-contrast=\"auto\">En el auditorio del CIESAS-Golfo, Ortiz Escamilla destac\u00f3 que el deseo por un mundo menos impulsado por el odio y el conflicto violento es similar al de muchas y muchos universitarios que viven bajo las<\/span> <span data-contrast=\"auto\">capas m\u00e1s distintas de tradiciones cient\u00edficas, acad\u00e9micas y culturales.<\/span><span data-ccp-props=\"{&quot;201341983&quot;:0,&quot;335559731&quot;:708,&quot;335559739&quot;:0,&quot;335559740&quot;:240}\">\u00a0<\/span><\/p>\n<p><span data-contrast=\"auto\">Por ello, dijo, \u201cinsistimos en la urgente necesidad de subrayar no s\u00f3lo lo que puede hacerse por los sistemas educativos a escala regional, sino adem\u00e1s por la regi\u00f3n y por el mundo, y as\u00ed ayudar a fomentar el crecimiento inclusivo, el desarrollo de base amplia, favorecer entornos sociales y personales para el despliegue de una vida humana, libre para todos y todas.<\/span><span data-ccp-props=\"{&quot;201341983&quot;:0,&quot;335559731&quot;:708,&quot;335559739&quot;:0,&quot;335559740&quot;:240}\">\u00a0<\/span><\/p>\n<p><span data-contrast=\"auto\">En el discurso reconoci\u00f3 el surgimiento de esta iniciativa por parte de la Agencia Francesa de Desarrollo, a trav\u00e9s del Departamento de Movilizaci\u00f3n de la Investigaci\u00f3n para el Desarrollo del IRD, con el objetivo de identificar los problemas econ\u00f3micos, sociales y pol\u00edticos, de dimensiones locales y globales que produce la violencia urbana.<\/span><span data-ccp-props=\"{&quot;201341983&quot;:0,&quot;335559731&quot;:708,&quot;335559739&quot;:0,&quot;335559740&quot;:240}\">\u00a0<\/span><\/p>\n<p>&nbsp;<\/p>\n<div id=\"attachment_130083\" style=\"width: 732px\" class=\"wp-caption aligncenter\"><img aria-describedby=\"caption-attachment-130083\" decoding=\"async\" loading=\"lazy\" class=\"size-full wp-image-130083\" src=\"https:\/\/www.uv.mx\/prensa\/files\/2023\/05\/080523-Escuela-Primavera-3.jpg\" alt=\"\" width=\"722\" height=\"481\" srcset=\"https:\/\/www.uv.mx\/prensa\/files\/2023\/05\/080523-Escuela-Primavera-3.jpg 722w, https:\/\/www.uv.mx\/prensa\/files\/2023\/05\/080523-Escuela-Primavera-3-300x200.jpg 300w\" sizes=\"(max-width: 722px) 100vw, 722px\" \/><p id=\"caption-attachment-130083\" class=\"wp-caption-text\">Carlos Mac\u00edas Richard, director general del CIESAS<\/p><\/div>\n<p>&nbsp;<\/p>\n<p><span data-contrast=\"auto\">Asimismo, para proponer rectificaciones constructivas que facilitar\u00edan el tipo de cambio necesario para que la vida en las ciudades, tanto en Francia como en el \u00e1mbito Latinoamericano, sea un proceso menos peligroso.<\/span><span data-ccp-props=\"{&quot;201341983&quot;:0,&quot;335559739&quot;:0,&quot;335559740&quot;:240}\">\u00a0<\/span><\/p>\n<p><span data-contrast=\"auto\">\u201cPara la UV es importante ser parte de esta iniciativa acad\u00e9mica, en tanto nos permite ampliar el horizonte de nuestro pensamiento social, y seguir proponiendo estrategias y pol\u00edticas p\u00fablicas, activas, creativas e incluyentes.\u201d<\/span><span data-ccp-props=\"{&quot;201341983&quot;:0,&quot;335559731&quot;:708,&quot;335559739&quot;:0,&quot;335559740&quot;:240}\">\u00a0<\/span><\/p>\n<p><span data-contrast=\"auto\">Para nadie es un secreto que la violencia es un asunto transversal en la sociedad veracruzana, y que adem\u00e1s ha tenido un terrible poder disgregador en todo el tejido ciudadano\u201d, puntualiz\u00f3.<\/span><span data-ccp-props=\"{&quot;201341983&quot;:0,&quot;335559731&quot;:708,&quot;335559739&quot;:0,&quot;335559740&quot;:240}\">\u00a0<\/span><\/p>\n<p><span data-contrast=\"auto\">En este sentido, indic\u00f3 que la Escuela de Primavera llega para promover innovadores procesos de investigaci\u00f3n, desplegar su enfoque multidisciplinario y emp\u00edrico, y tomar nota de la din\u00e1mica local, las normas regionales, percepciones y valores que pudieran estar conectados con los conflictos y la inseguridad en esta comunidad en concreto.<\/span><span data-ccp-props=\"{&quot;201341983&quot;:0,&quot;335559739&quot;:0,&quot;335559740&quot;:240}\">\u00a0<\/span><\/p>\n<p><span data-contrast=\"auto\">A nombre de la comunidad acad\u00e9mica del CIESAS, su director general, Carlos Mac\u00edas Richard, destac\u00f3 el alto nivel de relaci\u00f3n que mantienen con la UV y el IRD, lo cual ha permitido el desarrollo de acciones conjuntas como este encuentro.<\/span><span data-ccp-props=\"{&quot;201341983&quot;:0,&quot;335559731&quot;:708,&quot;335559739&quot;:0,&quot;335559740&quot;:240}\">\u00a0<\/span><\/p>\n<p><span data-contrast=\"auto\">Mencion\u00f3 que durante estos d\u00edas, 34 j\u00f3venes de los diferentes pa\u00edses participantes vivir\u00e1n experiencias intensas y enriquecedoras que les proveer\u00e1n un gran aprendizaje.<\/span><span data-ccp-props=\"{&quot;201341983&quot;:0,&quot;335559731&quot;:708,&quot;335559739&quot;:0,&quot;335559740&quot;:240}\">\u00a0<\/span><\/p>\n<p>&nbsp;<\/p>\n<p><img decoding=\"async\" loading=\"lazy\" class=\"aligncenter size-full wp-image-130084\" src=\"https:\/\/www.uv.mx\/prensa\/files\/2023\/05\/080523-Escuela-Primavera-4.jpg\" alt=\"\" width=\"722\" height=\"481\" srcset=\"https:\/\/www.uv.mx\/prensa\/files\/2023\/05\/080523-Escuela-Primavera-4.jpg 722w, https:\/\/www.uv.mx\/prensa\/files\/2023\/05\/080523-Escuela-Primavera-4-300x200.jpg 300w\" sizes=\"(max-width: 722px) 100vw, 722px\" \/><\/p>\n<p>&nbsp;<\/p>\n<p><span data-contrast=\"auto\">En su intervenci\u00f3n, la representante del IRD, Odile Hoffmann, coment\u00f3 que esta escuela nace de una pol\u00edtica m\u00e1s amplia de colaboraci\u00f3n acad\u00e9mica y cient\u00edfica entre Francia y Am\u00e9rica Latina, e iniciativas similares en otras partes del planeta.<\/span><span data-ccp-props=\"{&quot;201341983&quot;:0,&quot;335559731&quot;:708,&quot;335559739&quot;:0,&quot;335559740&quot;:240}\">\u00a0<\/span><\/p>\n<p><span data-contrast=\"auto\">El tema de violencia en la ciudad se impuso en 2018, por su incidencia en la vida social y pol\u00edtica de los pa\u00edses involucrados, dijo.<\/span><span data-ccp-props=\"{&quot;201341983&quot;:0,&quot;335559731&quot;:708,&quot;335559739&quot;:0,&quot;335559740&quot;:240}\">\u00a0<\/span><\/p>\n<p><span data-contrast=\"auto\">En cuanto a la mec\u00e1nica del evento, dio a conocer que los participantes recibir\u00e1n \u2013en un inicio\u2013 una contextualizaci\u00f3n cient\u00edfica e hist\u00f3rica; posteriormente tendr\u00e1n tres d\u00edas de visita e interacci\u00f3n con los actores sociales, de sistematizaci\u00f3n colectiva, y rendici\u00f3n de cuentas.<\/span><span data-ccp-props=\"{&quot;201341983&quot;:0,&quot;335559731&quot;:708,&quot;335559739&quot;:0,&quot;335559740&quot;:240}\">\u00a0<\/span><\/p>\n<p><span data-contrast=\"auto\">Para Pauline Schaal, representante de la Agencia Francesa para el Desarrollo, este evento tiene el prop\u00f3sito com\u00fan de abordar el desaf\u00edo apremiante de la violencia en dichas sociedades, y de explorar c\u00f3mo la acci\u00f3n p\u00fablica y colectiva puede proponer respuestas.<\/span><span data-ccp-props=\"{&quot;201341983&quot;:0,&quot;335559731&quot;:708,&quot;335559739&quot;:0,&quot;335559740&quot;:240}\">\u00a0<\/span><\/p>\n<p><span data-contrast=\"auto\">\u201cLa constituci\u00f3n de este espacio, talleres y visitas de campo que unir\u00e1n al mundo acad\u00e9mico con los actores sociales es de vital importancia para fortalecer los conocimientos, compartir las buenas pr\u00e1cticas y abonar a las contribuciones de pol\u00edticas p\u00fablicas.\u201d<\/span><span data-ccp-props=\"{&quot;201341983&quot;:0,&quot;335559731&quot;:708,&quot;335559739&quot;:0,&quot;335559740&quot;:240}\">\u00a0<\/span><\/p>\n<p><span data-contrast=\"auto\">En la inauguraci\u00f3n estuvieron, por parte de la UV: Edgar Javier Gonz\u00e1lez Gaudiano, director general de la Unidad de Estudios de Posgrado, y Yolanda Gonz\u00e1lez Molohua, directora general del \u00c1rea Acad\u00e9mica de Humanidades.<\/span><span data-ccp-props=\"{&quot;201341983&quot;:0,&quot;335559731&quot;:708,&quot;335559739&quot;:0,&quot;335559740&quot;:240}\">\u00a0<\/span><\/p>\n<p><span data-contrast=\"auto\">Tambi\u00e9n, C\u00e9sar Barreira, coordinador del Laboratorio de Estudios de la Violencia de la Universidad Federal de Cear\u00e1, en Brasil, y Sa\u00fal Horacio Moreno Andrade, director regional del CIESAS-Golfo.<\/span><span data-ccp-props=\"{&quot;201341983&quot;:0,&quot;335559731&quot;:708,&quot;335559739&quot;:0,&quot;335559740&quot;:240}\">\u00a0<\/span><\/p>\n","protected":false},"excerpt":{"rendered":"<p>En la 4\u00aa Edici\u00f3n de la Escuela de Primavera \u201cViolencia en la ciudad y acci\u00f3n p\u00fablica: Perspectivas cruzadas Francia-Am\u00e9rica Latina\u201d participan investigadores, profesores y estudiantes de Colombia, M\u00e9xico, Brasil y Francia\u00a0<\/p>\n","protected":false},"author":1869,"featured_media":130085,"comment_status":"closed","ping_status":"closed","sticky":false,"template":"","format":"standard","meta":[],"categories":[47,61],"tags":[2344,10082,4163,2977,384,11491,2343,11492,2288,2106,6249,9040],"_links":{"self":[{"href":"https:\/\/www.uv.mx\/prensa\/wp-json\/wp\/v2\/posts\/130080"}],"collection":[{"href":"https:\/\/www.uv.mx\/prensa\/wp-json\/wp\/v2\/posts"}],"about":[{"href":"https:\/\/www.uv.mx\/prensa\/wp-json\/wp\/v2\/types\/post"}],"author":[{"embeddable":true,"href":"https:\/\/www.uv.mx\/prensa\/wp-json\/wp\/v2\/users\/1869"}],"replies":[{"embeddable":true,"href":"https:\/\/www.uv.mx\/prensa\/wp-json\/wp\/v2\/comments?post=130080"}],"version-history":[{"count":1,"href":"https:\/\/www.uv.mx\/prensa\/wp-json\/wp\/v2\/posts\/130080\/revisions"}],"predecessor-version":[{"id":130089,"href":"https:\/\/www.uv.mx\/prensa\/wp-json\/wp\/v2\/posts\/130080\/revisions\/130089"}],"wp:featuredmedia":[{"embeddable":true,"href":"https:\/\/www.uv.mx\/prensa\/wp-json\/wp\/v2\/media\/130085"}],"wp:attachment":[{"href":"https:\/\/www.uv.mx\/prensa\/wp-json\/wp\/v2\/media?parent=130080"}],"wp:term":[{"taxonomy":"category","embeddable":true,"href":"https:\/\/www.uv.mx\/prensa\/wp-json\/wp\/v2\/categories?post=130080"},{"taxonomy":"post_tag","embeddable":true,"href":"https:\/\/www.uv.mx\/prensa\/wp-json\/wp\/v2\/tags?post=130080"}],"curies":[{"name":"wp","href":"https:\/\/api.w.org\/{rel}","templated":true}]}}