{"id":130189,"date":"2023-05-11T17:37:35","date_gmt":"2023-05-11T22:37:35","guid":{"rendered":"https:\/\/www.uv.mx\/prensa\/?p=130189"},"modified":"2023-05-11T17:37:35","modified_gmt":"2023-05-11T22:37:35","slug":"estudiantes-uv-reflexionaron-sobre-concepto-de-justicia-en-los-comics","status":"publish","type":"post","link":"https:\/\/www.uv.mx\/prensa\/general\/estudiantes-uv-reflexionaron-sobre-concepto-de-justicia-en-los-comics\/","title":{"rendered":"Estudiantes UV reflexionaron sobre concepto de justicia en los c\u00f3mics"},"content":{"rendered":"<ul class=\"ul1\">\n<li class=\"li1\"><i>Expusieron sus ideas en cinco mesas de di\u00e1logo realizadas en el auditorio del Instituto de Investigaciones Jur\u00eddicas<\/i><\/li>\n<li class=\"li1\"><i>El evento acad\u00e9mico fue organizado por las Facultades de Derecho y de Filosof\u00eda, y los Institutos de Filosof\u00eda y de Investigaciones Jur\u00eddicas<\/i><\/li>\n<\/ul>\n<p>&nbsp;<\/p>\n<div id=\"attachment_130190\" style=\"width: 732px\" class=\"wp-caption aligncenter\"><img aria-describedby=\"caption-attachment-130190\" decoding=\"async\" loading=\"lazy\" class=\"size-full wp-image-130190\" src=\"https:\/\/www.uv.mx\/prensa\/files\/2023\/05\/110523-PAOLA-Concepto-de-justicia-1-100k.jpg\" alt=\"Ignacio Quepons, Arturo Miguel Ch\u00edpuli y Mar\u00eda Lilia Viveros inauguraron el evento acad\u00e9mico realizado en el IIJ\" width=\"722\" height=\"427\" srcset=\"https:\/\/www.uv.mx\/prensa\/files\/2023\/05\/110523-PAOLA-Concepto-de-justicia-1-100k.jpg 722w, https:\/\/www.uv.mx\/prensa\/files\/2023\/05\/110523-PAOLA-Concepto-de-justicia-1-100k-300x177.jpg 300w\" sizes=\"(max-width: 722px) 100vw, 722px\" \/><p id=\"caption-attachment-130190\" class=\"wp-caption-text\">Ignacio Quepons, Arturo Miguel Ch\u00edpuli y Mar\u00eda Lilia Viveros inauguraron el evento acad\u00e9mico realizado en el IIJ<\/p><\/div>\n<p>&nbsp;<\/p>\n<p class=\"p1\"><b><i>Paola Cort\u00e9s P\u00e9rez<\/i><\/b><\/p>\n<p class=\"p1\"><b><i>Fotos: Omar Portilla Palacios<\/i><\/b><\/p>\n<p class=\"p1\"><b><i>11\/05\/2023, Xalapa, Ver.-<\/i><\/b> Estudiantes de licenciatura y posgrado de las Facultades de Derecho y Filosof\u00eda, as\u00ed como de los Institutos de Filosof\u00eda y de Investigaciones Jur\u00eddicas (IIJ) de la Universidad Veracruzana (UV), analizaron y reflexionaron sobre el concepto de justicia en los c\u00f3mics y series animadas.<\/p>\n<p class=\"p3\">El evento acad\u00e9mico intitulado \u201cC\u00f3mics y el concepto de justicia\u201d se llev\u00f3 a cabo en el Auditorio \u201cH\u00e9ctor Fix Zamudio\u201d del IIJ, organizado por la experiencia educativa (EE) Filosof\u00eda del Derecho del Doctorado en Derecho, impartida por Mar\u00eda Lilia Viveros Ram\u00edrez.<\/p>\n<p class=\"p3\">\u201cSe trat\u00f3 de un espacio en que estudiantes de posgrado y licenciatura intercambien experiencias y aprendizajes, pero tambi\u00e9n en \u00e9l surjan nuevas inquietudes en temas que son de inter\u00e9s para el alumnado de la Universidad\u201d, expres\u00f3 la acad\u00e9mica.<\/p>\n<p class=\"p3\">En tanto, Ignacio Quepons Ram\u00edrez, director del Instituto de Filosof\u00eda y coordinador del Doctorado en Filosof\u00eda, dijo que durante el encuentro analizaron los valores en torno al concepto de justicia, \u201cla estructura del c\u00f3mic y la figura del superh\u00e9roe encarnan \u2013desde siempre\u2013 ciertos valores y pasiones de la sociedad\u201d.<\/p>\n<p class=\"p3\">Comentaron que los c\u00f3mics son fuente de inspiraci\u00f3n para distribuir ideas del bien y el mal, o la justicia y la injusticia, ya que los personajes se enfrentan a dilemas morales y \u00e9ticos; sus decisiones pueden ser juzgadas por el p\u00fablico desde diferentes aspectos.<\/p>\n<p class=\"p3\">Los estudiantes participantes fueron distribuidos en cinco mesas de di\u00e1logo. En la primera, estuvieron Francisco \u00c1ngel Mora Tempa, Nora Linette L\u00f3pez Garc\u00e9s y Emmanuel Matla V\u00e1zquez, estudiantes de sexto semestre de la Licenciatura en Derecho de esta casa de estudios.<\/p>\n<p class=\"p3\">Francisco \u00c1ngel Mora present\u00f3 la ponencia \u201c\u00bfQu\u00e9 significa el concepto de justicia para Shikamaru?\u201d, cont\u00f3 que el personaje es parte de la serie animada <i>Naruto<\/i>, la cual narra la historia de un grupo de j\u00f3venes ninjas.<\/p>\n<div id=\"attachment_130191\" style=\"width: 732px\" class=\"wp-caption aligncenter\"><img aria-describedby=\"caption-attachment-130191\" decoding=\"async\" loading=\"lazy\" class=\"size-full wp-image-130191\" src=\"https:\/\/www.uv.mx\/prensa\/files\/2023\/05\/110523-PAOLA-Concepto-de-justicia-2-100k.jpg\" alt=\"Francisco \u00c1ngel Mora, Nora Linette L\u00f3pez y Emmanuel Matla, estudiantes participantes en la primera mesa de di\u00e1logo\" width=\"722\" height=\"432\" srcset=\"https:\/\/www.uv.mx\/prensa\/files\/2023\/05\/110523-PAOLA-Concepto-de-justicia-2-100k.jpg 722w, https:\/\/www.uv.mx\/prensa\/files\/2023\/05\/110523-PAOLA-Concepto-de-justicia-2-100k-300x180.jpg 300w\" sizes=\"(max-width: 722px) 100vw, 722px\" \/><p id=\"caption-attachment-130191\" class=\"wp-caption-text\">Francisco \u00c1ngel Mora, Nora Linette L\u00f3pez y Emmanuel Matla, estudiantes participantes en la primera mesa de di\u00e1logo<\/p><\/div>\n<p>&nbsp;<\/p>\n<p class=\"p3\">Para Shikamaru Nara, aunque no es uno de los personajes centrales del <i>anim\u00e9<\/i>, cuando se trata de amigos o seres queridos, puede ser una persona vengativa y se justifica bajo el argumento del bien com\u00fan.<\/p>\n<p class=\"p3\">\u201cSobre la justicia llega a tener dos posturas: la primera, resultar\u00eda del an\u00e1lisis de toda la situaci\u00f3n; y la segunda, si el afectado es un amigo o ser querido, la justicia la aplica como sin\u00f3nimo de venganza.\u201d<\/p>\n<p class=\"p3\">En su participaci\u00f3n intitulada \u201c\u00bfQu\u00e9 significa el concepto de justicia para Cyno?\u201d, Nora L\u00f3pez dijo que para este personaje del videojuego <i>Genshin Impact<\/i>, la justicia significa llevar al criminal a ser juzgado por las autoridades, ya que s\u00f3lo las leyes son las adecuadas para juzgar y las que deben determinar su castigo.<\/p>\n<p class=\"p3\">Por \u00faltimo, Emmanuel Matla present\u00f3 \u201cEnsayo sobre justicia y c\u00f3mics\u201d, donde analiza el concepto de justicia del personaje Rick S\u00e1nchez, de la serie animada <i>Rick y Morty<\/i>, quien en las primeras temporadas refleja una justicia de cero moralidad; es m\u00e1s un acto de beneficio propio donde obtener ganancias y sentirse omnipotente ante los dem\u00e1s.<\/p>\n<p class=\"p3\">\u201cEn la \u00faltima temporada, tenemos a un Rick diferente donde el concepto de justicia cambia, ya que al experimentar vivencias m\u00e1s fuertes entra en una etapa de b\u00fasqueda interior. En este punto su ideal de justicia es similar al de la mayor\u00eda de las personas: la diferencia entre lo bueno y lo malo; el beneficio o el castigo depender\u00e1 de las acciones realizadas por cada persona.\u201d<\/p>\n<p class=\"p3\">Al evento asistieron el director del IIJ, Arturo Miguel Ch\u00edpuli Castillo; el director de la Facultad de Filosof\u00eda, Luis Antonio Romero Garc\u00eda, y el coordinador del Doctorado en Derecho, Sa\u00fal Cort\u00e9s Viveros.<\/p>\n","protected":false},"excerpt":{"rendered":"<p>Son fuente de inspiraci\u00f3n para distribuir ideas del bien y el mal, o la justicia y la injusticia, ya que los personajes se enfrentan a dilemas morales y \u00e9ticos<\/p>\n","protected":false},"author":1775,"featured_media":130194,"comment_status":"closed","ping_status":"closed","sticky":false,"template":"","format":"standard","meta":[],"categories":[6301,47,1,61],"tags":[2496,3408,1285,11540,566,559,10888,565,524,171,9781,8505,593,11270,592,528,777,11539,6462,4164,83,11538,11541],"_links":{"self":[{"href":"https:\/\/www.uv.mx\/prensa\/wp-json\/wp\/v2\/posts\/130189"}],"collection":[{"href":"https:\/\/www.uv.mx\/prensa\/wp-json\/wp\/v2\/posts"}],"about":[{"href":"https:\/\/www.uv.mx\/prensa\/wp-json\/wp\/v2\/types\/post"}],"author":[{"embeddable":true,"href":"https:\/\/www.uv.mx\/prensa\/wp-json\/wp\/v2\/users\/1775"}],"replies":[{"embeddable":true,"href":"https:\/\/www.uv.mx\/prensa\/wp-json\/wp\/v2\/comments?post=130189"}],"version-history":[{"count":1,"href":"https:\/\/www.uv.mx\/prensa\/wp-json\/wp\/v2\/posts\/130189\/revisions"}],"predecessor-version":[{"id":130195,"href":"https:\/\/www.uv.mx\/prensa\/wp-json\/wp\/v2\/posts\/130189\/revisions\/130195"}],"wp:featuredmedia":[{"embeddable":true,"href":"https:\/\/www.uv.mx\/prensa\/wp-json\/wp\/v2\/media\/130194"}],"wp:attachment":[{"href":"https:\/\/www.uv.mx\/prensa\/wp-json\/wp\/v2\/media?parent=130189"}],"wp:term":[{"taxonomy":"category","embeddable":true,"href":"https:\/\/www.uv.mx\/prensa\/wp-json\/wp\/v2\/categories?post=130189"},{"taxonomy":"post_tag","embeddable":true,"href":"https:\/\/www.uv.mx\/prensa\/wp-json\/wp\/v2\/tags?post=130189"}],"curies":[{"name":"wp","href":"https:\/\/api.w.org\/{rel}","templated":true}]}}