{"id":130221,"date":"2023-05-16T08:00:45","date_gmt":"2023-05-16T13:00:45","guid":{"rendered":"https:\/\/www.uv.mx\/prensa\/?p=130221"},"modified":"2023-05-17T13:57:31","modified_gmt":"2023-05-17T18:57:31","slug":"max-celebrara-el-dia-internacional-de-los-museos","status":"publish","type":"post","link":"https:\/\/www.uv.mx\/prensa\/cultura\/max-celebrara-el-dia-internacional-de-los-museos\/","title":{"rendered":"MAX celebrar\u00e1 el D\u00eda Internacional de los Museos\u00a0"},"content":{"rendered":"<ul>\n<li data-leveltext=\"\uf0b7\" data-font=\"Symbol\" data-listid=\"1\" data-list-defn-props=\"{&quot;335552541&quot;:1,&quot;335559684&quot;:-2,&quot;335559685&quot;:720,&quot;335559991&quot;:360,&quot;469769226&quot;:&quot;Symbol&quot;,&quot;469769242&quot;:[8226],&quot;469777803&quot;:&quot;left&quot;,&quot;469777804&quot;:&quot;\uf0b7&quot;,&quot;469777815&quot;:&quot;hybridMultilevel&quot;}\" data-aria-posinset=\"1\" data-aria-level=\"1\"><i><span data-contrast=\"auto\">El jueves 18 de mayo de las 9:00 y hasta las 17:00 horas, con ingreso gratuito para el p\u00fablico en general\u00a0<\/span><\/i><span data-ccp-props=\"{&quot;201341983&quot;:0,&quot;335559739&quot;:0,&quot;335559740&quot;:240}\">\u00a0<\/span><\/li>\n<li data-leveltext=\"\uf0b7\" data-font=\"Symbol\" data-listid=\"1\" data-list-defn-props=\"{&quot;335552541&quot;:1,&quot;335559684&quot;:-2,&quot;335559685&quot;:720,&quot;335559991&quot;:360,&quot;469769226&quot;:&quot;Symbol&quot;,&quot;469769242&quot;:[8226],&quot;469777803&quot;:&quot;left&quot;,&quot;469777804&quot;:&quot;\uf0b7&quot;,&quot;469777815&quot;:&quot;hybridMultilevel&quot;}\" data-aria-posinset=\"2\" data-aria-level=\"1\"><i><span data-contrast=\"auto\">Este a\u00f1o se abordar\u00e1 la tem\u00e1tica \u201cMuseos, sostenibilidad y bienestar\u201d<\/span><\/i><span data-ccp-props=\"{&quot;201341983&quot;:0,&quot;335559739&quot;:0,&quot;335559740&quot;:240}\">\u00a0<\/span><\/li>\n<\/ul>\n<p><span data-ccp-props=\"{&quot;201341983&quot;:0,&quot;335559739&quot;:0,&quot;335559740&quot;:240}\">\u00a0<\/span><\/p>\n<div id=\"attachment_130206\" style=\"width: 732px\" class=\"wp-caption aligncenter\"><img aria-describedby=\"caption-attachment-130206\" decoding=\"async\" loading=\"lazy\" class=\"size-full wp-image-130206\" src=\"https:\/\/www.uv.mx\/prensa\/files\/2023\/05\/110523-DIA-INTERNACIONAL-DE-LOS-MUSEOS-1.jpg\" alt=\"\" width=\"722\" height=\"481\" srcset=\"https:\/\/www.uv.mx\/prensa\/files\/2023\/05\/110523-DIA-INTERNACIONAL-DE-LOS-MUSEOS-1.jpg 722w, https:\/\/www.uv.mx\/prensa\/files\/2023\/05\/110523-DIA-INTERNACIONAL-DE-LOS-MUSEOS-1-300x200.jpg 300w\" sizes=\"(max-width: 722px) 100vw, 722px\" \/><p id=\"caption-attachment-130206\" class=\"wp-caption-text\">Azminda Meybelli Rom\u00e1n Nieto comparti\u00f3 las actividades gratuitas que se realizar\u00e1n con motivo del D\u00eda Internacional de los Museos<\/p><\/div>\n<p><span data-ccp-props=\"{&quot;201341983&quot;:0,&quot;335559739&quot;:0,&quot;335559740&quot;:240}\">\u00a0<\/span><\/p>\n<p><b><i><span data-contrast=\"auto\">Claudia Peralta V\u00e1zquez<\/span><\/i><\/b><span data-ccp-props=\"{&quot;201341983&quot;:0,&quot;335559739&quot;:0,&quot;335559740&quot;:240}\">\u00a0<\/span><\/p>\n<p><b><i><span data-contrast=\"auto\">Fotos: (1) Luis Fernando Fern\u00e1ndez Carrillo (2) MAX<\/span><\/i><\/b><span data-ccp-props=\"{&quot;201341983&quot;:0,&quot;335559739&quot;:0,&quot;335559740&quot;:240}\">\u00a0<\/span><\/p>\n<p><b><i><span data-contrast=\"auto\">16\/05\/2023, Xalapa, Ver.- <\/span><\/i><\/b><span data-contrast=\"auto\">Como cada a\u00f1o, el <a href=\"https:\/\/www.uv.mx\/max\/\" target=\"_blank\" rel=\"noopener\">Museo de Antropolog\u00eda de Xalapa <\/a>(MAX) de la Universidad Veracruzana (UV) se suma a la celebraci\u00f3n con motivo del D\u00eda Internacional de los Museos, el pr\u00f3ximo jueves 18 de mayo, con actividades gratuitas y entretenidas para la poblaci\u00f3n de todas las edades.<\/span><span data-ccp-props=\"{&quot;201341983&quot;:0,&quot;335559739&quot;:0,&quot;335559740&quot;:240}\">\u00a0<\/span><\/p>\n<p><span data-contrast=\"auto\">Azminda Meybelli Rom\u00e1n Nieto, responsable de Servicios Educativos del MAX, extendi\u00f3 la invitaci\u00f3n a las familias xalape\u00f1as y p\u00fablico en general, as\u00ed como de municipios aleda\u00f1os, para que formen parte de esta festividad que se desarrollar\u00e1 bajo la tem\u00e1tica \u201cMuseos, sostenibilidad y bienestar\u201d.<\/span><span data-ccp-props=\"{&quot;201341983&quot;:0,&quot;335559731&quot;:708,&quot;335559739&quot;:0,&quot;335559740&quot;:240}\">\u00a0<\/span><\/p>\n<p><span data-contrast=\"auto\">Ese d\u00eda, el MAX abrir\u00e1 sus puertas a partir de las 9:00 y hasta las 17:00 horas, con diversas actividades como: recorridos guiados cada hora; apertura de la exposici\u00f3n temporal <\/span><i><span data-contrast=\"auto\">La iconograf\u00eda del desollamiento, dios, dioses, sacerdotes, devotos y devotas en las culturas prehisp\u00e1nicas de Veracruz<\/span><\/i><span data-contrast=\"auto\">; e instalaci\u00f3n del Tianguis Ecol\u00f3gico \u201cVerdeVer\u201d.<\/span><span data-ccp-props=\"{&quot;201341983&quot;:0,&quot;335559731&quot;:708,&quot;335559739&quot;:0,&quot;335559740&quot;:240}\">\u00a0<\/span><\/p>\n<p><span data-contrast=\"auto\">Rom\u00e1n Nieto coment\u00f3 que en todo el mundo, el D\u00eda Internacional de los Museos re\u00fane a la comunidad muse\u00edstica, profesionales, trabajadores, visitantes y p\u00fablico diverso.<\/span><span data-ccp-props=\"{&quot;201341983&quot;:0,&quot;335559739&quot;:0,&quot;335559740&quot;:240}\">\u00a0<\/span><\/p>\n<p><span data-contrast=\"auto\">El objetivo de la tem\u00e1tica abordada este a\u00f1o gira en torno a la preocupaci\u00f3n existente por parte de la comunidad muse\u00edstica y su contribuci\u00f3n a la consecuci\u00f3n de los Objetivos de Desarrollo Sostenible.<\/span><span data-ccp-props=\"{&quot;201341983&quot;:0,&quot;335559731&quot;:708,&quot;335559739&quot;:0,&quot;335559740&quot;:240}\">\u00a0<\/span><\/p>\n<p><span data-contrast=\"auto\">Luego de la pandemia que oblig\u00f3 a la poblaci\u00f3n mundial a confinarse por varios meses, las repercusiones en el plano econ\u00f3mico, pol\u00edtico y social son muchas, dijo. Una de ellas, derivada del aislamiento social, est\u00e1 relacionada con la salud mental de las personas.<\/span><span data-ccp-props=\"{&quot;201341983&quot;:0,&quot;335559731&quot;:708,&quot;335559739&quot;:0,&quot;335559740&quot;:240}\">\u00a0<\/span><\/p>\n<p><span data-contrast=\"auto\">\u00a0En este sentido, expres\u00f3: \u201cLos museos contribuyen a la salud mental propiciando a sus diversos p\u00fablicos un espacio de refugio, de deleite est\u00e9tico y seguro de convivencia\u201d.<\/span><span data-ccp-props=\"{&quot;201341983&quot;:0,&quot;335559731&quot;:708,&quot;335559739&quot;:0,&quot;335559740&quot;:240}\">\u00a0<\/span><\/p>\n<p><span data-contrast=\"auto\">Otra de sus tem\u00e1ticas tiene que ver con el cuidado del medio ambiente y con las acciones para revertir los efectos del cambio clim\u00e1tico.<\/span><span data-ccp-props=\"{&quot;201341983&quot;:0,&quot;335559731&quot;:708,&quot;335559739&quot;:0,&quot;335559740&quot;:240}\">\u00a0<\/span><\/p>\n<p>&nbsp;<\/p>\n<div id=\"attachment_130207\" style=\"width: 732px\" class=\"wp-caption aligncenter\"><img aria-describedby=\"caption-attachment-130207\" decoding=\"async\" loading=\"lazy\" class=\"size-full wp-image-130207\" src=\"https:\/\/www.uv.mx\/prensa\/files\/2023\/05\/110523-DIA-INTERNACIONAL-DE-LOS-MUSEOS-2.jpg\" alt=\"\" width=\"722\" height=\"607\" srcset=\"https:\/\/www.uv.mx\/prensa\/files\/2023\/05\/110523-DIA-INTERNACIONAL-DE-LOS-MUSEOS-2.jpg 722w, https:\/\/www.uv.mx\/prensa\/files\/2023\/05\/110523-DIA-INTERNACIONAL-DE-LOS-MUSEOS-2-300x252.jpg 300w\" sizes=\"(max-width: 722px) 100vw, 722px\" \/><p id=\"caption-attachment-130207\" class=\"wp-caption-text\">El 18 de mayo, el MAX celebrar\u00e1 el D\u00eda Internacional de los Museos bajo el lema \u201cMuseos, sostenibilidad y bienestar\u201d<\/p><\/div>\n<p>&nbsp;<\/p>\n<p><span data-contrast=\"auto\">Por esa raz\u00f3n, en los museos de todo el mundo, las personas podr\u00e1n disfrutar no s\u00f3lo de sus exposiciones permanentes, sino tambi\u00e9n de conversatorios, charlas, talleres, recorridos guiados y visitas nocturnas.<\/span><span data-ccp-props=\"{&quot;201341983&quot;:0,&quot;335559731&quot;:708,&quot;335559739&quot;:0,&quot;335559740&quot;:240}\">\u00a0<\/span><\/p>\n<p><span data-contrast=\"auto\">En el caso del MAX, la entrada ser\u00e1 gratuita. Adem\u00e1s de los recorridos guiados, los visitantes podr\u00e1n disfrutar de la exposici\u00f3n<\/span> <span data-contrast=\"auto\">temporal arqueol\u00f3gica, curada por Chantal Huckert, de la sala del Centro de Veracruz, y conformada por piezas in\u00e9ditas en torno a la deidad del Xipe T\u00f3tec.\u00a0<\/span><span data-ccp-props=\"{&quot;201341983&quot;:0,&quot;335559731&quot;:708,&quot;335559739&quot;:0,&quot;335559740&quot;:240}\">\u00a0<\/span><\/p>\n<p><span data-contrast=\"auto\">\u201cEste 18 de mayo el MAX abre sus puertas para todas las personas que quieran visitarlo, conocerlo, resignificarlo, cuestionarlo\u201d, expres\u00f3 Azminda Rom\u00e1n, quien coment\u00f3 que posteriormente se continuar\u00e1 con todas las actividades ya programadas de acuerdo a los horarios y din\u00e1micas establecidas.<\/span><span data-ccp-props=\"{&quot;201341983&quot;:0,&quot;335559731&quot;:708,&quot;335559739&quot;:0,&quot;335559740&quot;:240}\">\u00a0<\/span><\/p>\n<p><span data-contrast=\"auto\">Por tanto, se espera la visita de la poblaci\u00f3n xalape\u00f1a, de grupos de estudiantes de diversas escuelas, tanto el jueves 18 de mayo como los domingos, d\u00eda en que el acceso es gratuito.<\/span><span data-ccp-props=\"{&quot;201341983&quot;:0,&quot;335559731&quot;:708,&quot;335559739&quot;:0,&quot;335559740&quot;:240}\">\u00a0<\/span><\/p>\n<p><span data-contrast=\"auto\">Luego, en un ambiente completamente distinto al que se percibe en los museos, podr\u00e1n recorrer y disfrutar de las \u00e1reas verdes del MAX, un espacio de esparcimiento y recreaci\u00f3n.<\/span><span data-ccp-props=\"{&quot;201341983&quot;:0,&quot;335559739&quot;:0,&quot;335559740&quot;:240}\">\u00a0<\/span><\/p>\n<p><span data-contrast=\"auto\">En otro contexto, dio a conocer que a partir de este mes, el MAX ofertar\u00e1 \u2013del 16 de mayo al 28 de noviembre\u2013 el Seminario de Educaci\u00f3n Continua virtual \u201cRegi\u00f3n, patrimonios y comunidades: enfoques y perspectivas\u201d, el cual<\/span> <span data-contrast=\"auto\">reunir\u00e1 a diversos especialistas para analizar, reflexionar y debatir sobre el concepto de regi\u00f3n y los procesos de patrimonializaci\u00f3n de las comunidades.<\/span><span data-ccp-props=\"{&quot;201341983&quot;:0,&quot;335559731&quot;:708,&quot;335559739&quot;:0,&quot;335559740&quot;:240}\">\u00a0<\/span><\/p>\n<p><span data-contrast=\"auto\">De igual forma, en junio ser\u00e1n impartidos dos cursos para estudiantes, a cargo de instructores y especialistas del MAX. Para mayores informes, los interesados pueden consultar las bases en las redes sociales y el sitio <\/span><i><span data-contrast=\"auto\">web<\/span><\/i><span data-contrast=\"auto\"> del MAX.<\/span><\/p>\n","protected":false},"excerpt":{"rendered":"<p>Se podr\u00e1 disfrutar de recorridos guiados cada hora, exposiciones arqueol\u00f3gicas y de productos agroecol\u00f3gicos\u00a0<\/p>\n","protected":false},"author":1869,"featured_media":130208,"comment_status":"closed","ping_status":"closed","sticky":false,"template":"","format":"standard","meta":[],"categories":[11,47,61,6299],"tags":[6083,4163,4692,1375,6249,6558,10389,11562,11561,11260],"_links":{"self":[{"href":"https:\/\/www.uv.mx\/prensa\/wp-json\/wp\/v2\/posts\/130221"}],"collection":[{"href":"https:\/\/www.uv.mx\/prensa\/wp-json\/wp\/v2\/posts"}],"about":[{"href":"https:\/\/www.uv.mx\/prensa\/wp-json\/wp\/v2\/types\/post"}],"author":[{"embeddable":true,"href":"https:\/\/www.uv.mx\/prensa\/wp-json\/wp\/v2\/users\/1869"}],"replies":[{"embeddable":true,"href":"https:\/\/www.uv.mx\/prensa\/wp-json\/wp\/v2\/comments?post=130221"}],"version-history":[{"count":1,"href":"https:\/\/www.uv.mx\/prensa\/wp-json\/wp\/v2\/posts\/130221\/revisions"}],"predecessor-version":[{"id":130543,"href":"https:\/\/www.uv.mx\/prensa\/wp-json\/wp\/v2\/posts\/130221\/revisions\/130543"}],"wp:featuredmedia":[{"embeddable":true,"href":"https:\/\/www.uv.mx\/prensa\/wp-json\/wp\/v2\/media\/130208"}],"wp:attachment":[{"href":"https:\/\/www.uv.mx\/prensa\/wp-json\/wp\/v2\/media?parent=130221"}],"wp:term":[{"taxonomy":"category","embeddable":true,"href":"https:\/\/www.uv.mx\/prensa\/wp-json\/wp\/v2\/categories?post=130221"},{"taxonomy":"post_tag","embeddable":true,"href":"https:\/\/www.uv.mx\/prensa\/wp-json\/wp\/v2\/tags?post=130221"}],"curies":[{"name":"wp","href":"https:\/\/api.w.org\/{rel}","templated":true}]}}