{"id":130274,"date":"2023-05-12T22:31:44","date_gmt":"2023-05-13T03:31:44","guid":{"rendered":"https:\/\/www.uv.mx\/prensa\/?p=130274"},"modified":"2023-05-18T15:45:17","modified_gmt":"2023-05-18T20:45:17","slug":"las-lluvias-de-estocolmo-novela-que-retrata-la-violencia-religiosa","status":"publish","type":"post","link":"https:\/\/www.uv.mx\/prensa\/cultura\/las-lluvias-de-estocolmo-novela-que-retrata-la-violencia-religiosa\/","title":{"rendered":"<i>Las lluvias de Estocolmo<\/i>, novela que retrata la violencia religiosa\u00a0"},"content":{"rendered":"<ul>\n<li data-leveltext=\"\uf0b7\" data-font=\"Symbol\" data-listid=\"6\" data-list-defn-props=\"{&quot;335552541&quot;:1,&quot;335559684&quot;:-2,&quot;335559685&quot;:720,&quot;335559991&quot;:360,&quot;469769226&quot;:&quot;Symbol&quot;,&quot;469769242&quot;:[8226],&quot;469777803&quot;:&quot;left&quot;,&quot;469777804&quot;:&quot;\uf0b7&quot;,&quot;469777815&quot;:&quot;hybridMultilevel&quot;}\" data-aria-posinset=\"1\" data-aria-level=\"1\"><i><span data-contrast=\"auto\">Se present\u00f3 en la Feria Internacional del Libro Universitario 2023 de la Universidad Veracruzana<\/span><\/i><span data-ccp-props=\"{}\">\u00a0<\/span><\/li>\n<li data-leveltext=\"\uf0b7\" data-font=\"Symbol\" data-listid=\"6\" data-list-defn-props=\"{&quot;335552541&quot;:1,&quot;335559684&quot;:-2,&quot;335559685&quot;:720,&quot;335559991&quot;:360,&quot;469769226&quot;:&quot;Symbol&quot;,&quot;469769242&quot;:[8226],&quot;469777803&quot;:&quot;left&quot;,&quot;469777804&quot;:&quot;\uf0b7&quot;,&quot;469777815&quot;:&quot;hybridMultilevel&quot;}\" data-aria-posinset=\"2\" data-aria-level=\"1\"><i><span data-contrast=\"auto\">Su autor, Edgar London, gan\u00f3 el Premio Latinoamericano de Primera Novela \u201cSergio Galindo\u201d 2022<\/span><\/i><span data-ccp-props=\"{}\">\u00a0<\/span><\/li>\n<\/ul>\n<p><span data-ccp-props=\"{}\">\u00a0<\/span><\/p>\n<div id=\"attachment_130275\" style=\"width: 732px\" class=\"wp-caption aligncenter\"><img aria-describedby=\"caption-attachment-130275\" decoding=\"async\" loading=\"lazy\" class=\"size-full wp-image-130275\" src=\"https:\/\/www.uv.mx\/prensa\/files\/2023\/05\/120523-CARLOS-Lluvias-de-Estocolmo-1.jpg\" alt=\"\" width=\"722\" height=\"482\" srcset=\"https:\/\/www.uv.mx\/prensa\/files\/2023\/05\/120523-CARLOS-Lluvias-de-Estocolmo-1.jpg 722w, https:\/\/www.uv.mx\/prensa\/files\/2023\/05\/120523-CARLOS-Lluvias-de-Estocolmo-1-300x200.jpg 300w\" sizes=\"(max-width: 722px) 100vw, 722px\" \/><p id=\"caption-attachment-130275\" class=\"wp-caption-text\">La presentaci\u00f3n se llev\u00f3 a cabo en el auditorio de la Facultad de M\u00fasica<\/p><\/div>\n<p><span data-ccp-props=\"{}\">\u00a0<\/span><\/p>\n<p><b><i><span data-contrast=\"auto\">Carlos Hugo Hermida Rosales<\/span><\/i><\/b><span data-ccp-props=\"{}\">\u00a0<\/span><\/p>\n<p><b><i><span data-contrast=\"auto\">Fotos: C\u00e9sar Pisil Ramos<\/span><\/i><\/b><span data-ccp-props=\"{}\">\u00a0<\/span><\/p>\n<p><b><i><span data-contrast=\"auto\">12\/05\/2023, Xalapa, Ver.-<\/span><\/i><\/b><span data-contrast=\"auto\"> \u201cCuando comenc\u00e9 a escribir <\/span><i><span data-contrast=\"auto\">Las lluvias de Estocolmo<\/span><\/i><span data-contrast=\"auto\"> no sab\u00eda que esta obra ser\u00eda una novela, ni la protagonista una ni\u00f1a que narra la historia de su familia, ya que todo surgi\u00f3 por s\u00ed mismo\u201d, mencion\u00f3 el literato Edgar London, al presentar su obra en el primer d\u00eda de actividades de la <a href=\"https:\/\/www.uv.mx\/\" target=\"_blank\" rel=\"noopener\">Feria Internacional del Libro Universitario<\/a> (FILU) 2023 de la Universidad Veracruzana (UV).<\/span><span data-ccp-props=\"{}\">\u00a0<\/span><\/p>\n<p><span data-contrast=\"auto\">En el evento que se desarroll\u00f3 en el auditorio de la Facultad de M\u00fasica, tambi\u00e9n particip\u00f3 el arque\u00f3logo Maximiliano Sauza; la moderaci\u00f3n estuvo a cargo del editor Silverio S\u00e1nchez.<\/span><span data-ccp-props=\"{&quot;335559731&quot;:708}\">\u00a0<\/span><\/p>\n<p>&nbsp;<\/p>\n<div id=\"attachment_130276\" style=\"width: 732px\" class=\"wp-caption aligncenter\"><img aria-describedby=\"caption-attachment-130276\" decoding=\"async\" loading=\"lazy\" class=\"size-full wp-image-130276\" src=\"https:\/\/www.uv.mx\/prensa\/files\/2023\/05\/120523-CARLOS-Lluvias-de-Estocolmo-2.jpg\" alt=\"\" width=\"722\" height=\"482\" srcset=\"https:\/\/www.uv.mx\/prensa\/files\/2023\/05\/120523-CARLOS-Lluvias-de-Estocolmo-2.jpg 722w, https:\/\/www.uv.mx\/prensa\/files\/2023\/05\/120523-CARLOS-Lluvias-de-Estocolmo-2-300x200.jpg 300w\" sizes=\"(max-width: 722px) 100vw, 722px\" \/><p id=\"caption-attachment-130276\" class=\"wp-caption-text\">Edgar London y Maximiliano Sauza en la FILU 202<\/p><\/div>\n<p>&nbsp;<\/p>\n<p><span data-contrast=\"auto\">Edgar London coment\u00f3 que escribi\u00f3 <\/span><i><span data-contrast=\"auto\">Las lluvias de Estocolmo <\/span><\/i><span data-contrast=\"auto\">\u2013ganadora del Premio Latinoamericano de Primera Novela \u201cSergio Galindo\u201d 2022\u2013 con la br\u00fajula rota, y puntualiz\u00f3 que no se queda con la historia de esta obra, sino con su discurso y tono.<\/span><span data-ccp-props=\"{&quot;335559731&quot;:708}\">\u00a0<\/span><\/p>\n<p><span data-contrast=\"auto\">Maximiliano Sauza explic\u00f3 que el libro, publicado por la Editorial UV, es una novela narrada de una manera inteligente, que muestra la historia de una familia y maneja un tipo de violencia poco retratada en las letras latinoamericanas: la religiosa.<\/span><span data-ccp-props=\"{&quot;335559731&quot;:708}\">\u00a0<\/span><\/p>\n<p><span data-contrast=\"auto\">\u201cEs un texto muy \u00e1gil que se lee bastante bien, porque trabaja con la ficci\u00f3n pura y eso le permite sostenerse por s\u00ed mismo\u201d, afirm\u00f3 el presentador.<\/span><\/p>\n<p>&nbsp;<\/p>\n<div id=\"attachment_130277\" style=\"width: 732px\" class=\"wp-caption aligncenter\"><img aria-describedby=\"caption-attachment-130277\" decoding=\"async\" loading=\"lazy\" class=\"size-full wp-image-130277\" src=\"https:\/\/www.uv.mx\/prensa\/files\/2023\/05\/120523-CARLOS-Lluvias-de-Estocolmo-3.jpg\" alt=\"\" width=\"722\" height=\"482\" srcset=\"https:\/\/www.uv.mx\/prensa\/files\/2023\/05\/120523-CARLOS-Lluvias-de-Estocolmo-3.jpg 722w, https:\/\/www.uv.mx\/prensa\/files\/2023\/05\/120523-CARLOS-Lluvias-de-Estocolmo-3-300x200.jpg 300w\" sizes=\"(max-width: 722px) 100vw, 722px\" \/><p id=\"caption-attachment-130277\" class=\"wp-caption-text\">La obra fue ganadora del Premio Latinoamericano de Primera Novela \u201cSergio Galindo\u201d 2022<\/p><\/div>\n","protected":false},"excerpt":{"rendered":"<p>Es obra de Edgar London, escritor cubano que reside en M\u00e9xico y gan\u00f3 el Premio Latinoamericano de Primera Novela \u201cSergio Galindo\u201d 2022 que convoca la Universidad Veracruzana\u00a0<\/p>\n","protected":false},"author":1869,"featured_media":130278,"comment_status":"closed","ping_status":"closed","sticky":false,"template":"","format":"standard","meta":[],"categories":[11,47,11303,61],"tags":[4161,6263,11591,156,730,1471,7138,9393],"_links":{"self":[{"href":"https:\/\/www.uv.mx\/prensa\/wp-json\/wp\/v2\/posts\/130274"}],"collection":[{"href":"https:\/\/www.uv.mx\/prensa\/wp-json\/wp\/v2\/posts"}],"about":[{"href":"https:\/\/www.uv.mx\/prensa\/wp-json\/wp\/v2\/types\/post"}],"author":[{"embeddable":true,"href":"https:\/\/www.uv.mx\/prensa\/wp-json\/wp\/v2\/users\/1869"}],"replies":[{"embeddable":true,"href":"https:\/\/www.uv.mx\/prensa\/wp-json\/wp\/v2\/comments?post=130274"}],"version-history":[{"count":1,"href":"https:\/\/www.uv.mx\/prensa\/wp-json\/wp\/v2\/posts\/130274\/revisions"}],"predecessor-version":[{"id":130683,"href":"https:\/\/www.uv.mx\/prensa\/wp-json\/wp\/v2\/posts\/130274\/revisions\/130683"}],"wp:featuredmedia":[{"embeddable":true,"href":"https:\/\/www.uv.mx\/prensa\/wp-json\/wp\/v2\/media\/130278"}],"wp:attachment":[{"href":"https:\/\/www.uv.mx\/prensa\/wp-json\/wp\/v2\/media?parent=130274"}],"wp:term":[{"taxonomy":"category","embeddable":true,"href":"https:\/\/www.uv.mx\/prensa\/wp-json\/wp\/v2\/categories?post=130274"},{"taxonomy":"post_tag","embeddable":true,"href":"https:\/\/www.uv.mx\/prensa\/wp-json\/wp\/v2\/tags?post=130274"}],"curies":[{"name":"wp","href":"https:\/\/api.w.org\/{rel}","templated":true}]}}