{"id":130306,"date":"2023-05-13T19:02:30","date_gmt":"2023-05-14T00:02:30","guid":{"rendered":"https:\/\/www.uv.mx\/prensa\/?p=130306"},"modified":"2023-05-18T15:40:30","modified_gmt":"2023-05-18T20:40:30","slug":"esther-hernandez-palacios-fue-una-mujer-de-fe-recordaron-en-la-filu","status":"publish","type":"post","link":"https:\/\/www.uv.mx\/prensa\/general\/esther-hernandez-palacios-fue-una-mujer-de-fe-recordaron-en-la-filu\/","title":{"rendered":"Esther Hern\u00e1ndez Palacios fue una mujer de fe, recordaron en la FILU"},"content":{"rendered":"<ul class=\"ul1\">\n<li class=\"li1\"><i>\u201cNo s\u00f3lo la caracteriz\u00f3 su amor a la literatura, sino al ser humano a trav\u00e9s de la literatura\u201d: Jos\u00e9 Luis Mart\u00ednez Morales<\/i><\/li>\n<li class=\"li1\"><i>El acad\u00e9mico de la UV particip\u00f3 en el conversatorio \u201cEsther Hern\u00e1ndez Palacios, vocaci\u00f3n y escrituras\u201d<\/i><\/li>\n<li class=\"li1\"><i>Junto con Quetzalli Dom\u00ednguez S\u00e1nchez, egresada UV, y el historiador H\u00e9ctor Gonz\u00e1lez Aguilar<\/i><\/li>\n<\/ul>\n<p>&nbsp;<\/p>\n<div id=\"attachment_130307\" style=\"width: 732px\" class=\"wp-caption aligncenter\"><img aria-describedby=\"caption-attachment-130307\" decoding=\"async\" loading=\"lazy\" class=\"size-full wp-image-130307\" src=\"https:\/\/www.uv.mx\/prensa\/files\/2023\/05\/130523-Esther-Hernandez-Palacios-1-100k.jpg\" alt=\"Dentro de la FILU se realiz\u00f3 el conversatorio \u201cEsther Hern\u00e1ndez Palacios, vocaci\u00f3n y escrituras\u201d\" width=\"722\" height=\"459\" srcset=\"https:\/\/www.uv.mx\/prensa\/files\/2023\/05\/130523-Esther-Hernandez-Palacios-1-100k.jpg 722w, https:\/\/www.uv.mx\/prensa\/files\/2023\/05\/130523-Esther-Hernandez-Palacios-1-100k-300x191.jpg 300w\" sizes=\"(max-width: 722px) 100vw, 722px\" \/><p id=\"caption-attachment-130307\" class=\"wp-caption-text\">Dentro de la FILU se realiz\u00f3 el conversatorio \u201cEsther Hern\u00e1ndez Palacios, vocaci\u00f3n y escrituras\u201d<\/p><\/div>\n<p>&nbsp;<\/p>\n<p class=\"p1\"><b><i>Claudia Peralta V\u00e1zquez<\/i><\/b><\/p>\n<p class=\"p1\"><b><i>Fotos: Omar<span class=\"Apple-converted-space\">\u00a0 <\/span>Portilla Palacios<\/i><\/b><\/p>\n<p class=\"p1\"><b><i>13\/05\/2023, Xalapa, Ver.- <\/i><\/b><i>\u201c<\/i>Mar\u00eda Esther Hern\u00e1ndez Palacios fue una mujer de fe, a quien no s\u00f3lo la caracteriz\u00f3 su amor por la literatura, sino por el ser humano a trav\u00e9s de la literatura\u201d.<\/p>\n<p class=\"p3\">Con esas palabras, record\u00f3 Jos\u00e9 Luis Mart\u00ednez Morales a su compa\u00f1era, amiga, colega y contempor\u00e1nea fallecida el pasado 12 de marzo del presente a\u00f1o, durante el conversatorio \u201cEsther Hern\u00e1ndez Palacios, vocaci\u00f3n y escrituras\u201d.<\/p>\n<p class=\"p3\">En el encuentro realizado en el Foro al Aire Libre \u201cMiguel V\u00e9lez Arceo\u201d de la Casa del Lago de la Universidad Veracruzana (UV), y como parte de las actividades de la <a href=\"https:\/\/www.uv.mx\/\" target=\"_blank\" rel=\"noopener\">Feria Internacional del Libro Universitario <\/a>(FILU), tambi\u00e9n particip\u00f3 Quetzalli Dom\u00ednguez S\u00e1nchez, coordinadora del Colectivo Palabras de Alumbre, y el historiador H\u00e9ctor Gonz\u00e1lez Aguilar.<\/p>\n<p class=\"p1\">A Mart\u00ednez Morales, estudioso de la obra de Sergio Galindo, lo vincula una s\u00f3lida y larga amistad con la escritora<span class=\"s1\">, <\/span>poetisa y ensayista, quien tambi\u00e9n fue investigadora del Instituto de Investigaciones Ling\u00fc\u00edstico-Literarias (IIL-L) y acad\u00e9mica de la Facultad de Letras Espa\u00f1olas de esta casa de estudios.<\/p>\n<p class=\"p1\">Sobre su vida consagrada al estudio de la poes\u00eda, dijo que Hern\u00e1ndez Palacios fue formada con una educaci\u00f3n cat\u00f3lica profunda, pero en su etapa de estudiante tuvo sus crisis de fe y de duda.<\/p>\n<div id=\"attachment_130308\" style=\"width: 732px\" class=\"wp-caption aligncenter\"><img aria-describedby=\"caption-attachment-130308\" decoding=\"async\" loading=\"lazy\" class=\"size-full wp-image-130308\" src=\"https:\/\/www.uv.mx\/prensa\/files\/2023\/05\/130523-Esther-Hernandez-Palacios-2-100k.jpg\" alt=\"Jos\u00e9 Luis Mart\u00ednez Morales record\u00f3 a la poetisa y ensayista fallecida en marzo pasado\" width=\"722\" height=\"472\" srcset=\"https:\/\/www.uv.mx\/prensa\/files\/2023\/05\/130523-Esther-Hernandez-Palacios-2-100k.jpg 722w, https:\/\/www.uv.mx\/prensa\/files\/2023\/05\/130523-Esther-Hernandez-Palacios-2-100k-300x196.jpg 300w\" sizes=\"(max-width: 722px) 100vw, 722px\" \/><p id=\"caption-attachment-130308\" class=\"wp-caption-text\">Jos\u00e9 Luis Mart\u00ednez Morales record\u00f3 a la poetisa y ensayista fallecida en marzo pasado<\/p><\/div>\n<p>&nbsp;<\/p>\n<p class=\"p1\">No obstante, los momentos dif\u00edciles por los que ella atraves\u00f3 la hac\u00edan regresar a la presencia de la divinidad, lo cual proyect\u00f3 de alg\u00fan modo en sus obras.<\/p>\n<p class=\"p1\">\u201cLas adversidades que enfrent\u00f3 la hicieron ser una mujer a\u00fan m\u00e1s humana.\u201d<\/p>\n<p class=\"p1\">Quetzalli Dom\u00ednguez comparti\u00f3 con los asistentes el contacto y relaci\u00f3n que las uni\u00f3 como maestra-alumna en la Facultad de Letras Espa\u00f1olas, donde Hern\u00e1ndez Palacios le imparti\u00f3 la experiencia educativa (EE) Mitos y Cosmogon\u00edas.<\/p>\n<p class=\"p1\">M\u00e1s adelante, Quetzalli decidi\u00f3 hacer su tesis de Licenciatura sobre el libro <i>Diario de una madre mutilada<\/i>, autor\u00eda de la acad\u00e9mica en un proceso de catarsis y liberaci\u00f3n por la muerte de su hija Irene, en un hecho violento que conmocion\u00f3 a la ciudad de Xalapa el 8 de junio de 2010, y por el cual recibi\u00f3 el Premio Bellas Artes de Testimonio \u201cCarlos Montemayor\u201d.<\/p>\n<p class=\"p1\">Record\u00f3 el apoyo que la escritora le brind\u00f3 para el desarrollo de su trabajo recepcional, que incluy\u00f3 un an\u00e1lisis grafol\u00f3gico basado en las formas del manuscrito, pues pudo acceder al texto original escrito a mano. Lo anterior, con el af\u00e1n de determinar la psique de la autora.<\/p>\n<div id=\"attachment_130309\" style=\"width: 732px\" class=\"wp-caption aligncenter\"><img aria-describedby=\"caption-attachment-130309\" decoding=\"async\" loading=\"lazy\" class=\"size-full wp-image-130309\" src=\"https:\/\/www.uv.mx\/prensa\/files\/2023\/05\/130523-Esther-Hernandez-Palacios-3-100k.jpg\" alt=\"Quetzalli Dom\u00ednguez S\u00e1nchez, coordinadora del Colectivo Palabras de Alumbre\" width=\"722\" height=\"477\" srcset=\"https:\/\/www.uv.mx\/prensa\/files\/2023\/05\/130523-Esther-Hernandez-Palacios-3-100k.jpg 722w, https:\/\/www.uv.mx\/prensa\/files\/2023\/05\/130523-Esther-Hernandez-Palacios-3-100k-300x198.jpg 300w\" sizes=\"(max-width: 722px) 100vw, 722px\" \/><p id=\"caption-attachment-130309\" class=\"wp-caption-text\">Quetzalli Dom\u00ednguez S\u00e1nchez, coordinadora del Colectivo Palabras de Alumbre<\/p><\/div>\n<p>&nbsp;<\/p>\n<p class=\"p1\">El resultado arroj\u00f3 que la escritura \u00e1gil, r\u00e1pida y en letra cursiva denotaba una alteraci\u00f3n en el sistema nervioso central que disminuy\u00f3 al paso de un mes, tiempo en que dej\u00f3 de escribir el texto.<\/p>\n<p class=\"p1\">Es decir, lo inici\u00f3 con una letra agresiva, temblorosa y peque\u00f1a, y al final era m\u00e1s neutral, lo cual signific\u00f3 que ya era m\u00e1s consciente de lo que escrib\u00eda.<\/p>\n<p class=\"p1\">Por su parte, H\u00e9ctor Gonz\u00e1lez tambi\u00e9n hizo hincapi\u00e9 en la parte humana y solidaria de Esther Hern\u00e1ndez Palacios, cuando tuvo la oportunidad de ser su alumno en la Maestr\u00eda en Literatura Mexicana del IIL-L.<\/p>\n","protected":false},"excerpt":{"rendered":"<p>En el segundo d\u00eda de actividades de la FILU 2023, se realiz\u00f3 el conversatorio \u201cEsther Hern\u00e1ndez Palacios, vocaci\u00f3n y escrituras\u201d<\/p>\n","protected":false},"author":1775,"featured_media":130310,"comment_status":"closed","ping_status":"closed","sticky":false,"template":"","format":"standard","meta":[],"categories":[11,47,11303,1,61],"tags":[11614,1228,4163,11609,813,611,11612,1682,1366,258,5520,11610,2579,1539,11611,3364,11608,2325,6462,11613,4263,11602],"_links":{"self":[{"href":"https:\/\/www.uv.mx\/prensa\/wp-json\/wp\/v2\/posts\/130306"}],"collection":[{"href":"https:\/\/www.uv.mx\/prensa\/wp-json\/wp\/v2\/posts"}],"about":[{"href":"https:\/\/www.uv.mx\/prensa\/wp-json\/wp\/v2\/types\/post"}],"author":[{"embeddable":true,"href":"https:\/\/www.uv.mx\/prensa\/wp-json\/wp\/v2\/users\/1775"}],"replies":[{"embeddable":true,"href":"https:\/\/www.uv.mx\/prensa\/wp-json\/wp\/v2\/comments?post=130306"}],"version-history":[{"count":1,"href":"https:\/\/www.uv.mx\/prensa\/wp-json\/wp\/v2\/posts\/130306\/revisions"}],"predecessor-version":[{"id":130677,"href":"https:\/\/www.uv.mx\/prensa\/wp-json\/wp\/v2\/posts\/130306\/revisions\/130677"}],"wp:featuredmedia":[{"embeddable":true,"href":"https:\/\/www.uv.mx\/prensa\/wp-json\/wp\/v2\/media\/130310"}],"wp:attachment":[{"href":"https:\/\/www.uv.mx\/prensa\/wp-json\/wp\/v2\/media?parent=130306"}],"wp:term":[{"taxonomy":"category","embeddable":true,"href":"https:\/\/www.uv.mx\/prensa\/wp-json\/wp\/v2\/categories?post=130306"},{"taxonomy":"post_tag","embeddable":true,"href":"https:\/\/www.uv.mx\/prensa\/wp-json\/wp\/v2\/tags?post=130306"}],"curies":[{"name":"wp","href":"https:\/\/api.w.org\/{rel}","templated":true}]}}