{"id":130398,"date":"2023-05-15T14:21:04","date_gmt":"2023-05-15T19:21:04","guid":{"rendered":"https:\/\/www.uv.mx\/prensa\/?p=130398"},"modified":"2023-05-17T14:09:30","modified_gmt":"2023-05-17T19:09:30","slug":"el-libro-deberia-ser-un-acompanante-para-toda-la-vida-olivia-jarvio","status":"publish","type":"post","link":"https:\/\/www.uv.mx\/prensa\/cultura\/el-libro-deberia-ser-un-acompanante-para-toda-la-vida-olivia-jarvio\/","title":{"rendered":"El libro deber\u00eda ser un acompa\u00f1ante para toda la vida: Olivia Jarvio"},"content":{"rendered":"<ul class=\"ul1\">\n<li class=\"li1\"><i>La acad\u00e9mica de la UV particip\u00f3 en la charla \u201cOficio de lectores. Promoci\u00f3n de la lectura y consumo editorial\u201d, en el marco de la FILU 2023<\/i><\/li>\n<li class=\"li1\"><i>Un buen promotor de la lectura debe ser un gran buscador y conocedor de lecturas<\/i><\/li>\n<\/ul>\n<p>&nbsp;<\/p>\n<div id=\"attachment_130399\" style=\"width: 732px\" class=\"wp-caption aligncenter\"><img aria-describedby=\"caption-attachment-130399\" decoding=\"async\" loading=\"lazy\" class=\"size-full wp-image-130399\" src=\"https:\/\/www.uv.mx\/prensa\/files\/2023\/05\/140523-PAOLA-Oficio-de-lectores-1-100k.jpg\" alt=\"Olivia Jarvio dijo que la lectura desarrolla habilidades y competencias en los lectores, que les ser\u00e1n \u00fatiles para toda la vida\" width=\"722\" height=\"455\" srcset=\"https:\/\/www.uv.mx\/prensa\/files\/2023\/05\/140523-PAOLA-Oficio-de-lectores-1-100k.jpg 722w, https:\/\/www.uv.mx\/prensa\/files\/2023\/05\/140523-PAOLA-Oficio-de-lectores-1-100k-300x189.jpg 300w, https:\/\/www.uv.mx\/prensa\/files\/2023\/05\/140523-PAOLA-Oficio-de-lectores-1-100k-200x125.jpg 200w\" sizes=\"(max-width: 722px) 100vw, 722px\" \/><p id=\"caption-attachment-130399\" class=\"wp-caption-text\">Olivia Jarvio dijo que la lectura desarrolla habilidades y competencias en los lectores, que les ser\u00e1n \u00fatiles para toda la vida<\/p><\/div>\n<p>&nbsp;<\/p>\n<p class=\"p1\"><b><i>Paola Cort\u00e9s P\u00e9rez<\/i><\/b><\/p>\n<p class=\"p1\"><b><i>Fotos: Omar Portilla Palacios<\/i><\/b><\/p>\n<p class=\"p1\"><b><i>15\/05\/2023, Xalapa, Ver.-<\/i><\/b> En el pa\u00eds, los programas de fomento y formaci\u00f3n de lectores no son muy buenos, as\u00ed lo demuestran las estad\u00edsticas internacionales que ubican a M\u00e9xico en los lugares con muy bajas pr\u00e1cticas de lectura, mencion\u00f3 Olivia Jarvio Fern\u00e1ndez, investigadora del Centro de Estudios de la Cultura y la Comunicaci\u00f3n de la Universidad Veracruzana (UV).<\/p>\n<p class=\"p3\">En el marco de las actividades de la <a href=\"https:\/\/www.uv.mx\/filu\/\" target=\"_blank\" rel=\"noopener\">Feria Internacional del Libro Universitario 2023<\/a> (FILU), la acad\u00e9mica particip\u00f3 en el conversatorio \u201cOficio de lectores. Promoci\u00f3n de la lectura y consumo editorial\u201d, con la moderaci\u00f3n de Luis C\u00e9sar Gonz\u00e1lez Pardo, coordinador editorial de la Biblioteca Digital de Humanidades de la UV.<\/p>\n<p class=\"p3\">Jarvio Fern\u00e1ndez mencion\u00f3 que los programas de fomento y de formaci\u00f3n de la lectura no han tenido buenos resultados debido a que se tiene la idea err\u00f3nea que todos los libros son para todas las personas.<\/p>\n<p class=\"p3\">\u201cDesde la primaria se exige a los ni\u00f1os que deben gustarles libros de reconocidos escritores a nivel internacional, y aparte les encargan tarea sobre esos textos; entonces, comienzan a pensar que leer es aburrido y tedioso.\u201d<\/p>\n<p class=\"p3\">Al respecto, dijo que la comunidad universitaria es afortunada porque se cuenta con el Programa Universitario de Formaci\u00f3n de Lectores, ya que las autoridades y acad\u00e9micos reconocen la importancia que tiene la lectura en el desarrollo de habilidades y competencias que ser\u00e1n \u00fatiles para toda la vida.<\/p>\n<div id=\"attachment_130400\" style=\"width: 732px\" class=\"wp-caption aligncenter\"><img aria-describedby=\"caption-attachment-130400\" decoding=\"async\" loading=\"lazy\" class=\"size-full wp-image-130400\" src=\"https:\/\/www.uv.mx\/prensa\/files\/2023\/05\/140523-PAOLA-Oficio-de-lectores-2-100k.jpg\" alt=\"Luis C\u00e9sar Gonz\u00e1lez, moderadora, y Olivia Jarvio en conversatorio sobre la formaci\u00f3n de lectores\" width=\"722\" height=\"460\" srcset=\"https:\/\/www.uv.mx\/prensa\/files\/2023\/05\/140523-PAOLA-Oficio-de-lectores-2-100k.jpg 722w, https:\/\/www.uv.mx\/prensa\/files\/2023\/05\/140523-PAOLA-Oficio-de-lectores-2-100k-300x191.jpg 300w\" sizes=\"(max-width: 722px) 100vw, 722px\" \/><p id=\"caption-attachment-130400\" class=\"wp-caption-text\">Luis C\u00e9sar Gonz\u00e1lez, moderador, y Olivia Jarvio en conversatorio sobre la formaci\u00f3n de lectores<\/p><\/div>\n<p>&nbsp;<\/p>\n<p class=\"p3\">\u201cAunque estemos en la Universidad se tiene que seguir motivando a leer y escribir, adaptando las exigencias acad\u00e9micas a la lectura y cr\u00edtica, pero tambi\u00e9n al disfrute de los libros; si nunca pasamos por el disfrute, dif\u00edcilmente llegaremos a formar y fomentar la lectura.\u201d<\/p>\n<p class=\"p3\">Mencion\u00f3 que uno de los principios que se maneja en el programa que coordina es reconocer las necesidades, gustos, aprehensiones y dificultades de las personas; esto nos ayuda entender que no todos los libros son para todas las personas.<\/p>\n<p class=\"p3\">Olivia Jarvio expuso que leer genera en la persona curiosidad y la necesidad de conocer m\u00e1s, lo que deriva en un acercamiento a los libros, novedades editoriales y nuevos escritores. Hasta finalmente volverse un h\u00e1bito.<\/p>\n<p class=\"p3\">\u201cEl libro deber\u00eda ser un acompa\u00f1ante para toda la vida, y el promotor de la lectura convertirse en un gran buscador y conocedor de la lectura\u201d, finaliz\u00f3.<\/p>\n","protected":false},"excerpt":{"rendered":"<p>El fomento a la lectura y la formaci\u00f3n de lectores en el pa\u00eds no es bueno porque se comete el error de pensar que todos los libros son para todas las personas<\/p>\n","protected":false},"author":1775,"featured_media":130401,"comment_status":"closed","ping_status":"closed","sticky":false,"template":"","format":"standard","meta":[],"categories":[11,47,11303,61],"tags":[523,997,94,922,11648,813,1366,258,11649,445,1635,648,7478,6462,4164,11313,2665],"_links":{"self":[{"href":"https:\/\/www.uv.mx\/prensa\/wp-json\/wp\/v2\/posts\/130398"}],"collection":[{"href":"https:\/\/www.uv.mx\/prensa\/wp-json\/wp\/v2\/posts"}],"about":[{"href":"https:\/\/www.uv.mx\/prensa\/wp-json\/wp\/v2\/types\/post"}],"author":[{"embeddable":true,"href":"https:\/\/www.uv.mx\/prensa\/wp-json\/wp\/v2\/users\/1775"}],"replies":[{"embeddable":true,"href":"https:\/\/www.uv.mx\/prensa\/wp-json\/wp\/v2\/comments?post=130398"}],"version-history":[{"count":2,"href":"https:\/\/www.uv.mx\/prensa\/wp-json\/wp\/v2\/posts\/130398\/revisions"}],"predecessor-version":[{"id":130554,"href":"https:\/\/www.uv.mx\/prensa\/wp-json\/wp\/v2\/posts\/130398\/revisions\/130554"}],"wp:featuredmedia":[{"embeddable":true,"href":"https:\/\/www.uv.mx\/prensa\/wp-json\/wp\/v2\/media\/130401"}],"wp:attachment":[{"href":"https:\/\/www.uv.mx\/prensa\/wp-json\/wp\/v2\/media?parent=130398"}],"wp:term":[{"taxonomy":"category","embeddable":true,"href":"https:\/\/www.uv.mx\/prensa\/wp-json\/wp\/v2\/categories?post=130398"},{"taxonomy":"post_tag","embeddable":true,"href":"https:\/\/www.uv.mx\/prensa\/wp-json\/wp\/v2\/tags?post=130398"}],"curies":[{"name":"wp","href":"https:\/\/api.w.org\/{rel}","templated":true}]}}