{"id":130455,"date":"2023-05-16T11:41:09","date_gmt":"2023-05-16T16:41:09","guid":{"rendered":"https:\/\/www.uv.mx\/prensa\/?p=130455"},"modified":"2023-05-17T13:55:14","modified_gmt":"2023-05-17T18:55:14","slug":"virus-necesarios-para-la-vida-susana-lopez-charreton","status":"publish","type":"post","link":"https:\/\/www.uv.mx\/prensa\/cultura\/virus-necesarios-para-la-vida-susana-lopez-charreton\/","title":{"rendered":"Virus, necesarios para la vida: Susana L\u00f3pez Charret\u00f3n"},"content":{"rendered":"<ul style=\"font-weight: 400\">\n<li data-leveltext=\"\uf0b7\" data-font=\"Symbol\" data-listid=\"6\" data-list-defn-props=\"{&quot;335552541&quot;:1,&quot;335559684&quot;:-2,&quot;335559685&quot;:720,&quot;335559991&quot;:360,&quot;469769226&quot;:&quot;Symbol&quot;,&quot;469769242&quot;:[8226],&quot;469777803&quot;:&quot;left&quot;,&quot;469777804&quot;:&quot;\uf0b7&quot;,&quot;469777815&quot;:&quot;hybridMultilevel&quot;}\" data-aria-posinset=\"1\" data-aria-level=\"1\"><i><span data-contrast=\"auto\">La investigadora de la UNAM explic\u00f3 que regulan a las bacterias que habitan en el ser humano y aumentan la respiraci\u00f3n de los oc\u00e9anos<\/span><\/i><span data-ccp-props=\"{}\">\u00a0<\/span><\/li>\n<li data-leveltext=\"\uf0b7\" data-font=\"Symbol\" data-listid=\"6\" data-list-defn-props=\"{&quot;335552541&quot;:1,&quot;335559684&quot;:-2,&quot;335559685&quot;:720,&quot;335559991&quot;:360,&quot;469769226&quot;:&quot;Symbol&quot;,&quot;469769242&quot;:[8226],&quot;469777803&quot;:&quot;left&quot;,&quot;469777804&quot;:&quot;\uf0b7&quot;,&quot;469777815&quot;:&quot;hybridMultilevel&quot;}\" data-aria-posinset=\"2\" data-aria-level=\"1\"><i><span data-contrast=\"auto\">Fue galardonada con la Medalla Internacional al M\u00e9rito Universidad Veracruzana 2023<\/span><\/i><\/li>\n<\/ul>\n<p>&nbsp;<\/p>\n<div id=\"attachment_130447\" style=\"width: 732px\" class=\"wp-caption aligncenter\"><img aria-describedby=\"caption-attachment-130447\" decoding=\"async\" loading=\"lazy\" class=\"size-full wp-image-130447\" src=\"https:\/\/www.uv.mx\/prensa\/files\/2023\/05\/150523-CARLOS-Susana-Lopez-1.jpg\" alt=\"Susana L\u00f3pez Charret\u00f3n, reconocida con la Medalla Internacional al M\u00e9rito UV\" width=\"722\" height=\"482\" srcset=\"https:\/\/www.uv.mx\/prensa\/files\/2023\/05\/150523-CARLOS-Susana-Lopez-1.jpg 722w, https:\/\/www.uv.mx\/prensa\/files\/2023\/05\/150523-CARLOS-Susana-Lopez-1-300x200.jpg 300w\" sizes=\"(max-width: 722px) 100vw, 722px\" \/><p id=\"caption-attachment-130447\" class=\"wp-caption-text\">Susana L\u00f3pez Charret\u00f3n, reconocida con la Medalla Internacional al M\u00e9rito de la Universidad Veracruzana<\/p><\/div>\n<p>&nbsp;<\/p>\n<p><b><i><span data-contrast=\"auto\">Carlos Hugo Hermida Rosales<\/span><\/i><\/b><span data-ccp-props=\"{}\">\u00a0<\/span><\/p>\n<p><b><i><span data-contrast=\"auto\">Fotos: C\u00e9sar Pisil Ramos<\/span><\/i><\/b><span data-ccp-props=\"{}\">\u00a0<\/span><\/p>\n<p><span data-ccp-props=\"{}\">\u00a0<\/span><b><i><span data-contrast=\"auto\">16\/05\/2023, Xalapa, Ver-<\/span><\/i><\/b><span data-contrast=\"auto\"> \u201cLos virus son necesarios para la vida ya que regulan a las bacterias que habitan en el ser humano, y al destruir cerca del 40% de la flora marina favorecen el reciclaje de carbono y aumentan la respiraci\u00f3n de los oc\u00e9anos, ello reduce la cantidad de di\u00f3xido de carbono en la atm\u00f3sfera\u201d, explic\u00f3 Susana L\u00f3pez Charret\u00f3n, vir\u00f3loga de la Universidad Nacional Aut\u00f3noma de M\u00e9xico (UNAM).<\/span><span data-ccp-props=\"{}\">\u00a0<\/span><\/p>\n<p><span data-contrast=\"auto\">La investigadora imparti\u00f3 la conferencia magistral \u201cLos virus, nuestros maestros\u201d, dentro del Foro Acad\u00e9mico \u201cPuentes y fronteras: migraci\u00f3n, cultura y derechos humanos\u201d de la <a href=\"https:\/\/www.uv.mx\/filu\/\" target=\"_blank\" rel=\"noopener\">Feria Internacional del Libro Universitario<\/a> (FILU) 2023, de la Universidad Veracruzana (UV).<\/span><span data-ccp-props=\"{&quot;335559731&quot;:708}\">\u00a0<\/span><\/p>\n<p><span data-contrast=\"auto\">L\u00f3pez Charret\u00f3n, quien fue galardonada con la Medalla Internacional al M\u00e9rito UV, afirm\u00f3 que la virolog\u00eda es una disciplina integrativa, ya que durante la infecci\u00f3n provocada por un virus se establece una batalla con el organismo hospedero, y de su estudio se ha obtenido informaci\u00f3n para el desarrollo de ciencias como la biolog\u00eda celular, estructural y molecular, la bioqu\u00edmica y la inmunolog\u00eda.<\/span><span data-ccp-props=\"{&quot;335559731&quot;:708}\">\u00a0<\/span><\/p>\n<p><span data-contrast=\"auto\">La experta plante\u00f3 que las infecciones virales han tenido un profundo impacto socioecon\u00f3mico en la historia de la humanidad, y son causantes de epidemias con graves consecuencias como la gripe espa\u00f1ola de 1918, que dej\u00f3 cerca de 50 millones de muertos, y la m\u00e1s reciente, el COVID-19, que caus\u00f3 severos da\u00f1os econ\u00f3micos y a la salud de las personas.<\/span><span data-ccp-props=\"{&quot;335559731&quot;:708}\">\u00a0<\/span><\/p>\n<p>&nbsp;<\/p>\n<div id=\"attachment_130448\" style=\"width: 732px\" class=\"wp-caption aligncenter\"><img aria-describedby=\"caption-attachment-130448\" decoding=\"async\" loading=\"lazy\" class=\"size-full wp-image-130448\" src=\"https:\/\/www.uv.mx\/prensa\/files\/2023\/05\/150523-CARLOS-Susana-Lopez-2.jpg\" alt=\"La cient\u00edfica estuvo acompa\u00f1ada de Roberto Zenteno Cuevas, titular de la Direcci\u00f3n General de Investigaciones\" width=\"722\" height=\"482\" srcset=\"https:\/\/www.uv.mx\/prensa\/files\/2023\/05\/150523-CARLOS-Susana-Lopez-2.jpg 722w, https:\/\/www.uv.mx\/prensa\/files\/2023\/05\/150523-CARLOS-Susana-Lopez-2-300x200.jpg 300w\" sizes=\"(max-width: 722px) 100vw, 722px\" \/><p id=\"caption-attachment-130448\" class=\"wp-caption-text\">La cient\u00edfica estuvo acompa\u00f1ada de Roberto Zenteno Cuevas, titular de la Direcci\u00f3n General de Investigaciones<\/p><\/div>\n<p>&nbsp;<\/p>\n<p><span data-contrast=\"auto\">Por ello, enfatiz\u00f3 en la importancia de estudiar el ciclo replicativo viral, porque a trav\u00e9s de su an\u00e1lisis es posible entender de manera parcial las patogenias causadas por infecciones determinadas e identificar puntos indispensables para la replicaci\u00f3n de un virus, lo que permite combatirlos.<\/span><span data-ccp-props=\"{&quot;335559731&quot;:708}\">\u00a0<\/span><\/p>\n<p><span data-contrast=\"auto\">La investigadora manifest\u00f3 que, entre las principales acciones para evitar los brotes de epidemia virales, est\u00e1n la divulgaci\u00f3n de informaci\u00f3n seria, los programas de vacunaci\u00f3n, adem\u00e1s de las medidas de higiene que la poblaci\u00f3n debe seguir en todo momento, como el uso de cubrebocas en espacios cerrados llenos de gente.<\/span><span data-ccp-props=\"{&quot;335559731&quot;:708}\">\u00a0<\/span><\/p>\n","protected":false},"excerpt":{"rendered":"<p>La cient\u00edfica imparti\u00f3 una conferencia magistral en la Feria Internacional del Libro Universitario 2023<\/p>\n","protected":false},"author":2349,"featured_media":130452,"comment_status":"closed","ping_status":"closed","sticky":false,"template":"","format":"standard","meta":[],"categories":[45,11,47,11303],"tags":[8294,4161,6263,354,11670,2097,10887,11669,11680,11681,6033,11677,11089,11682,888],"_links":{"self":[{"href":"https:\/\/www.uv.mx\/prensa\/wp-json\/wp\/v2\/posts\/130455"}],"collection":[{"href":"https:\/\/www.uv.mx\/prensa\/wp-json\/wp\/v2\/posts"}],"about":[{"href":"https:\/\/www.uv.mx\/prensa\/wp-json\/wp\/v2\/types\/post"}],"author":[{"embeddable":true,"href":"https:\/\/www.uv.mx\/prensa\/wp-json\/wp\/v2\/users\/2349"}],"replies":[{"embeddable":true,"href":"https:\/\/www.uv.mx\/prensa\/wp-json\/wp\/v2\/comments?post=130455"}],"version-history":[{"count":1,"href":"https:\/\/www.uv.mx\/prensa\/wp-json\/wp\/v2\/posts\/130455\/revisions"}],"predecessor-version":[{"id":130542,"href":"https:\/\/www.uv.mx\/prensa\/wp-json\/wp\/v2\/posts\/130455\/revisions\/130542"}],"wp:featuredmedia":[{"embeddable":true,"href":"https:\/\/www.uv.mx\/prensa\/wp-json\/wp\/v2\/media\/130452"}],"wp:attachment":[{"href":"https:\/\/www.uv.mx\/prensa\/wp-json\/wp\/v2\/media?parent=130455"}],"wp:term":[{"taxonomy":"category","embeddable":true,"href":"https:\/\/www.uv.mx\/prensa\/wp-json\/wp\/v2\/categories?post=130455"},{"taxonomy":"post_tag","embeddable":true,"href":"https:\/\/www.uv.mx\/prensa\/wp-json\/wp\/v2\/tags?post=130455"}],"curies":[{"name":"wp","href":"https:\/\/api.w.org\/{rel}","templated":true}]}}