{"id":130557,"date":"2023-05-17T19:36:24","date_gmt":"2023-05-18T00:36:24","guid":{"rendered":"https:\/\/www.uv.mx\/prensa\/?p=130557"},"modified":"2023-05-18T15:33:56","modified_gmt":"2023-05-18T20:33:56","slug":"mexico-actor-clave-en-el-fenomeno-migratorio-mundial-lewin-fischer","status":"publish","type":"post","link":"https:\/\/www.uv.mx\/prensa\/general\/mexico-actor-clave-en-el-fenomeno-migratorio-mundial-lewin-fischer\/","title":{"rendered":"M\u00e9xico, actor clave en el fen\u00f3meno migratorio mundial: Lewin Fischer"},"content":{"rendered":"<ul class=\"ul1\">\n<li class=\"li1\"><i>El investigador del INAH imparti\u00f3 la conferencia magistral \u201cMigraci\u00f3n, diversidad e interculturalidad\u201d en la Feria Internacional del Libro Universitario 2023<\/i><\/li>\n<li class=\"li1\"><i>Residen en nuestro pa\u00eds actualmente un mill\u00f3n 212 mil 252 extranjeros, el 65.76% son estadounidenses<\/i><\/li>\n<\/ul>\n<p>&nbsp;<\/p>\n<div id=\"attachment_130558\" style=\"width: 732px\" class=\"wp-caption aligncenter\"><img aria-describedby=\"caption-attachment-130558\" decoding=\"async\" loading=\"lazy\" class=\"size-full wp-image-130558\" src=\"https:\/\/www.uv.mx\/prensa\/files\/2023\/05\/170523-CARLOS-Migracion-diversidad-e-interculturalidad-1-100k.jpg\" alt=\"La conferencia magistral congreg\u00f3 a un gran n\u00famero de estudiantes universitarios\" width=\"722\" height=\"418\" srcset=\"https:\/\/www.uv.mx\/prensa\/files\/2023\/05\/170523-CARLOS-Migracion-diversidad-e-interculturalidad-1-100k.jpg 722w, https:\/\/www.uv.mx\/prensa\/files\/2023\/05\/170523-CARLOS-Migracion-diversidad-e-interculturalidad-1-100k-300x174.jpg 300w\" sizes=\"(max-width: 722px) 100vw, 722px\" \/><p id=\"caption-attachment-130558\" class=\"wp-caption-text\">La conferencia magistral congreg\u00f3 a un gran n\u00famero de estudiantes universitarios<\/p><\/div>\n<p>&nbsp;<\/p>\n<p class=\"p1\"><b><i>Carlos Hugo Hermida Rosales<\/i><\/b><\/p>\n<p class=\"p1\"><b><i>Fotos: Omar Portilla Palacios<\/i><\/b><\/p>\n<p class=\"p1\"><b><i>17\/05\/2023, Xalapa, Ver.-<\/i><\/b> \u201cM\u00e9xico es un actor clave en el fen\u00f3meno migratorio en el mundo, ya que a nivel global ocupa el segundo lugar en cantidad de recepci\u00f3n de remesas\u201d, mencion\u00f3 Pedro Ernesto Lewin Fischer, investigador del Instituto Nacional de Antropolog\u00eda e Historia (INAH), en su participaci\u00f3n en la <a href=\"https:\/\/www.uv.mx\/filu\/\" target=\"_blank\" rel=\"noopener\">Feria Internacional del Libro Universitario<\/a> (FILU) 2023 de la Universidad Veracruzana (UV).<\/p>\n<p class=\"p3\">El investigador imparti\u00f3 la conferencia magistral \u201cMigraci\u00f3n, diversidad e interculturalidad\u201d, en el Foro Acad\u00e9mico \u201cPuentes y fronteras: migraci\u00f3n, cultura y derechos humanos\u201d, con la moderaci\u00f3n de Pedro Mart\u00ednez Olivarez, catedr\u00e1tico de la Facultad de Arquitectura.<\/p>\n<p class=\"p3\">\u201cActualmente el mundo atraviesa tiempos convulsos y complejos, adem\u00e1s de una crisis de gobernanza que ocasiona que no todos los sectores de la sociedad vean con buenos ojos la migraci\u00f3n\u201d, coment\u00f3 Lewin Fischer.<\/p>\n<p class=\"p3\">Comparti\u00f3 que Estados Unidos es el principal pa\u00eds receptor de migrantes; 51 millones de ellos habitan en \u00e9l, y de \u00e9stos, los provenientes de la India y M\u00e9xico son mayor\u00eda \u2013en ese orden\u2013.<\/p>\n<div id=\"attachment_130559\" style=\"width: 732px\" class=\"wp-caption aligncenter\"><img aria-describedby=\"caption-attachment-130559\" decoding=\"async\" loading=\"lazy\" class=\"size-full wp-image-130559\" src=\"https:\/\/www.uv.mx\/prensa\/files\/2023\/05\/170523-CARLOS-Migracion-diversidad-e-interculturalidad-2-100k.jpg\" alt=\"Pedro Ernesto Lewin Fischer\" width=\"722\" height=\"399\" \/><p id=\"caption-attachment-130559\" class=\"wp-caption-text\">Pedro Ernesto Lewin Fischer, investigador del Instituto Nacional de Antropolog\u00eda e Historia (INAH)<\/p><\/div>\n<p>&nbsp;<\/p>\n<p class=\"p3\">Sin embargo, el fen\u00f3meno migratorio no s\u00f3lo ocurre entre pa\u00edses, tambi\u00e9n se da al interior de ellos. A nivel nacional, m\u00e1s de 21 millones de mexicanos viven en una entidad federativa distinta a la de su nacimiento.<\/p>\n<p class=\"p3\">El estado de Quintana Roo sobresale en este tema, debido a que el 53% de su poblaci\u00f3n naci\u00f3 fuera de all\u00ed, le siguen Baja California y Baja California Sur, con el 42.88 y 40.41%, respectivamente.<\/p>\n<p class=\"p3\">A su vez, M\u00e9xico es un pa\u00eds receptor de inmigrantes; actualmente un mill\u00f3n 212 mil 252 extranjeros viven en territorio nacional, de los cuales el 65.76% son estadounidenses.<\/p>\n<div id=\"attachment_130560\" style=\"width: 732px\" class=\"wp-caption aligncenter\"><img aria-describedby=\"caption-attachment-130560\" decoding=\"async\" loading=\"lazy\" class=\"size-full wp-image-130560\" src=\"https:\/\/www.uv.mx\/prensa\/files\/2023\/05\/170523-CARLOS-Migracion-diversidad-e-interculturalidad-3-100k.jpg\" alt=\"El ponente fue moderado por Pedro Mart\u00ednez Olivarez, catedr\u00e1tico de la Facultad de Arquitectura\" width=\"722\" height=\"341\" \/><p id=\"caption-attachment-130560\" class=\"wp-caption-text\">El ponente fue moderado por Pedro Mart\u00ednez Olivarez, catedr\u00e1tico de la Facultad de Arquitectura<\/p><\/div>\n<p>&nbsp;<\/p>\n<p class=\"p3\">Lewin Fischer manifest\u00f3 que el fen\u00f3meno migratorio no debe generar actitudes o discursos de xenofobia \u2013rechazo a los extranjeros\u2013, al ser una situaci\u00f3n que forma parte de nuestra vida y siempre ha ocurrido a lo largo de la historia de la humanidad.<\/p>\n<p class=\"p3\">\u201cEl autorreconocimiento y la aceptaci\u00f3n de la migraci\u00f3n, as\u00ed como la diversidad asociada a ella, es un paso imprescindible para crear una mejor convivencia, y en este punto los medios masivos de comunicaci\u00f3n juegan un papel fundamental\u201d, enunci\u00f3.<\/p>\n","protected":false},"excerpt":{"rendered":"<p>El investigador destac\u00f3 que el mundo atraviesa una crisis de gobernanza que ocasiona que no todos los sectores de la sociedad vean con buenos ojos la migraci\u00f3n<\/p>\n","protected":false},"author":1775,"featured_media":130561,"comment_status":"closed","ping_status":"closed","sticky":false,"template":"","format":"standard","meta":[],"categories":[6301,47,11303,1],"tags":[4161,738,10020,2943,1235,7697,1366,258,1773,7640,475,474,2834,749,8122,6462,11716,2836,11274],"_links":{"self":[{"href":"https:\/\/www.uv.mx\/prensa\/wp-json\/wp\/v2\/posts\/130557"}],"collection":[{"href":"https:\/\/www.uv.mx\/prensa\/wp-json\/wp\/v2\/posts"}],"about":[{"href":"https:\/\/www.uv.mx\/prensa\/wp-json\/wp\/v2\/types\/post"}],"author":[{"embeddable":true,"href":"https:\/\/www.uv.mx\/prensa\/wp-json\/wp\/v2\/users\/1775"}],"replies":[{"embeddable":true,"href":"https:\/\/www.uv.mx\/prensa\/wp-json\/wp\/v2\/comments?post=130557"}],"version-history":[{"count":1,"href":"https:\/\/www.uv.mx\/prensa\/wp-json\/wp\/v2\/posts\/130557\/revisions"}],"predecessor-version":[{"id":130673,"href":"https:\/\/www.uv.mx\/prensa\/wp-json\/wp\/v2\/posts\/130557\/revisions\/130673"}],"wp:featuredmedia":[{"embeddable":true,"href":"https:\/\/www.uv.mx\/prensa\/wp-json\/wp\/v2\/media\/130561"}],"wp:attachment":[{"href":"https:\/\/www.uv.mx\/prensa\/wp-json\/wp\/v2\/media?parent=130557"}],"wp:term":[{"taxonomy":"category","embeddable":true,"href":"https:\/\/www.uv.mx\/prensa\/wp-json\/wp\/v2\/categories?post=130557"},{"taxonomy":"post_tag","embeddable":true,"href":"https:\/\/www.uv.mx\/prensa\/wp-json\/wp\/v2\/tags?post=130557"}],"curies":[{"name":"wp","href":"https:\/\/api.w.org\/{rel}","templated":true}]}}