{"id":130588,"date":"2023-05-17T20:00:35","date_gmt":"2023-05-18T01:00:35","guid":{"rendered":"https:\/\/www.uv.mx\/prensa\/?p=130588"},"modified":"2023-05-18T15:31:15","modified_gmt":"2023-05-18T20:31:15","slug":"docentes-y-alumnos-de-la-uv-rindieron-homenaje-postumo-a-alberto-espejo","status":"publish","type":"post","link":"https:\/\/www.uv.mx\/prensa\/general\/docentes-y-alumnos-de-la-uv-rindieron-homenaje-postumo-a-alberto-espejo\/","title":{"rendered":"Docentes y alumnos de la UV rindieron homenaje p\u00f3stumo a Alberto Espejo"},"content":{"rendered":"<ul style=\"font-weight: 400\">\n<li data-leveltext=\"\uf0b7\" data-font=\"Symbol\" data-listid=\"7\" data-list-defn-props=\"{&quot;335552541&quot;:1,&quot;335559684&quot;:-2,&quot;335559685&quot;:795,&quot;335559991&quot;:360,&quot;469769226&quot;:&quot;Symbol&quot;,&quot;469769242&quot;:[8226],&quot;469777803&quot;:&quot;left&quot;,&quot;469777804&quot;:&quot;\uf0b7&quot;,&quot;469777815&quot;:&quot;hybridMultilevel&quot;}\" data-aria-posinset=\"1\" data-aria-level=\"1\"><i><span data-contrast=\"auto\">Fallecido en abril pasado, fue catedr\u00e1tico en la Facultad de Letras Espa\u00f1olas de la Universidad Veracruzana<\/span><\/i><span data-ccp-props=\"{}\">\u00a0<\/span><\/li>\n<li data-leveltext=\"\uf0b7\" data-font=\"Symbol\" data-listid=\"7\" data-list-defn-props=\"{&quot;335552541&quot;:1,&quot;335559684&quot;:-2,&quot;335559685&quot;:795,&quot;335559991&quot;:360,&quot;469769226&quot;:&quot;Symbol&quot;,&quot;469769242&quot;:[8226],&quot;469777803&quot;:&quot;left&quot;,&quot;469777804&quot;:&quot;\uf0b7&quot;,&quot;469777815&quot;:&quot;hybridMultilevel&quot;}\" data-aria-posinset=\"2\" data-aria-level=\"1\"><i><span data-contrast=\"auto\">Acad\u00e9micos y exalumnos coincidieron en la actitud rebelde e inquieta que mostr\u00f3 en vida<\/span><\/i><span data-ccp-props=\"{}\">\u00a0<\/span><\/li>\n<\/ul>\n<p>&nbsp;<\/p>\n<div id=\"attachment_130571\" style=\"width: 732px\" class=\"wp-caption aligncenter\"><img aria-describedby=\"caption-attachment-130571\" decoding=\"async\" loading=\"lazy\" class=\"size-full wp-image-130571\" src=\"https:\/\/www.uv.mx\/prensa\/files\/2023\/05\/170523-CARLOS-Homenaje-Alberto-Espejo-1.jpg\" alt=\"Catedr\u00e1ticos y exalumnos resaltaron el activismo contestatario que el acad\u00e9mico mostr\u00f3 en vida\" width=\"722\" height=\"481\" srcset=\"https:\/\/www.uv.mx\/prensa\/files\/2023\/05\/170523-CARLOS-Homenaje-Alberto-Espejo-1.jpg 722w, https:\/\/www.uv.mx\/prensa\/files\/2023\/05\/170523-CARLOS-Homenaje-Alberto-Espejo-1-300x200.jpg 300w\" sizes=\"(max-width: 722px) 100vw, 722px\" \/><p id=\"caption-attachment-130571\" class=\"wp-caption-text\">Catedr\u00e1ticos y exalumnos resaltaron el activismo contestatario que el acad\u00e9mico mostr\u00f3 en vida<\/p><\/div>\n<p>&nbsp;<\/p>\n<p><b><i><span data-contrast=\"auto\">Carlos Hugo Hermida Rosales<\/span><\/i><\/b><span data-ccp-props=\"{}\">\u00a0<\/span><\/p>\n<p><b><i><span data-contrast=\"auto\">Fotos: Luis Fernando Fern\u00e1ndez\u00a0<\/span><\/i><\/b><span data-ccp-props=\"{}\">\u00a0<\/span><\/p>\n<p><b><i><span data-contrast=\"auto\">17\/05\/2023, Xalapa, Ver.-<\/span><\/i><\/b><span data-contrast=\"auto\"> Catedr\u00e1ticos, estudiantes y exalumnos de la <a href=\"https:\/\/www.uv.mx\/letrasesp\/\" target=\"_blank\" rel=\"noopener\">Facultad de Letras Espa\u00f1olas<\/a> de la Universidad Veracruzana (UV) realizaron en la Unidad de Humanidades un homenaje p\u00f3stumo a Alberto Espejo Guti\u00e9rrez, fallecido el abril pasado, quien se desempe\u00f1\u00f3 como profesor en esta entidad acad\u00e9mica.<\/span><span data-ccp-props=\"{}\">\u00a0<\/span><\/p>\n<p><span data-contrast=\"auto\">El profesor Mario Mu\u00f1oz afirm\u00f3 que Alberto Espejo fue una persona rebelde, inquieta y contestataria y siempre se distingui\u00f3 en dos facetas: la del maestro gestor de conocimiento, y la del amigo estimado y profundo, con quien muchos tuvieron cercan\u00eda e intercambio de opiniones.<\/span><span data-ccp-props=\"{&quot;335559731&quot;:708}\">\u00a0<\/span><\/p>\n<p><span data-contrast=\"auto\">\u201cFue un alma generosa hasta sus \u00faltimos d\u00edas, y su profesionalismo dej\u00f3 una impronta en la Facultad de Letras Espa\u00f1olas\u201d, declar\u00f3.<\/span><span data-ccp-props=\"{&quot;335559731&quot;:708}\">\u00a0<\/span><\/p>\n<p>&nbsp;<\/p>\n<div id=\"attachment_130572\" style=\"width: 732px\" class=\"wp-caption aligncenter\"><img aria-describedby=\"caption-attachment-130572\" decoding=\"async\" loading=\"lazy\" class=\"size-full wp-image-130572\" src=\"https:\/\/www.uv.mx\/prensa\/files\/2023\/05\/170523-CARLOS-Homenaje-Alberto-Espejo-2.jpg\" alt=\"Mario Mu\u00f1oz afirm\u00f3 que Alberto Espejo fue un profesor gestor de conocimiento\" width=\"722\" height=\"481\" srcset=\"https:\/\/www.uv.mx\/prensa\/files\/2023\/05\/170523-CARLOS-Homenaje-Alberto-Espejo-2.jpg 722w, https:\/\/www.uv.mx\/prensa\/files\/2023\/05\/170523-CARLOS-Homenaje-Alberto-Espejo-2-300x200.jpg 300w\" sizes=\"(max-width: 722px) 100vw, 722px\" \/><p id=\"caption-attachment-130572\" class=\"wp-caption-text\">Mario Mu\u00f1oz afirm\u00f3 que Alberto Espejo fue un profesor gestor de conocimiento<\/p><\/div>\n<p>&nbsp;<\/p>\n<p><span data-contrast=\"auto\">Luis David Meneses Hern\u00e1ndez, catedr\u00e1tico, destac\u00f3 la calidad de las publicaciones del docente, entre las que se encuentran <\/span><i><span data-contrast=\"auto\">Lenguaje, pensamiento y realidad<\/span><\/i><span data-contrast=\"auto\">, <\/span><i><span data-contrast=\"auto\">Malacatonche<\/span><\/i><span data-contrast=\"auto\"> y el <\/span><i><span data-contrast=\"auto\">Diccionario m\u00edtico-m\u00e1gico de Veracruz<\/span><\/i><span data-contrast=\"auto\">.<\/span><span data-ccp-props=\"{&quot;335559731&quot;:708}\">\u00a0<\/span><\/p>\n<p><span data-contrast=\"auto\">Comparti\u00f3 una cita del fallecido que dice: \u201cEl progreso de un pueblo es la evoluci\u00f3n de los habitantes en todos sus niveles: pol\u00edtico, econ\u00f3mico, cultural y moral, pero sin que deba recurrirse al acto inhumano de la dominaci\u00f3n\u201d.<\/span><span data-ccp-props=\"{&quot;335559731&quot;:708}\">\u00a0<\/span><\/p>\n<p><span data-contrast=\"auto\">Asever\u00f3 que Alberto Espejo ense\u00f1aba con una finalidad: promover el autoconocimiento y la defensa.<\/span><span data-ccp-props=\"{&quot;335559731&quot;:708}\">\u00a0<\/span><\/p>\n<p>&nbsp;<\/p>\n<div id=\"attachment_130573\" style=\"width: 732px\" class=\"wp-caption aligncenter\"><img aria-describedby=\"caption-attachment-130573\" decoding=\"async\" loading=\"lazy\" class=\"size-full wp-image-130573\" src=\"https:\/\/www.uv.mx\/prensa\/files\/2023\/05\/170523-CARLOS-Homenaje-Alberto-Espejo-3.jpg\" alt=\"David Meneses destac\u00f3 la calidad de las publicaciones del docente fallecido\" width=\"722\" height=\"481\" srcset=\"https:\/\/www.uv.mx\/prensa\/files\/2023\/05\/170523-CARLOS-Homenaje-Alberto-Espejo-3.jpg 722w, https:\/\/www.uv.mx\/prensa\/files\/2023\/05\/170523-CARLOS-Homenaje-Alberto-Espejo-3-300x200.jpg 300w\" sizes=\"(max-width: 722px) 100vw, 722px\" \/><p id=\"caption-attachment-130573\" class=\"wp-caption-text\">David Meneses destac\u00f3 la calidad de las publicaciones del docente fallecido<\/p><\/div>\n<p>&nbsp;<\/p>\n<p><span data-contrast=\"auto\">A su vez, Jos\u00e9 Miguel Barajas Garc\u00eda, exalumno, mencion\u00f3 que el docente finado era generoso y ofrec\u00eda asesor\u00eda a quienes quisieran compartir sus escritos con \u00e9l.<\/span><span data-ccp-props=\"{&quot;335559731&quot;:708}\">\u00a0<\/span><\/p>\n<p><span data-contrast=\"auto\">\u201cEn las clases del maestro nunca faltaron las an\u00e9cdotas que provocaban risa, y all\u00ed naci\u00f3 mi pasi\u00f3n por el estudio del lenguaje y form\u00e9 invaluables lazos de amistad con mis compa\u00f1eros\u201d, relat\u00f3.<\/span><span data-ccp-props=\"{&quot;335559731&quot;:708}\">\u00a0<\/span><\/p>\n","protected":false},"excerpt":{"rendered":"<p>Con una ceremonia que se realiz\u00f3 en el Sal\u00f3n Blanco de la Unidad de Humanidades<\/p>\n","protected":false},"author":2349,"featured_media":130578,"comment_status":"closed","ping_status":"closed","sticky":false,"template":"","format":"standard","meta":[],"categories":[11,47,1],"tags":[11717,4161,11718,1682,1478,11719,2438,6592,5823,1160,5132,4827],"_links":{"self":[{"href":"https:\/\/www.uv.mx\/prensa\/wp-json\/wp\/v2\/posts\/130588"}],"collection":[{"href":"https:\/\/www.uv.mx\/prensa\/wp-json\/wp\/v2\/posts"}],"about":[{"href":"https:\/\/www.uv.mx\/prensa\/wp-json\/wp\/v2\/types\/post"}],"author":[{"embeddable":true,"href":"https:\/\/www.uv.mx\/prensa\/wp-json\/wp\/v2\/users\/2349"}],"replies":[{"embeddable":true,"href":"https:\/\/www.uv.mx\/prensa\/wp-json\/wp\/v2\/comments?post=130588"}],"version-history":[{"count":1,"href":"https:\/\/www.uv.mx\/prensa\/wp-json\/wp\/v2\/posts\/130588\/revisions"}],"predecessor-version":[{"id":130671,"href":"https:\/\/www.uv.mx\/prensa\/wp-json\/wp\/v2\/posts\/130588\/revisions\/130671"}],"wp:featuredmedia":[{"embeddable":true,"href":"https:\/\/www.uv.mx\/prensa\/wp-json\/wp\/v2\/media\/130578"}],"wp:attachment":[{"href":"https:\/\/www.uv.mx\/prensa\/wp-json\/wp\/v2\/media?parent=130588"}],"wp:term":[{"taxonomy":"category","embeddable":true,"href":"https:\/\/www.uv.mx\/prensa\/wp-json\/wp\/v2\/categories?post=130588"},{"taxonomy":"post_tag","embeddable":true,"href":"https:\/\/www.uv.mx\/prensa\/wp-json\/wp\/v2\/tags?post=130588"}],"curies":[{"name":"wp","href":"https:\/\/api.w.org\/{rel}","templated":true}]}}