{"id":130747,"date":"2023-05-19T15:25:49","date_gmt":"2023-05-19T20:25:49","guid":{"rendered":"https:\/\/www.uv.mx\/prensa\/?p=130747"},"modified":"2023-05-22T14:02:54","modified_gmt":"2023-05-22T19:02:54","slug":"las-revoluciones-mexicana-y-cubana-detonaron-el-boom-latinoamericano","status":"publish","type":"post","link":"https:\/\/www.uv.mx\/prensa\/cultura\/las-revoluciones-mexicana-y-cubana-detonaron-el-boom-latinoamericano\/","title":{"rendered":"Las revoluciones mexicana y cubana detonaron el <i>boom<\/i> latinoamericano"},"content":{"rendered":"<ul>\n<li><em><span class=\"TextRun SCXW193914957 BCX0\" lang=\"ES-US\" xml:lang=\"ES-US\" data-contrast=\"auto\"><span class=\"NormalTextRun SCXW193914957 BCX0\" data-ccp-charstyle=\"normaltextrun\" data-ccp-charstyle-defn=\"{&quot;ObjectId&quot;:&quot;5ba3bc0a-8020-4339-b286-145db303871f|16&quot;,&quot;ClassId&quot;:1073872969,&quot;Properties&quot;:[469775450,&quot;normaltextrun&quot;,201340122,&quot;1&quot;,134233614,&quot;true&quot;,469778129,&quot;normaltextrun&quot;,335572020,&quot;1&quot;,469778324,&quot;Default Paragraph Font&quot;]}\">Los escritores Efr\u00e9n Ortiz Dom\u00ednguez y Luis Arturo Ramos dialogaron sobre<\/span><span class=\"NormalTextRun SCXW193914957 BCX0\" data-ccp-charstyle=\"normaltextrun\"> este fen\u00f3meno literario<\/span><span class=\"NormalTextRun SCXW193914957 BCX0\" data-ccp-charstyle=\"normaltextrun\"> e<\/span><span class=\"NormalTextRun SCXW193914957 BCX0\" data-ccp-charstyle=\"normaltextrun\">n<\/span><span class=\"NormalTextRun SCXW193914957 BCX0\" data-ccp-charstyle=\"normaltextrun\"> el Coloquio <\/span><\/span><span class=\"TextRun SCXW193914957 BCX0\" lang=\"ES-US\" xml:lang=\"ES-US\" data-contrast=\"auto\"><span class=\"NormalTextRun SCXW193914957 BCX0\" data-ccp-charstyle=\"normaltextrun\">Boom<\/span><\/span><span class=\"TextRun SCXW193914957 BCX0\" lang=\"ES-US\" xml:lang=\"ES-US\" data-contrast=\"auto\"><span class=\"NormalTextRun SCXW193914957 BCX0\" data-ccp-charstyle=\"normaltextrun\"> Latinoamericano XXI<\/span> <span class=\"NormalTextRun SCXW193914957 BCX0\" data-ccp-charstyle=\"normaltextrun\">de la<\/span><span class=\"NormalTextRun SCXW193914957 BCX0\" data-ccp-charstyle=\"normaltextrun\"> FILU 2023<\/span><\/span><span class=\"EOP SCXW193914957 BCX0\" data-ccp-props=\"{&quot;134233117&quot;:false,&quot;134233118&quot;:false,&quot;201341983&quot;:0,&quot;335559738&quot;:0,&quot;335559739&quot;:0,&quot;335559740&quot;:240}\">\u00a0<\/span><\/em><\/li>\n<\/ul>\n<p>&nbsp;<\/p>\n<div id=\"attachment_130730\" style=\"width: 732px\" class=\"wp-caption aligncenter\"><a href=\"https:\/\/www.uv.mx\/prensa\/files\/2023\/05\/180523-BOOM-LATINOAMERICANO-1.jpg\"><img aria-describedby=\"caption-attachment-130730\" decoding=\"async\" loading=\"lazy\" class=\"size-full wp-image-130730\" src=\"https:\/\/www.uv.mx\/prensa\/files\/2023\/05\/180523-BOOM-LATINOAMERICANO-1.jpg\" alt=\"\" width=\"722\" height=\"481\" srcset=\"https:\/\/www.uv.mx\/prensa\/files\/2023\/05\/180523-BOOM-LATINOAMERICANO-1.jpg 722w, https:\/\/www.uv.mx\/prensa\/files\/2023\/05\/180523-BOOM-LATINOAMERICANO-1-300x200.jpg 300w\" sizes=\"(max-width: 722px) 100vw, 722px\" \/><\/a><p id=\"caption-attachment-130730\" class=\"wp-caption-text\">Luis Arturo Ramos intervino en la Mesa \u201cViaje a la semilla: Los referentes\u201d, del Coloquio Boom Latinoamericano XXI<\/p><\/div>\n<p>&nbsp;<\/p>\n<p><b><i><span data-contrast=\"auto\">Claudia Peralta V\u00e1zquez<\/span><\/i><\/b><span data-ccp-props=\"{&quot;134233117&quot;:false,&quot;134233118&quot;:false,&quot;201341983&quot;:0,&quot;335559738&quot;:0,&quot;335559739&quot;:0,&quot;335559740&quot;:240}\">\u00a0<\/span><\/p>\n<p><b><i><span data-contrast=\"auto\">Fotos: Luis Fernando Fern\u00e1ndez Carrillo<\/span><\/i><\/b><span data-ccp-props=\"{&quot;134233117&quot;:false,&quot;134233118&quot;:false,&quot;201341983&quot;:0,&quot;335559738&quot;:0,&quot;335559739&quot;:0,&quot;335559740&quot;:240}\">\u00a0<\/span><\/p>\n<p><b><i><span data-contrast=\"auto\">19\/05\/2023, Xalapa, Ver.-<\/span><\/i><\/b><span data-contrast=\"auto\"> Los escritores Efr\u00e9n Ortiz Dom\u00ednguez y Luis Arturo Ramos expusieron sus visiones literarias y antropol\u00f3gicas sobre el <\/span><i><span data-contrast=\"auto\">boom<\/span><\/i><span data-contrast=\"auto\"> latinoamericano, fen\u00f3meno literario que tuvo su mayor auge en las d\u00e9cadas de los sesenta y setenta con el impulso de un grupo de escritores hispanoamericanos.<\/span><span data-ccp-props=\"{&quot;134233117&quot;:false,&quot;134233118&quot;:false,&quot;201341983&quot;:0,&quot;335559738&quot;:0,&quot;335559739&quot;:0,&quot;335559740&quot;:240}\">\u00a0<\/span><\/p>\n<p><span data-contrast=\"auto\">Su participaci\u00f3n se dio en el marco de la <a href=\"https:\/\/www.uv.mx\/filu\/\" target=\"_blank\" rel=\"noopener\">Feria Internacional del Libro Universitario<\/a> (FILU) 2023, donde se desarroll\u00f3 el Coloquio <\/span><i><span data-contrast=\"auto\">Boom<\/span><\/i><span data-contrast=\"auto\"> Latinoamericano XXI, en la Galer\u00eda de la Unidad de Artes de la Universidad Veracruzana (UV).<\/span><span data-ccp-props=\"{&quot;134233117&quot;:false,&quot;134233118&quot;:false,&quot;201341983&quot;:0,&quot;335559738&quot;:0,&quot;335559739&quot;:0,&quot;335559740&quot;:240}\">\u00a0<\/span><\/p>\n<p><span data-contrast=\"auto\">Efr\u00e9n Ortiz, investigador del Instituto de Investigaciones Ling\u00fc\u00edstico-Literarias (IILL) de la UV, y Luis Arturo Ramos, ex director de la Editorial UV, autor de cuentos y novelas, dialogaron en la mesa 1 \u201cViaje a la semilla: los referentes\u201d.<\/span><span data-ccp-props=\"{&quot;134233117&quot;:false,&quot;134233118&quot;:false,&quot;201341983&quot;:0,&quot;335559731&quot;:708,&quot;335559738&quot;:0,&quot;335559739&quot;:0,&quot;335559740&quot;:240}\">\u00a0<\/span><\/p>\n<p><span data-contrast=\"auto\">Luis Arturo Ramos, narrador y ensayista veracruzano, quien ha publicado cuatro libros de cuentos y cinco novelas, destac\u00f3 que el <\/span><i><span data-contrast=\"auto\">boom<\/span><\/i><span data-contrast=\"auto\">, impulsado por Carmen Balcells, agente literaria espa\u00f1ola, fue detonado por el triunfo de las revoluciones mexicana y cubana, esta \u00faltima en 1959.<\/span><span data-ccp-props=\"{&quot;134233117&quot;:false,&quot;134233118&quot;:false,&quot;201341983&quot;:0,&quot;335559731&quot;:708,&quot;335559738&quot;:0,&quot;335559739&quot;:0,&quot;335559740&quot;:240}\">\u00a0<\/span><\/p>\n<p><span data-contrast=\"auto\">Dichos movimientos hist\u00f3ricos y sociales visibilizaron a Latinoam\u00e9rica y atrajeron la atenci\u00f3n de Europa.<\/span><span data-ccp-props=\"{&quot;134233117&quot;:false,&quot;134233118&quot;:false,&quot;201341983&quot;:0,&quot;335559731&quot;:708,&quot;335559738&quot;:0,&quot;335559739&quot;:0,&quot;335559740&quot;:240}\">\u00a0<\/span><\/p>\n<p><span data-contrast=\"auto\">\u201cEso desencaden\u00f3 las nuevas tendencias literarias, el <\/span><i><span data-contrast=\"auto\">boom<\/span><\/i><span data-contrast=\"auto\"> no crea, sino (que) recupera todos los autores que ya eran famosos\u201d, expres\u00f3 en el coloquio moderado por Iris Garc\u00eda Cuevas.<\/span><span data-ccp-props=\"{&quot;134233117&quot;:false,&quot;134233118&quot;:false,&quot;201341983&quot;:0,&quot;335559731&quot;:708,&quot;335559738&quot;:0,&quot;335559739&quot;:0,&quot;335559740&quot;:240}\">\u00a0<\/span><\/p>\n<p><span data-contrast=\"auto\">Dicho fen\u00f3meno impuls\u00f3 a autores ya formados como Gabriel Garc\u00eda M\u00e1rquez, Mario Vargas Llosa, Carlos Fuentes, Juan Rulfo, Jorge Luis Borges y Julio Cort\u00e1zar, a quienes se les empez\u00f3 a leer en Europa.<\/span><span data-ccp-props=\"{&quot;134233117&quot;:false,&quot;134233118&quot;:false,&quot;201341983&quot;:0,&quot;335559731&quot;:708,&quot;335559738&quot;:0,&quot;335559739&quot;:0,&quot;335559740&quot;:240}\">\u00a0<\/span><\/p>\n<p>&nbsp;<\/p>\n<div id=\"attachment_130731\" style=\"width: 732px\" class=\"wp-caption aligncenter\"><a href=\"https:\/\/www.uv.mx\/prensa\/files\/2023\/05\/180523-BOOM-LATINOAMERICANO-2.jpg\"><img aria-describedby=\"caption-attachment-130731\" decoding=\"async\" loading=\"lazy\" class=\"size-full wp-image-130731\" src=\"https:\/\/www.uv.mx\/prensa\/files\/2023\/05\/180523-BOOM-LATINOAMERICANO-2.jpg\" alt=\"\" width=\"722\" height=\"481\" srcset=\"https:\/\/www.uv.mx\/prensa\/files\/2023\/05\/180523-BOOM-LATINOAMERICANO-2.jpg 722w, https:\/\/www.uv.mx\/prensa\/files\/2023\/05\/180523-BOOM-LATINOAMERICANO-2-300x200.jpg 300w\" sizes=\"(max-width: 722px) 100vw, 722px\" \/><\/a><p id=\"caption-attachment-130731\" class=\"wp-caption-text\">Efr\u00e9n Ortiz Dom\u00ednguez expuso su punto de vista literario sobre el <em>boom<\/em> latinoamericano<\/p><\/div>\n<p>&nbsp;<\/p>\n<p><span data-contrast=\"auto\">Luis Arturo Ramos, perteneciente a una generaci\u00f3n de escritores cuyos inicios en el mundo literario fue a partir de la segunda mitad de la d\u00e9cada de los sesenta, coment\u00f3 que sus contempor\u00e1neos aprendieron a leer, escribir y publicar con los escritores del <\/span><i><span data-contrast=\"auto\">boom<\/span><\/i><span data-contrast=\"auto\">.<\/span><span data-ccp-props=\"{&quot;134233117&quot;:false,&quot;134233118&quot;:false,&quot;201341983&quot;:0,&quot;335559731&quot;:708,&quot;335559738&quot;:0,&quot;335559739&quot;:0,&quot;335559740&quot;:240}\">\u00a0<\/span><\/p>\n<p><span data-contrast=\"auto\">\u201cNo hab\u00eda una manera estrictamente literaria-t\u00e9cnica porque se tiene una gran tradici\u00f3n de literatura mexicana y latinoamericana desde los a\u00f1os veinte.\u201d<\/span><span data-ccp-props=\"{&quot;134233117&quot;:false,&quot;134233118&quot;:false,&quot;201341983&quot;:0,&quot;335559731&quot;:708,&quot;335559738&quot;:0,&quot;335559739&quot;:0,&quot;335559740&quot;:240}\">\u00a0<\/span><\/p>\n<p><span data-contrast=\"auto\">No obstante, lo que su generaci\u00f3n aprendi\u00f3 de este periodo es que se puede vivir de lo que se escribe; de recurrir a las t\u00e9cnicas de Vargas Llosa o Cort\u00e1zar, de exotismo y violencia, temas que se reimponen en Am\u00e9rica Latina (AL) para poder vender.<\/span><span data-ccp-props=\"{&quot;134233117&quot;:false,&quot;134233118&quot;:false,&quot;201341983&quot;:0,&quot;335559731&quot;:708,&quot;335559738&quot;:0,&quot;335559739&quot;:0,&quot;335559740&quot;:240}\">\u00a0<\/span><\/p>\n<p><span data-contrast=\"auto\">Lament\u00f3 que la condici\u00f3n actual sea completamente distinta a la de esa \u00e9poca, pues de pronto la literatura se convirti\u00f3 en un objeto mercantil donde las grandes trasnacionales acortan la creatividad de los j\u00f3venes escritores y les marcan una l\u00ednea que deben seguir.<\/span><span data-ccp-props=\"{&quot;134233117&quot;:false,&quot;134233118&quot;:false,&quot;201341983&quot;:0,&quot;335559731&quot;:708,&quot;335559738&quot;:0,&quot;335559739&quot;:0,&quot;335559740&quot;:240}\">\u00a0<\/span><\/p>\n<p><span data-contrast=\"auto\">En tanto, Efr\u00e9n Ortiz parti\u00f3 de una idea personal y literaria sobre el tema, y de los referentes del <\/span><i><span data-contrast=\"auto\">boom<\/span><\/i><span data-contrast=\"auto\"> de esos a\u00f1os y del nuevo del siglo XXI.<\/span><span data-ccp-props=\"{&quot;134233117&quot;:false,&quot;134233118&quot;:false,&quot;201341983&quot;:0,&quot;335559731&quot;:708,&quot;335559738&quot;:0,&quot;335559739&quot;:0,&quot;335559740&quot;:240}\">\u00a0<\/span><\/p>\n<p><span data-contrast=\"auto\">Para ello, recurri\u00f3 a sus recuerdos y signific\u00f3 uno de los motivos importantes de la obra de Gabriel Garc\u00eda M\u00e1rquez, <\/span><i><span data-contrast=\"auto\">Cien a\u00f1os de soledad<\/span><\/i><span data-contrast=\"auto\">, y que hasta la fecha puede ser rele\u00eddo por los nuevos escritores.<\/span><span data-ccp-props=\"{&quot;134233117&quot;:false,&quot;134233118&quot;:false,&quot;201341983&quot;:0,&quot;335559731&quot;:708,&quot;335559738&quot;:0,&quot;335559739&quot;:0,&quot;335559740&quot;:240}\">\u00a0<\/span><\/p>\n<p>&nbsp;<\/p>\n<div id=\"attachment_130732\" style=\"width: 732px\" class=\"wp-caption aligncenter\"><a href=\"https:\/\/www.uv.mx\/prensa\/files\/2023\/05\/180523-BOOM-LATINOAMERICANO-3.jpg\"><img aria-describedby=\"caption-attachment-130732\" decoding=\"async\" loading=\"lazy\" class=\"size-full wp-image-130732\" src=\"https:\/\/www.uv.mx\/prensa\/files\/2023\/05\/180523-BOOM-LATINOAMERICANO-3.jpg\" alt=\"\" width=\"722\" height=\"481\" srcset=\"https:\/\/www.uv.mx\/prensa\/files\/2023\/05\/180523-BOOM-LATINOAMERICANO-3.jpg 722w, https:\/\/www.uv.mx\/prensa\/files\/2023\/05\/180523-BOOM-LATINOAMERICANO-3-300x200.jpg 300w\" sizes=\"(max-width: 722px) 100vw, 722px\" \/><\/a><p id=\"caption-attachment-130732\" class=\"wp-caption-text\">Iris Garc\u00eda Cuevas, Luis Arturo Ramos y Efr\u00e9n Ortiz Dom\u00ednguez, durante el Coloquio <em>Boom<\/em> Latinoamericano XXI<\/p><\/div>\n<p>&nbsp;<\/p>\n<p><span data-contrast=\"auto\">En esa historia, Garc\u00eda M\u00e1rquez narra la historia de una aldea patriarcal de AL, lo cual se asemeja a la propia realidad de Efr\u00e9n Ortiz, en el sentido de haber crecido en un pueblo con relaciones familiares muy estrechas.<\/span><span data-ccp-props=\"{&quot;134233117&quot;:false,&quot;134233118&quot;:false,&quot;201341983&quot;:0,&quot;335559731&quot;:708,&quot;335559738&quot;:0,&quot;335559739&quot;:0,&quot;335559740&quot;:240}\">\u00a0<\/span><\/p>\n<p><span data-contrast=\"auto\">En el texto del escritor colombiano, Ortiz Dom\u00ednguez hall\u00f3 un motivo central que no solo \u00e9l ha reconocido, sino tambi\u00e9n los cr\u00edticos y los nuevos escritores: la casa, el cual ha sido tema cinematogr\u00e1fico, musical y de espect\u00e1culos teatrales. Ese es el motivo que ha provocado todas las reacciones literarias, dijo, al referirse a otras obras que tambi\u00e9n lo replican como: <\/span><i><span data-contrast=\"auto\">La Casa de los esp\u00edritus<\/span><\/i><span data-contrast=\"auto\">, de Isabel Allende, y <\/span><i><span data-contrast=\"auto\">Como agua para chocolate<\/span><\/i><span data-contrast=\"auto\">, de Laura Esquivel.<\/span><span data-ccp-props=\"{&quot;134233117&quot;:false,&quot;134233118&quot;:false,&quot;201341983&quot;:0,&quot;335559731&quot;:708,&quot;335559738&quot;:0,&quot;335559739&quot;:0,&quot;335559740&quot;:240}\">\u00a0<\/span><\/p>\n<p><span data-contrast=\"auto\">Hoy en d\u00eda, la mayor parte de textos de los nuevos escritores igualmente lo retoman, pero desde el punto de vista de una casa que ha sido trasplantada de los pa\u00edses de origen a los Estados Unidos; o bien, abordan la tem\u00e1tica de volver a la casa y encontrar lo que hab\u00edan dejado.<\/span><span data-ccp-props=\"{&quot;134233117&quot;:false,&quot;134233118&quot;:false,&quot;201341983&quot;:0,&quot;335559731&quot;:708,&quot;335559738&quot;:0,&quot;335559739&quot;:0,&quot;335559740&quot;:240}\">\u00a0<\/span><\/p>\n<p><span data-contrast=\"auto\">\u201cEs un poco el esp\u00edritu de esta generaci\u00f3n que se siente trasplantada en otro lugar y no se siente identificada\u201d, dijo el acad\u00e9mico de la UV.<\/span><span data-ccp-props=\"{&quot;134233117&quot;:false,&quot;134233118&quot;:false,&quot;201341983&quot;:0,&quot;335559731&quot;:708,&quot;335559738&quot;:0,&quot;335559739&quot;:0,&quot;335559740&quot;:240}\">\u00a0<\/span><\/p>\n","protected":false},"excerpt":{"rendered":"<p>Este fen\u00f3meno impuls\u00f3 la carrera literaria de autores ya formados y reconocidos como: Gabriel Garc\u00eda M\u00e1rquez, Mario Vargas Llosa, Carlos Fuentes, Juan Rulfo, Jorge Luis Borges y Julio Cort\u00e1zar, entre otros <\/p>\n","protected":false},"author":1809,"featured_media":0,"comment_status":"closed","ping_status":"closed","sticky":false,"template":"","format":"standard","meta":[],"categories":[11,47,11303],"tags":[11769,2814,1733,4163,11771,11768,11773,11770,1585,11772,5479,8032,11775,6052,11774],"_links":{"self":[{"href":"https:\/\/www.uv.mx\/prensa\/wp-json\/wp\/v2\/posts\/130747"}],"collection":[{"href":"https:\/\/www.uv.mx\/prensa\/wp-json\/wp\/v2\/posts"}],"about":[{"href":"https:\/\/www.uv.mx\/prensa\/wp-json\/wp\/v2\/types\/post"}],"author":[{"embeddable":true,"href":"https:\/\/www.uv.mx\/prensa\/wp-json\/wp\/v2\/users\/1809"}],"replies":[{"embeddable":true,"href":"https:\/\/www.uv.mx\/prensa\/wp-json\/wp\/v2\/comments?post=130747"}],"version-history":[{"count":1,"href":"https:\/\/www.uv.mx\/prensa\/wp-json\/wp\/v2\/posts\/130747\/revisions"}],"predecessor-version":[{"id":130993,"href":"https:\/\/www.uv.mx\/prensa\/wp-json\/wp\/v2\/posts\/130747\/revisions\/130993"}],"wp:attachment":[{"href":"https:\/\/www.uv.mx\/prensa\/wp-json\/wp\/v2\/media?parent=130747"}],"wp:term":[{"taxonomy":"category","embeddable":true,"href":"https:\/\/www.uv.mx\/prensa\/wp-json\/wp\/v2\/categories?post=130747"},{"taxonomy":"post_tag","embeddable":true,"href":"https:\/\/www.uv.mx\/prensa\/wp-json\/wp\/v2\/tags?post=130747"}],"curies":[{"name":"wp","href":"https:\/\/api.w.org\/{rel}","templated":true}]}}