{"id":130760,"date":"2023-05-21T11:24:04","date_gmt":"2023-05-21T16:24:04","guid":{"rendered":"https:\/\/www.uv.mx\/prensa\/?p=130760"},"modified":"2023-05-22T13:54:12","modified_gmt":"2023-05-22T18:54:12","slug":"presentan-en-filu-nuevo-tomo-de-coleccion-dedicada-a-saberes-digitales","status":"publish","type":"post","link":"https:\/\/www.uv.mx\/prensa\/eventos\/presentan-en-filu-nuevo-tomo-de-coleccion-dedicada-a-saberes-digitales\/","title":{"rendered":"Presentan en FILU nuevo tomo de colecci\u00f3n dedicada a saberes digitales\u00a0"},"content":{"rendered":"<ul>\n<li data-leveltext=\"\uf0b7\" data-font=\"Symbol\" data-listid=\"2\" data-list-defn-props=\"{&quot;335551671&quot;:0,&quot;335552541&quot;:1,&quot;335559684&quot;:-2,&quot;335559685&quot;:720,&quot;335559991&quot;:360,&quot;469769226&quot;:&quot;Symbol&quot;,&quot;469769242&quot;:[8226],&quot;469777803&quot;:&quot;left&quot;,&quot;469777804&quot;:&quot;\uf0b7&quot;,&quot;469777815&quot;:&quot;hybridMultilevel&quot;}\" data-aria-posinset=\"0\" data-aria-level=\"1\"><i><span data-contrast=\"auto\">En cada disciplina los usos tecnol\u00f3gicos se dan de manera distinta, por lo que la compra debe realizarse con especificaciones acordes a cada carrera<\/span><\/i><span data-ccp-props=\"{&quot;201341983&quot;:0,&quot;335559739&quot;:0,&quot;335559740&quot;:240}\">\u00a0<\/span><\/li>\n<li data-leveltext=\"\uf0b7\" data-font=\"Symbol\" data-listid=\"2\" data-list-defn-props=\"{&quot;335551671&quot;:0,&quot;335552541&quot;:1,&quot;335559684&quot;:-2,&quot;335559685&quot;:720,&quot;335559991&quot;:360,&quot;469769226&quot;:&quot;Symbol&quot;,&quot;469769242&quot;:[8226],&quot;469777803&quot;:&quot;left&quot;,&quot;469777804&quot;:&quot;\uf0b7&quot;,&quot;469777815&quot;:&quot;hybridMultilevel&quot;}\" data-aria-posinset=\"0\" data-aria-level=\"1\"><i><span data-contrast=\"auto\">En la FILU se present\u00f3 el libro <\/span><\/i><span data-contrast=\"auto\">Saberes digitales de m\u00fasicos, actores, bailarines, docentes de arte y profesionales de las artes pl\u00e1sticas y visuales<\/span><span data-ccp-props=\"{&quot;201341983&quot;:0,&quot;335559739&quot;:0,&quot;335559740&quot;:240}\">\u00a0<\/span><\/li>\n<\/ul>\n<p><span data-ccp-props=\"{&quot;201341983&quot;:0,&quot;335559739&quot;:0,&quot;335559740&quot;:240}\">\u00a0<\/span><\/p>\n<div id=\"attachment_130775\" style=\"width: 732px\" class=\"wp-caption aligncenter\"><img aria-describedby=\"caption-attachment-130775\" decoding=\"async\" loading=\"lazy\" class=\"size-full wp-image-130775\" src=\"https:\/\/www.uv.mx\/prensa\/files\/2023\/05\/19052023-Couttolenc-Libro-Saberes-digitales-1.jpg\" alt=\"\" width=\"722\" height=\"444\" srcset=\"https:\/\/www.uv.mx\/prensa\/files\/2023\/05\/19052023-Couttolenc-Libro-Saberes-digitales-1.jpg 722w, https:\/\/www.uv.mx\/prensa\/files\/2023\/05\/19052023-Couttolenc-Libro-Saberes-digitales-1-300x184.jpg 300w\" sizes=\"(max-width: 722px) 100vw, 722px\" \/><p id=\"caption-attachment-130775\" class=\"wp-caption-text\">Alberto Ram\u00edrez Martinell, Emil Award, Miguel \u00c1ngel Casillas Alvarado y Ahtziri Molina Rold\u00e1n, en la presentaci\u00f3n del quinto tomo de la colecci\u00f3n Saberes Digitales Universitarios<\/p><\/div>\n<p><span data-ccp-props=\"{&quot;201341983&quot;:0,&quot;335559739&quot;:0,&quot;335559740&quot;:240}\">\u00a0<\/span><\/p>\n<p><b><i><span data-contrast=\"auto\">Jos\u00e9 Luis Couttolenc Soto<\/span><\/i><\/b><span data-ccp-props=\"{&quot;201341983&quot;:0,&quot;335559739&quot;:0,&quot;335559740&quot;:240}\">\u00a0<\/span><\/p>\n<p><b><i><span data-contrast=\"auto\">Fotos: Omar Portilla Palacios<\/span><\/i><\/b><span data-ccp-props=\"{&quot;201341983&quot;:0,&quot;335559739&quot;:0,&quot;335559740&quot;:240}\">\u00a0<\/span><\/p>\n<p><b><i><span data-contrast=\"auto\">21\/05\/2023, Xalapa, Ver.- <\/span><\/i><\/b><span data-contrast=\"auto\">Producto de un trabajo que les llev\u00f3 varios a\u00f1os, los investigadores de la Universidad Veracruzana (UV), Alberto Ram\u00edrez Martinell y Miguel \u00c1ngel Casillas Alvarado, produjeron una colecci\u00f3n de seis libros sobre saberes digitales de los universitarios, en los que hacen un an\u00e1lisis y propuestas sobre el uso de las tecnolog\u00edas de la informaci\u00f3n y la comunicaci\u00f3n (TIC) en cada una de las licenciaturas de las seis \u00e1reas acad\u00e9micas de esta casa de estudios.<\/span><span data-ccp-props=\"{&quot;201341983&quot;:0,&quot;335559739&quot;:0,&quot;335559740&quot;:240}\">\u00a0<\/span><\/p>\n<p><span data-contrast=\"auto\">Cuatro de estos libros, publicados por la Editorial de la UV, corresponden a las \u00c1reas Acad\u00e9micas Ciencias de la Salud, Econ\u00f3mico-Administrativa, Humanidades y T\u00e9cnica, y ya est\u00e1n en circulaci\u00f3n.<\/span><span data-ccp-props=\"{&quot;201341983&quot;:0,&quot;335559739&quot;:0,&quot;335559740&quot;:240}\">\u00a0<\/span><\/p>\n<p><span data-contrast=\"auto\">En el marco de la <a href=\"https:\/\/www.uv.mx\/filu\/\" target=\"_blank\" rel=\"noopener\">Feria Internacional del Libro Universitario<\/a> (FILU) fue presentado el quinto tomo: <\/span><i><span data-contrast=\"auto\">Saberes digitales de m\u00fasicos, actores, bailarines, docentes de arte y profesionales de las artes pl\u00e1sticas y visuales<\/span><\/i><span data-contrast=\"auto\">, dirigido a las <\/span><span data-contrast=\"auto\">licenciaturas <\/span><span data-contrast=\"auto\">del \u00c1rea Acad\u00e9mica de Artes.<\/span><\/p>\n<p>&nbsp;<\/p>\n<div id=\"attachment_130776\" style=\"width: 732px\" class=\"wp-caption aligncenter\"><img aria-describedby=\"caption-attachment-130776\" decoding=\"async\" loading=\"lazy\" class=\"size-full wp-image-130776\" src=\"https:\/\/www.uv.mx\/prensa\/files\/2023\/05\/19052023-Couttolenc-Libro-Saberes-digitales-2.jpg\" alt=\"\" width=\"722\" height=\"449\" srcset=\"https:\/\/www.uv.mx\/prensa\/files\/2023\/05\/19052023-Couttolenc-Libro-Saberes-digitales-2.jpg 722w, https:\/\/www.uv.mx\/prensa\/files\/2023\/05\/19052023-Couttolenc-Libro-Saberes-digitales-2-300x187.jpg 300w, https:\/\/www.uv.mx\/prensa\/files\/2023\/05\/19052023-Couttolenc-Libro-Saberes-digitales-2-200x125.jpg 200w\" sizes=\"(max-width: 722px) 100vw, 722px\" \/><p id=\"caption-attachment-130776\" class=\"wp-caption-text\">En el marco de la FILU, fue presentado el libro <em>Saberes digitales de m\u00fasicos, actores, bailarines, docentes de arte y profesionales de las artes pl\u00e1sticas y visuales<\/em>, dirigido a las carreras del \u00c1rea Acad\u00e9mica de Artes<\/p><\/div>\n<p><span data-ccp-props=\"{&quot;201341983&quot;:0,&quot;335559731&quot;:708,&quot;335559739&quot;:0,&quot;335559740&quot;:240}\">\u00a0<\/span><\/p>\n<p><span data-contrast=\"auto\">Ram\u00edrez Martinell explic\u00f3 que para generar esta colecci\u00f3n realizaron una investigaci\u00f3n que calific\u00f3 como in\u00e9dita en el mundo, \u201cporque nadie m\u00e1s ha hecho una similar\u201d.<\/span><span data-ccp-props=\"{&quot;201341983&quot;:0,&quot;335559739&quot;:0,&quot;335559740&quot;:240}\">\u00a0<\/span><\/p>\n<p><span data-contrast=\"auto\">Revisaron cerca de 100 programas educativos y su relaci\u00f3n con la tecnolog\u00eda digital, trabajaron con 250 grupos focales y entrevistaron alrededor de 500 profesores de diferentes licenciaturas.<\/span><span data-ccp-props=\"{&quot;201341983&quot;:0,&quot;335559731&quot;:708,&quot;335559739&quot;:0,&quot;335559740&quot;:240}\">\u00a0<\/span><\/p>\n<p><span data-contrast=\"auto\">Para el quinto volumen, llevaron a cabo talleres en donde con profesores de m\u00fasica, actores y bailarines, intercambiaron impresiones de artes profesionales, artes pl\u00e1sticas y visuales, a fin de conocer qu\u00e9 tienen que saber los estudiantes al t\u00e9rmino de sus programas educativos en cuanto a las TIC.<\/span><span data-ccp-props=\"{&quot;201341983&quot;:0,&quot;335559739&quot;:0,&quot;335559740&quot;:240}\">\u00a0<\/span><\/p>\n<p><span data-contrast=\"auto\">Por su parte, Casillas Alvarado dio a conocer que en el quinto tomo se observa que los saberes digitales de las comunidades acad\u00e9micas del \u00c1rea Acad\u00e9mica de Artes son diversos entre las disciplinas que la integran, en t\u00e9rminos comparativos con otras \u00e1reas son altos en el manejo de archivo y ciudadan\u00eda digital, y relativamente bajos en el manejo de datos.<\/span><span data-ccp-props=\"{&quot;201341983&quot;:0,&quot;335559739&quot;:0,&quot;335559740&quot;:240}\">\u00a0<\/span><\/p>\n<p>&nbsp;<\/p>\n<div id=\"attachment_130777\" style=\"width: 732px\" class=\"wp-caption aligncenter\"><img aria-describedby=\"caption-attachment-130777\" decoding=\"async\" loading=\"lazy\" class=\"size-full wp-image-130777\" src=\"https:\/\/www.uv.mx\/prensa\/files\/2023\/05\/19052023-Couttolenc-Libro-Saberes-digitales-3.jpg\" alt=\"\" width=\"722\" height=\"407\" srcset=\"https:\/\/www.uv.mx\/prensa\/files\/2023\/05\/19052023-Couttolenc-Libro-Saberes-digitales-3.jpg 722w, https:\/\/www.uv.mx\/prensa\/files\/2023\/05\/19052023-Couttolenc-Libro-Saberes-digitales-3-300x169.jpg 300w\" sizes=\"(max-width: 722px) 100vw, 722px\" \/><p id=\"caption-attachment-130777\" class=\"wp-caption-text\">la fecha la Editorial UV ha publicado cinco tomos de la colecci\u00f3n Saberes Digitales Universitarios<\/p><\/div>\n<p>&nbsp;<\/p>\n<p><span data-contrast=\"auto\">En los seis tomos (a finales de a\u00f1o se publicar\u00e1 el correspondiente al \u00c1rea Acad\u00e9mica Biol\u00f3gico-Agropecuaria) se hace una sugerencia fundada en el trabajo colectivo de los profesores, con el prop\u00f3sito de brindar un horizonte para la renovaci\u00f3n de los planes de estudios universitarios; se propone racionalizar el gasto en herramientas para los saberes digitales, programar la compra de licencias o <\/span><i><span data-contrast=\"auto\">softwares<\/span><\/i><span data-contrast=\"auto\">, adem\u00e1s de <\/span><span data-contrast=\"auto\">seleccionar el tipo de m\u00e1quinas y dispositivos que se deben adquirir de manera adecuada para cada carrera.<\/span><span data-ccp-props=\"{&quot;201341983&quot;:0,&quot;335559739&quot;:0,&quot;335559740&quot;:240}\">\u00a0<\/span><\/p>\n<p><span data-contrast=\"auto\">Como comentaristas del libro fungieron Ahtziri Molina Rold\u00e1n, encargada de la Coordinaci\u00f3n del Centro de Estudios, Creaci\u00f3n y Documentaci\u00f3n de las Artes (CECDA), y Emil Awad, compositor y director musical.<\/span><\/p>\n","protected":false},"excerpt":{"rendered":"<p>A finales de a\u00f1o se publicar\u00e1 el correspondiente al \u00c1rea Acad\u00e9mica Biol\u00f3gico-Agropecuaria, para dar un total de seis t\u00edtulos\u00a0<\/p>\n","protected":false},"author":1869,"featured_media":130778,"comment_status":"closed","ping_status":"closed","sticky":false,"template":"","format":"standard","meta":[],"categories":[47,11303,61,51],"tags":[3617,10722,11785,4162,532,6462,506,11783,11784,10568],"_links":{"self":[{"href":"https:\/\/www.uv.mx\/prensa\/wp-json\/wp\/v2\/posts\/130760"}],"collection":[{"href":"https:\/\/www.uv.mx\/prensa\/wp-json\/wp\/v2\/posts"}],"about":[{"href":"https:\/\/www.uv.mx\/prensa\/wp-json\/wp\/v2\/types\/post"}],"author":[{"embeddable":true,"href":"https:\/\/www.uv.mx\/prensa\/wp-json\/wp\/v2\/users\/1869"}],"replies":[{"embeddable":true,"href":"https:\/\/www.uv.mx\/prensa\/wp-json\/wp\/v2\/comments?post=130760"}],"version-history":[{"count":1,"href":"https:\/\/www.uv.mx\/prensa\/wp-json\/wp\/v2\/posts\/130760\/revisions"}],"predecessor-version":[{"id":130982,"href":"https:\/\/www.uv.mx\/prensa\/wp-json\/wp\/v2\/posts\/130760\/revisions\/130982"}],"wp:featuredmedia":[{"embeddable":true,"href":"https:\/\/www.uv.mx\/prensa\/wp-json\/wp\/v2\/media\/130778"}],"wp:attachment":[{"href":"https:\/\/www.uv.mx\/prensa\/wp-json\/wp\/v2\/media?parent=130760"}],"wp:term":[{"taxonomy":"category","embeddable":true,"href":"https:\/\/www.uv.mx\/prensa\/wp-json\/wp\/v2\/categories?post=130760"},{"taxonomy":"post_tag","embeddable":true,"href":"https:\/\/www.uv.mx\/prensa\/wp-json\/wp\/v2\/tags?post=130760"}],"curies":[{"name":"wp","href":"https:\/\/api.w.org\/{rel}","templated":true}]}}