{"id":13120,"date":"2016-07-04T14:32:41","date_gmt":"2016-07-04T19:32:41","guid":{"rendered":"https:\/\/www.uv.mx\/prensa\/?p=13120"},"modified":"2016-07-04T14:31:38","modified_gmt":"2016-07-04T19:31:38","slug":"ceoa-realiza-investigacion-sobre-violencia-de-genero","status":"publish","type":"post","link":"https:\/\/www.uv.mx\/prensa\/general\/ceoa-realiza-investigacion-sobre-violencia-de-genero\/","title":{"rendered":"CEOA realiza investigaci\u00f3n sobre violencia de g\u00e9nero"},"content":{"rendered":"<ul>\n<li><em>Es un trabajo conjunto entre el Centro de Estudios de Opini\u00f3n y An\u00e1lisis, el Centro de Estudios de G\u00e9nero y el Instituto de Investigaciones en Educaci\u00f3n<\/em><\/li>\n<li><em>Su objetivo es delimitar c\u00f3mo los universitarios perciben los diversos tipos de violencia<\/em><\/li>\n<\/ul>\n<p>&nbsp;<\/p>\n<div id=\"attachment_13126\" style=\"width: 732px\" class=\"wp-caption aligncenter\"><a href=\"https:\/\/www.uv.mx\/prensa\/files\/2016\/07\/Jeysn.jpg\"><img aria-describedby=\"caption-attachment-13126\" decoding=\"async\" loading=\"lazy\" class=\"size-full wp-image-13126\" src=\"https:\/\/www.uv.mx\/prensa\/files\/2016\/07\/Jeysn.jpg\" alt=\"Jeysira Jacqueline Dorantes Carri\u00f3n, acompa\u00f1ada de Miguel Antonio Murrieta Mart\u00ednez y Jes\u00fas Paulino P\u00e9rez Sangabriel\" width=\"722\" height=\"481\" srcset=\"https:\/\/www.uv.mx\/prensa\/files\/2016\/07\/Jeysn.jpg 722w, https:\/\/www.uv.mx\/prensa\/files\/2016\/07\/Jeysn-300x200.jpg 300w\" sizes=\"(max-width: 722px) 100vw, 722px\" \/><\/a><p id=\"caption-attachment-13126\" class=\"wp-caption-text\">Jeysira Jacqueline Dorantes Carri\u00f3n, acompa\u00f1ada de Miguel Antonio Murrieta Mart\u00ednez y Jes\u00fas Paulino P\u00e9rez Sangabriel<\/p><\/div>\n<p>&nbsp;<\/p>\n<p><strong><em>Carlos Hugo Hermida Rosales<\/em><\/strong><\/p>\n<p>&nbsp;<\/p>\n<p><strong><em>Xalapa, Ver. 04\/07\/2016.-<\/em><\/strong><em>\u00a0<\/em>La Universidad Veracruzana (UV) \u2013a trav\u00e9s del Centro de Estudios de Opini\u00f3n y An\u00e1lisis (CEOA), el Centro de Estudios de G\u00e9nero (CEGUV) y el Instituto de Investigaciones en Educaci\u00f3n (IIE)\u2013 lleva a cabo el proyecto \u201cRepresentaciones sociales sobre violencia de g\u00e9nero\u201d entre estudiantes de esta casa de estudios.<\/p>\n<p>Este trabajo cuenta con un recurso financiero de dos millones de pesos aprobado a finales de 2014 por el Consejo Nacional de Ciencia y Tecnolog\u00eda (<em>Conacyt<\/em>), y tiene por objetivo delimitar c\u00f3mo los alumnos de la UV perciben diversos tipos de violencia (f\u00edsica, verbal, de g\u00e9nero, psicol\u00f3gica, sexual, docente y <em>ciberbullying<\/em>).<\/p>\n<p>Jeysira Jacqueline Dorantes Carri\u00f3n, investigadora y coordinadora de la Especializaci\u00f3n en Estudios de Opini\u00f3n, explic\u00f3 que por medio de este estudio, el cual incluye un cuestionario de 80 preguntas que fueron aplicadas aleatoriamente a mil 931 alumnos de la UV, se ha descubierto que muchos universitarios que experimentan la violencia la asumen como algo propio, la naturalizan e incluso viven con relaciones que son da\u00f1inas para ellos.<\/p>\n<p>\u201cDentro de los resultados obtenidos se ha encontrado que en la Facultad de Artes existe violencia sexual, la cual es padecida principalmente por las mujeres; asimismo, este estudio refleja que el <em>ciberbullying<\/em> es com\u00fan en la regi\u00f3n Coatzacoalcos-Minatitl\u00e1n\u201d, coment\u00f3 la investigadora.<\/p>\n<p>Agreg\u00f3 que aunado a esto, en todas las regiones de la UV consideran a la violencia verbal, as\u00ed como a ciertas formas de violencia f\u00edsica entre las que se incluyen golpes, nalgadas y coscorrones, como una forma normal de socializar, por lo cual esto debe ser atendido.<\/p>\n<p>Jacqueline Dorantes manifest\u00f3 que una de las finalidades de este trabajo es crear un dec\u00e1logo de buenas costumbres, as\u00ed como pol\u00edticas focalizadas a las regiones de la UV en las cuales se presenta la violencia.<\/p>\n<p>Asegur\u00f3 que al d\u00eda de hoy no existe un retrato de qu\u00e9 es lo que sucede con el fen\u00f3meno de la violencia en la Universidad, ya que no se han llevado a cabo estudios que antecedan al actual, por lo que con este trabajo esperan hacer una aportaci\u00f3n para que se logren minimizar los actos violentos en todos los aspectos.<\/p>\n<p><strong>Estancia de investigaci\u00f3n<\/strong><\/p>\n<p>Miguel Antonio Murrieta Mart\u00ednez, estudiante de la Licenciatura en Gesti\u00f3n Intercultural para el Desarrollo (LGID) de la Universidad Veracruzana Intercultural (UVI) sede Grandes Monta\u00f1as, y Jes\u00fas Paulino P\u00e9rez Sangabriel, alumno de la Facultad de Sociolog\u00eda regi\u00f3n Xalapa, realizaron una estancia de investigaci\u00f3n \u2500del 13 al 30 de junio\u2500 en el CEOA, y como parte de la misma colaboraron en el estudio antes citado.<\/p>\n<p>Jacqueline Dorantes detall\u00f3 que el objetivo de estas estancias es que los j\u00f3venes se involucren, conozcan y aprendan las diferentes etapas del proceso de investigaci\u00f3n.<\/p>\n<p>Para el caso de este trabajo, en el cual se vincula a los estudiantes con profesores e investigadores, se pretende elaborar un art\u00edculo sobre el tema que posteriormente se publicar\u00eda en una revista especializada.<\/p>\n<p>Antonio Murrieta asegur\u00f3 que dentro de la estancia ha aprendido el valor de las investigaciones de g\u00e9nero, as\u00ed como la importancia de la transdisciplinariedad, ya que una de las fortalezas de este estudio es que hay tres instituciones distintas involucradas.<\/p>\n<p>El universitario afirm\u00f3 estar agradecido por esta opci\u00f3n que la UV le brinda de convivir con estudiantes e investigadores de otras sedes, ya que esto complementa su formaci\u00f3n.<\/p>\n<p>Su compa\u00f1ero, Jes\u00fas Paulino P\u00e9rez, habl\u00f3 de la importancia de internarse en una tem\u00e1tica en la cual puede ver c\u00f3mo se desarrolla una investigaci\u00f3n, as\u00ed como colaborar en ella desde su perspectiva como estudiante de sociolog\u00eda.<\/p>\n<p>El joven asever\u00f3 que esto ayuda mucho en su preparaci\u00f3n como soci\u00f3logo, pues muchas veces los talleres de su plan de estudios son demasiado te\u00f3ricos y pocas veces llevan a cabo investigaciones en campo, por lo cual es una gran oportunidad para vincularse con una investigaci\u00f3n real.<\/p>\n<p>&nbsp;<\/p>\n","protected":false},"excerpt":{"rendered":"<p><strong><em>Carlos Hugo Hermida.-<\/em><\/strong>La Universidad Veracruzana (UV) \u2013a trav\u00e9s del Centro de Estudios de Opini\u00f3n y An\u00e1lisis (CEOA), el Centro de Estudios de G\u00e9nero (CEGUV) y el Instituto de Investigaciones en Educaci\u00f3n (IIE)\u2013 lleva a cabo el proyecto \u201cRepresentaciones sociales sobre violencia de g\u00e9nero\u201d entre estudiantes de esta casa de estudios.<\/p>\n","protected":false},"author":1810,"featured_media":13156,"comment_status":"closed","ping_status":"closed","sticky":false,"template":"","format":"standard","meta":[],"categories":[1],"tags":[3],"_links":{"self":[{"href":"https:\/\/www.uv.mx\/prensa\/wp-json\/wp\/v2\/posts\/13120"}],"collection":[{"href":"https:\/\/www.uv.mx\/prensa\/wp-json\/wp\/v2\/posts"}],"about":[{"href":"https:\/\/www.uv.mx\/prensa\/wp-json\/wp\/v2\/types\/post"}],"author":[{"embeddable":true,"href":"https:\/\/www.uv.mx\/prensa\/wp-json\/wp\/v2\/users\/1810"}],"replies":[{"embeddable":true,"href":"https:\/\/www.uv.mx\/prensa\/wp-json\/wp\/v2\/comments?post=13120"}],"version-history":[{"count":0,"href":"https:\/\/www.uv.mx\/prensa\/wp-json\/wp\/v2\/posts\/13120\/revisions"}],"wp:featuredmedia":[{"embeddable":true,"href":"https:\/\/www.uv.mx\/prensa\/wp-json\/wp\/v2\/media\/13156"}],"wp:attachment":[{"href":"https:\/\/www.uv.mx\/prensa\/wp-json\/wp\/v2\/media?parent=13120"}],"wp:term":[{"taxonomy":"category","embeddable":true,"href":"https:\/\/www.uv.mx\/prensa\/wp-json\/wp\/v2\/categories?post=13120"},{"taxonomy":"post_tag","embeddable":true,"href":"https:\/\/www.uv.mx\/prensa\/wp-json\/wp\/v2\/tags?post=13120"}],"curies":[{"name":"wp","href":"https:\/\/api.w.org\/{rel}","templated":true}]}}