{"id":131671,"date":"2023-07-28T07:55:15","date_gmt":"2023-07-28T12:55:15","guid":{"rendered":"https:\/\/www.uv.mx\/prensa\/?p=131671"},"modified":"2023-08-01T14:20:12","modified_gmt":"2023-08-01T19:20:12","slug":"iij-cuenta-con-observatorio-de-politicas-publicas-con-enfoque-de-ddhh","status":"publish","type":"post","link":"https:\/\/www.uv.mx\/prensa\/general\/iij-cuenta-con-observatorio-de-politicas-publicas-con-enfoque-de-ddhh\/","title":{"rendered":"IIJ cuenta con Observatorio de pol\u00edticas p\u00fablicas con enfoque de DDHH"},"content":{"rendered":"<ul>\n<li><em><span class=\"TextRun SCXW49860200 BCX0\" lang=\"ES-MX\" xml:lang=\"ES-MX\" data-contrast=\"auto\"><span class=\"NormalTextRun SCXW49860200 BCX0\">Los derechos fundamentales son parte principal en el dise\u00f1o de las pol\u00edticas p\u00fablicas, afirm\u00f3<\/span><span class=\"NormalTextRun SCXW49860200 BCX0\"> en conferencia<\/span><span class=\"NormalTextRun SCXW49860200 BCX0\">\u00a0<\/span><span class=\"NormalTextRun SCXW49860200 BCX0\">Mauricio Merino Huerta, investigador de la Universidad de Guadalajara<\/span><\/span><span class=\"EOP SCXW49860200 BCX0\" data-ccp-props=\"{&quot;201341983&quot;:0,&quot;335559739&quot;:0,&quot;335559740&quot;:240}\">\u00a0<\/span><\/em><\/li>\n<\/ul>\n<div id=\"attachment_131557\" style=\"width: 732px\" class=\"wp-caption aligncenter\"><img aria-describedby=\"caption-attachment-131557\" decoding=\"async\" loading=\"lazy\" class=\"size-full wp-image-131557\" src=\"https:\/\/www.uv.mx\/prensa\/files\/2023\/06\/01062023-Couttolenc-Observatorio-IIJ-1.jpg\" alt=\"\" width=\"722\" height=\"406\" srcset=\"https:\/\/www.uv.mx\/prensa\/files\/2023\/06\/01062023-Couttolenc-Observatorio-IIJ-1.jpg 722w, https:\/\/www.uv.mx\/prensa\/files\/2023\/06\/01062023-Couttolenc-Observatorio-IIJ-1-300x169.jpg 300w\" sizes=\"(max-width: 722px) 100vw, 722px\" \/><p id=\"caption-attachment-131557\" class=\"wp-caption-text\">El Instituto de Investigaciones Jur\u00eddicas instaur\u00f3 el Observatorio de Pol\u00edticas P\u00fablicas con Enfoque de Derechos Humanos<\/p><\/div>\n<p><b><i><span data-contrast=\"auto\">Jos\u00e9 Luis Couttolenc Soto<\/span><\/i><\/b><span data-ccp-props=\"{&quot;201341983&quot;:0,&quot;335559739&quot;:0,&quot;335559740&quot;:240}\">\u00a0<\/span><\/p>\n<p><b><i><span data-contrast=\"auto\">Fotos: Luis Fernando Fern\u00e1ndez<\/span><\/i><\/b><span data-ccp-props=\"{&quot;201341983&quot;:0,&quot;335559739&quot;:0,&quot;335559740&quot;:240}\">\u00a0<\/span><\/p>\n<p><b><i><span data-contrast=\"auto\">28\/07\/2023, Xalapa, Ver.- <\/span><\/i><\/b><span data-contrast=\"auto\">El<a href=\"https:\/\/www.uv.mx\/iij\/\" target=\"_blank\" rel=\"noopener\"> Instituto de Investigaciones Jur\u00eddicas<\/a> (IIJ) de la Universidad Veracruzana (UV) instaur\u00f3 su Observatorio de Pol\u00edticas P\u00fablicas con Enfoque de Derechos Humanos (OPPEDH), que tiene como prop\u00f3sito generar insumos para que los tomadores de decisiones puedan garantizar de manera efectiva la perspectiva de derechos humanos (DDHH) en el dise\u00f1o e implementaci\u00f3n de pol\u00edticas p\u00fablicas.<\/span><span data-ccp-props=\"{&quot;201341983&quot;:0,&quot;335559739&quot;:0,&quot;335559740&quot;:240}\">\u00a0<\/span><\/p>\n<p><span data-contrast=\"auto\">Durante la presentaci\u00f3n, que tuvo en el Auditorio \u201cH\u00e9ctor Fix Zamudio\u201d del IIJ, Arturo Miguel Ch\u00edpuli Castillo, director de esta entidad universitaria, expuso que el observatorio es producto de un proyecto iniciado en 2018, considerando que las pol\u00edticas p\u00fablicas son mecanismos de exigibilidad de los DDHH y que \u00e9stas no pueden ser ciegas a los derechos fundamentales de las personas.<\/span><span data-ccp-props=\"{&quot;201341983&quot;:0,&quot;335559739&quot;:0,&quot;335559740&quot;:240}\">\u00a0<\/span><\/p>\n<p><span data-contrast=\"auto\">Plante\u00f3 que es esencial el an\u00e1lisis del enfoque de los DDHH en las pol\u00edticas p\u00fablicas a trav\u00e9s de una metodolog\u00eda particular con tem\u00e1ticas diversas, a fin de generar insumos para que los tomadores de decisiones puedan construir programas que no sean ciegos a esos derechos, tomando en consideraci\u00f3n est\u00e1ndares internacionales y elementos transversales que integran dicha perspectiva.<\/span><span data-ccp-props=\"{&quot;201341983&quot;:0,&quot;335559739&quot;:0,&quot;335559740&quot;:240}\">\u00a0<\/span><\/p>\n<p><span data-contrast=\"auto\">Por su parte, la investigadora Petra Armenta Ram\u00edrez, responsable del OPPEDH, refiri\u00f3 que actualmente los derechos humanos est\u00e1n en todos los \u00e1mbitos y no hay razones por las que podr\u00edan estar ausentes de las pol\u00edticas p\u00fablicas; \u201ctras el derecho hay una obligaci\u00f3n correlativa, por lo que es necesario exigir responsabilidad por su violaci\u00f3n de satisfacci\u00f3n, y \u00e9sta comprende tres razones: no violarlos, promoverlos y garantizarlos\u201d.<\/span><span data-ccp-props=\"{&quot;201341983&quot;:0,&quot;335559739&quot;:0,&quot;335559740&quot;:240}\">\u00a0<\/span><\/p>\n<div id=\"attachment_131558\" style=\"width: 732px\" class=\"wp-caption aligncenter\"><img aria-describedby=\"caption-attachment-131558\" decoding=\"async\" loading=\"lazy\" class=\"size-full wp-image-131558\" src=\"https:\/\/www.uv.mx\/prensa\/files\/2023\/06\/01062023-Couttolenc-Observatorio-IIJ-2.jpg\" alt=\"\" width=\"722\" height=\"406\" srcset=\"https:\/\/www.uv.mx\/prensa\/files\/2023\/06\/01062023-Couttolenc-Observatorio-IIJ-2.jpg 722w, https:\/\/www.uv.mx\/prensa\/files\/2023\/06\/01062023-Couttolenc-Observatorio-IIJ-2-300x169.jpg 300w\" sizes=\"(max-width: 722px) 100vw, 722px\" \/><p id=\"caption-attachment-131558\" class=\"wp-caption-text\">Mauricio Merino Huerta, investigador de la Universidad de Guadalajara, ofreci\u00f3 una conferencia sobre importancia de los derechos fundamentales<\/p><\/div>\n<p><b><span data-contrast=\"auto\">Importantes los derechos fundamentales<\/span><\/b><span data-ccp-props=\"{&quot;201341983&quot;:0,&quot;335559739&quot;:0,&quot;335559740&quot;:240}\">\u00a0<\/span><\/p>\n<p><span data-contrast=\"auto\">Mauricio Merino Huerta, director del Instituto de Investigaci\u00f3n de Rendici\u00f3n de Cuentas y Combate a la Corrupci\u00f3n de la Universidad de Guadalajara, ofreci\u00f3 una conferencia y resalt\u00f3 que los derechos fundamentales son parte principal en el dise\u00f1o de las pol\u00edticas p\u00fablicas.<\/span><span data-ccp-props=\"{&quot;201341983&quot;:0,&quot;335559739&quot;:0,&quot;335559740&quot;:240}\">\u00a0<\/span><\/p>\n<p><span data-contrast=\"auto\">Puntualiz\u00f3 que si una pol\u00edtica gubernamental contradice los derechos fundamentales aqu\u00e9lla se debe cambiar sin discusi\u00f3n; en ese sentido, el observatorio del IIJ puede hacer grandes aportaciones a la cultura jur\u00eddica.<\/span><span data-ccp-props=\"{&quot;201341983&quot;:0,&quot;335559739&quot;:0,&quot;335559740&quot;:240}\">\u00a0<\/span><\/p>\n<p><span data-contrast=\"auto\">Precis\u00f3 que los derechos fundamentales del m\u00e1s d\u00e9bil (que vive en situaci\u00f3n de calle, el trabajador sin protecci\u00f3n social, jornaleros, agr\u00edcolas, entre otros) deben de estar garantizados por el Estado, desde el nacimiento hasta el \u00faltimo d\u00eda de vida, en cambio los poderosos no requieren de esta protecci\u00f3n.<\/span><span data-ccp-props=\"{&quot;201341983&quot;:0,&quot;335559739&quot;:0,&quot;335559740&quot;:240}\">\u00a0<\/span><\/p>\n<p><span data-contrast=\"auto\">Mencion\u00f3 tambi\u00e9n que otro problema que vive M\u00e9xico es que \u201cquien gana el puesto gana el presupuesto\u201d, lo que se traduce en que quien gana una elecci\u00f3n gana tambi\u00e9n todos los puestos relacionados a su cargo, nombrando a personas sin perfil y administrando el presupuesto sin transparencia. \u201cA eso se le conoce como un sistema de bot\u00edn\u201d y nunca rinde cuentas.<\/span><span data-ccp-props=\"{&quot;201341983&quot;:0,&quot;335559739&quot;:0,&quot;335559740&quot;:240}\">\u00a0<\/span><\/p>\n<div id=\"attachment_131559\" style=\"width: 732px\" class=\"wp-caption aligncenter\"><img aria-describedby=\"caption-attachment-131559\" decoding=\"async\" loading=\"lazy\" class=\"size-full wp-image-131559\" src=\"https:\/\/www.uv.mx\/prensa\/files\/2023\/06\/01062023-Couttolenc-Observatorio-IIJ-3.jpg\" alt=\"\" width=\"722\" height=\"406\" srcset=\"https:\/\/www.uv.mx\/prensa\/files\/2023\/06\/01062023-Couttolenc-Observatorio-IIJ-3.jpg 722w, https:\/\/www.uv.mx\/prensa\/files\/2023\/06\/01062023-Couttolenc-Observatorio-IIJ-3-300x169.jpg 300w\" sizes=\"(max-width: 722px) 100vw, 722px\" \/><p id=\"caption-attachment-131559\" class=\"wp-caption-text\">Acad\u00e9micos, investigadores y funcionarios se dieron cita en la presentaci\u00f3n del OPPEDH<\/p><\/div>\n<p><span data-contrast=\"auto\">\u201cAs\u00ed funciona el empleo p\u00fablico en M\u00e9xico y esto es una tragedia, porque los puestos deber\u00edan garantizar los derechos fundamentales de manera inequ\u00edvoca y no ser contaminados por cuestiones pol\u00edticas que terminan siendo un ciclo vicioso\u201d, opin\u00f3 el conferencista.<\/span><span data-ccp-props=\"{&quot;201341983&quot;:0,&quot;335559739&quot;:0,&quot;335559740&quot;:240}\">\u00a0<\/span><\/p>\n<p><span data-contrast=\"auto\">Estuvieron presentes: Enrique Figueroa, magistrado de la Sala Regional Xalapa; Isabel Castillo, magistrada presidente del Tribunal de Conciliaci\u00f3n y Arbitraje del Poder Judicial del Estado; Jos\u00e9 Luis Cuevas Gayosso, presidente del Colegio de Doctores en Derecho; Jos\u00e9 Oth\u00f3n Flores Consejo, coordinador de Observatorios Universitarios; Anabel Hern\u00e1ndez Meneses, consejera electoral, as\u00ed como directores de institutos y facultades de esta casa de estudios.<\/span><span data-ccp-props=\"{&quot;201341983&quot;:0,&quot;335559739&quot;:0,&quot;335559740&quot;:240}\">\u00a0<\/span><\/p>\n<p><span data-ccp-props=\"{&quot;201341983&quot;:0,&quot;335559739&quot;:0,&quot;335559740&quot;:240}\">\u00a0<\/span><\/p>\n","protected":false},"excerpt":{"rendered":"<p>Las pol\u00edticas gubernamentales son mecanismos de exigibilidad y no pueden ser ciegas a los derechos humanos (DDHH) de las personas <\/p>\n","protected":false},"author":1810,"featured_media":131559,"comment_status":"closed","ping_status":"closed","sticky":false,"template":"","format":"standard","meta":[],"categories":[6301,47,1],"tags":[12187,12186,9021,4162,6249,5352,12185,2999,786],"_links":{"self":[{"href":"https:\/\/www.uv.mx\/prensa\/wp-json\/wp\/v2\/posts\/131671"}],"collection":[{"href":"https:\/\/www.uv.mx\/prensa\/wp-json\/wp\/v2\/posts"}],"about":[{"href":"https:\/\/www.uv.mx\/prensa\/wp-json\/wp\/v2\/types\/post"}],"author":[{"embeddable":true,"href":"https:\/\/www.uv.mx\/prensa\/wp-json\/wp\/v2\/users\/1810"}],"replies":[{"embeddable":true,"href":"https:\/\/www.uv.mx\/prensa\/wp-json\/wp\/v2\/comments?post=131671"}],"version-history":[{"count":1,"href":"https:\/\/www.uv.mx\/prensa\/wp-json\/wp\/v2\/posts\/131671\/revisions"}],"predecessor-version":[{"id":133101,"href":"https:\/\/www.uv.mx\/prensa\/wp-json\/wp\/v2\/posts\/131671\/revisions\/133101"}],"wp:featuredmedia":[{"embeddable":true,"href":"https:\/\/www.uv.mx\/prensa\/wp-json\/wp\/v2\/media\/131559"}],"wp:attachment":[{"href":"https:\/\/www.uv.mx\/prensa\/wp-json\/wp\/v2\/media?parent=131671"}],"wp:term":[{"taxonomy":"category","embeddable":true,"href":"https:\/\/www.uv.mx\/prensa\/wp-json\/wp\/v2\/categories?post=131671"},{"taxonomy":"post_tag","embeddable":true,"href":"https:\/\/www.uv.mx\/prensa\/wp-json\/wp\/v2\/tags?post=131671"}],"curies":[{"name":"wp","href":"https:\/\/api.w.org\/{rel}","templated":true}]}}