{"id":131702,"date":"2023-06-06T18:58:57","date_gmt":"2023-06-06T23:58:57","guid":{"rendered":"https:\/\/www.uv.mx\/prensa\/?p=131702"},"modified":"2023-06-07T15:27:12","modified_gmt":"2023-06-07T20:27:12","slug":"bolio-y-duran-el-desempeno-femenino-al-frente-de-la-osx","status":"publish","type":"post","link":"https:\/\/www.uv.mx\/prensa\/general\/bolio-y-duran-el-desempeno-femenino-al-frente-de-la-osx\/","title":{"rendered":"Bolio y Dur\u00e1n, el desempe\u00f1o femenino al frente de la OSX"},"content":{"rendered":"<ul style=\"font-weight: 400\">\n<li data-leveltext=\"\uf0b7\" data-font=\"Symbol\" data-listid=\"1\" data-list-defn-props=\"{&quot;335551671&quot;:0,&quot;335552541&quot;:1,&quot;335559684&quot;:-2,&quot;335559685&quot;:720,&quot;335559991&quot;:360,&quot;469769226&quot;:&quot;Symbol&quot;,&quot;469769242&quot;:[8226],&quot;469777803&quot;:&quot;left&quot;,&quot;469777804&quot;:&quot;\uf0b7&quot;,&quot;469777815&quot;:&quot;hybridMultilevel&quot;}\" data-aria-posinset=\"0\" data-aria-level=\"1\"><i><span data-contrast=\"auto\"> Argentina Dur\u00e1n como solista al piano y Consuelo Bolio con la batuta, recrearon obras de Ortiz, Mendelssohn y Smyth<\/span><\/i><span data-ccp-props=\"{&quot;201341983&quot;:0,&quot;335559739&quot;:0,&quot;335559740&quot;:240}\">\u00a0<\/span><\/li>\n<li data-leveltext=\"\uf0b7\" data-font=\"Symbol\" data-listid=\"1\" data-list-defn-props=\"{&quot;335551671&quot;:0,&quot;335552541&quot;:1,&quot;335559684&quot;:-2,&quot;335559685&quot;:720,&quot;335559991&quot;:360,&quot;469769226&quot;:&quot;Symbol&quot;,&quot;469769242&quot;:[8226],&quot;469777803&quot;:&quot;left&quot;,&quot;469777804&quot;:&quot;\uf0b7&quot;,&quot;469777815&quot;:&quot;hybridMultilevel&quot;}\" data-aria-posinset=\"0\" data-aria-level=\"1\"><i><span data-contrast=\"auto\">La jornada marc\u00f3 el regreso de la pianista titular de la Sinf\u00f3nica Nacional de M\u00e9xico<\/span><\/i><span data-ccp-props=\"{&quot;201341983&quot;:0,&quot;335559739&quot;:0,&quot;335559740&quot;:240}\">\u00a0<\/span><\/li>\n<\/ul>\n<div id=\"attachment_131705\" style=\"width: 732px\" class=\"wp-caption aligncenter\"><img aria-describedby=\"caption-attachment-131705\" decoding=\"async\" loading=\"lazy\" class=\"size-full wp-image-131705\" src=\"https:\/\/www.uv.mx\/prensa\/files\/2023\/06\/06-06-23-PACHECO-Resena-OSX-Bolio-Argentina-1.jpg\" alt=\"\" width=\"722\" height=\"479\" srcset=\"https:\/\/www.uv.mx\/prensa\/files\/2023\/06\/06-06-23-PACHECO-Resena-OSX-Bolio-Argentina-1.jpg 722w, https:\/\/www.uv.mx\/prensa\/files\/2023\/06\/06-06-23-PACHECO-Resena-OSX-Bolio-Argentina-1-300x199.jpg 300w\" sizes=\"(max-width: 722px) 100vw, 722px\" \/><p id=\"caption-attachment-131705\" class=\"wp-caption-text\">La OSX con Dur\u00e1n y Bolio, en el escenario de Tlaqn\u00e1<\/p><\/div>\n<p><b><i><span data-contrast=\"auto\">Jorge V\u00e1zquez Pacheco<\/span><\/i><\/b><span data-ccp-props=\"{&quot;201341983&quot;:0,&quot;335559739&quot;:0,&quot;335559740&quot;:240}\">\u00a0<\/span><\/p>\n<p><b><i><span data-contrast=\"auto\">Fotos: Jorge V\u00e1zquez Pacheco y Facebook OSX<\/span><\/i><\/b><span data-ccp-props=\"{&quot;201341983&quot;:0,&quot;335559739&quot;:0,&quot;335559740&quot;:240}\">\u00a0<\/span><\/p>\n<p><b><i><span data-contrast=\"auto\">06\/06\/2023; Xalapa, Ver.-<\/span><\/i><\/b><span data-contrast=\"auto\"> La presencia de dos mujeres identificadas con el quehacer musical veracruzano result\u00f3 en ingrediente b\u00e1sico para una satisfactoria jornada de arte sonoro por parte de la <a href=\"https:\/\/www.orquestasinfonicadexalapa.com\/\" target=\"_blank\" rel=\"noopener\">Orquesta Sinf\u00f3nica de Xalapa<\/a> (OSX), la noche del viernes 2 de junio en la sala principal de Tlaqn\u00e1, Centro Cultural.<\/span><span data-ccp-props=\"{&quot;201341983&quot;:0,&quot;335559739&quot;:0,&quot;335559740&quot;:240}\">\u00a0<\/span><\/p>\n<p><span data-contrast=\"auto\">Consuelo Bolio encabez\u00f3 un programa integrado por el poema sinf\u00f3nico <\/span><i><span data-contrast=\"auto\">Kauyumari<\/span><\/i><span data-contrast=\"auto\"> de Gabriela Ortiz, el <\/span><i><span data-contrast=\"auto\">Concierto en sol menor para piano<\/span><\/i><span data-contrast=\"auto\"> de F\u00e9lix Mendelssohn y la <\/span><i><span data-contrast=\"auto\">Serenata en<\/span><\/i> <i><span data-contrast=\"auto\">re mayor<\/span><\/i><span data-contrast=\"auto\"> de Ethel Smyth, ante una buena asistencia, lo que conlleva la t\u00e1cita aceptaci\u00f3n a la labor femenina al frente del organismo sinf\u00f3nico, al tiempo que refrenda el compromiso de la Universidad Veracruzana (UV) ante la igualdad de g\u00e9nero.<\/span><span data-ccp-props=\"{&quot;201341983&quot;:0,&quot;335559731&quot;:708,&quot;335559739&quot;:0,&quot;335559740&quot;:240}\">\u00a0<\/span><\/p>\n<p><span data-contrast=\"auto\">Bolio, recientemente reconocida con la Medalla al M\u00e9rito UV en la categor\u00eda Estatal, tuvo el compromiso de ejemplificar ante el p\u00fablico todo lo positivo que se ha redactado en torno de su desempe\u00f1o sobre el podio, mediante un programa de factura atractiva y sin demasiadas complicaciones para todos los involucrados.<\/span><\/p>\n<div id=\"attachment_131706\" style=\"width: 732px\" class=\"wp-caption aligncenter\"><img aria-describedby=\"caption-attachment-131706\" decoding=\"async\" loading=\"lazy\" class=\"size-full wp-image-131706\" src=\"https:\/\/www.uv.mx\/prensa\/files\/2023\/06\/06-06-23-PACHECO-Resena-OSX-Bolio-Argentina-2.jpg\" alt=\"\" width=\"722\" height=\"481\" srcset=\"https:\/\/www.uv.mx\/prensa\/files\/2023\/06\/06-06-23-PACHECO-Resena-OSX-Bolio-Argentina-2.jpg 722w, https:\/\/www.uv.mx\/prensa\/files\/2023\/06\/06-06-23-PACHECO-Resena-OSX-Bolio-Argentina-2-300x200.jpg 300w\" sizes=\"(max-width: 722px) 100vw, 722px\" \/><p id=\"caption-attachment-131706\" class=\"wp-caption-text\">La pianista xalape\u00f1a Argentina Dur\u00e1n<\/p><\/div>\n<p><span data-contrast=\"auto\">As\u00ed, procedi\u00f3 al repaso para la partitura de Ortiz, una pieza que presenta su tema elemental, oscuro y misterioso, con un solo de trompeta fuera del escenario, al que sigue un desarrollo en perpetuo <\/span><i><span data-contrast=\"auto\">crescendo<\/span><\/i><span data-contrast=\"auto\"> que le conduce a la apote\u00f3sica culminaci\u00f3n.<\/span><span data-ccp-props=\"{&quot;201341983&quot;:0,&quot;335559731&quot;:708,&quot;335559739&quot;:0,&quot;335559740&quot;:240}\">\u00a0<\/span><\/p>\n<p><span data-contrast=\"auto\">Posteriormente se dio la actuaci\u00f3n de Argentina Dur\u00e1n, joven pianista originaria de esta ciudad cuyos importantes avances le condujeron a alcanzar una posici\u00f3n que previamente ha sido ocupada por personas insignes como Alicia Urreta. Hoy, la xalape\u00f1a es pianista titular de la Orquesta Sinf\u00f3nica Nacional de M\u00e9xico.<\/span><span data-ccp-props=\"{&quot;201341983&quot;:0,&quot;335559731&quot;:708,&quot;335559739&quot;:0,&quot;335559740&quot;:240}\">\u00a0<\/span><\/p>\n<p><span data-contrast=\"auto\">El desempe\u00f1o de Dur\u00e1n sobre la obra de Mendelssohn fue certero, resuelto con una ajustada idea en torno de la naturaleza de una partitura en que el autor no alcanza los supremos vuelos de sus sinfon\u00edas, oberturas o el generoso <\/span><i><span data-contrast=\"auto\">Concierto para viol\u00edn<\/span><\/i><span data-contrast=\"auto\">, pero con los detalles de grandeza \u2013particularmente su riqueza mel\u00f3dica\u2013 que le ubican entre lo mejor de la producci\u00f3n del maestro alem\u00e1n.<\/span><span data-ccp-props=\"{&quot;201341983&quot;:0,&quot;335559731&quot;:708,&quot;335559739&quot;:0,&quot;335559740&quot;:240}\">\u00a0<\/span><\/p>\n<div id=\"attachment_131707\" style=\"width: 732px\" class=\"wp-caption aligncenter\"><img aria-describedby=\"caption-attachment-131707\" decoding=\"async\" loading=\"lazy\" class=\"size-full wp-image-131707\" src=\"https:\/\/www.uv.mx\/prensa\/files\/2023\/06\/06-06-23-PACHECO-Resena-OSX-Bolio-Argentina-3.jpg\" alt=\"\" width=\"722\" height=\"482\" srcset=\"https:\/\/www.uv.mx\/prensa\/files\/2023\/06\/06-06-23-PACHECO-Resena-OSX-Bolio-Argentina-3.jpg 722w, https:\/\/www.uv.mx\/prensa\/files\/2023\/06\/06-06-23-PACHECO-Resena-OSX-Bolio-Argentina-3-300x200.jpg 300w\" sizes=\"(max-width: 722px) 100vw, 722px\" \/><p id=\"caption-attachment-131707\" class=\"wp-caption-text\">Consuelo Bolio, en pleno desempe\u00f1o como directora invitada<\/p><\/div>\n<p><span data-contrast=\"auto\">En tanto, en la <\/span><i><span data-contrast=\"auto\">Serenata en re mayor<\/span><\/i><span data-contrast=\"auto\"> de Ethel Smyth es posible percibir su evidente estilo romanticista, la influencia procedente de Johannes Brahms, aunque forjada en un modelo distintivo que le concede su propio sello de original identidad.<\/span><span data-ccp-props=\"{&quot;201341983&quot;:0,&quot;335559731&quot;:708,&quot;335559739&quot;:0,&quot;335559740&quot;:240}\">\u00a0<\/span><\/p>\n<p><span data-contrast=\"auto\">Cada una de las piezas presentadas funciona como invitaci\u00f3n al an\u00e1lisis del periplo vital y creativo propio de cada creador. De la mexicana Ortiz \u2013cuya obra ha sido llevada a los m\u00e1s importantes centros musicales del orbe\u2013, su elogiable tendencia a transitar sobre el folclor para conducirlo al contexto sinf\u00f3nico; del alem\u00e1n Mendelssohn, la precocidad de un talento que desde ni\u00f1o parec\u00eda capaz de abarcarlo todo. Y de la londinense nacida en 1858, la poderosa y beligerante personalidad que le hizo transgredir todas las normas de conducta impuestas por la r\u00edgida sociedad decimon\u00f3nica europea.<\/span><span data-ccp-props=\"{&quot;201341983&quot;:0,&quot;335559731&quot;:708,&quot;335559739&quot;:0,&quot;335559740&quot;:240}\">\u00a0<\/span><\/p>\n<p><span data-contrast=\"auto\">En cuanto a directora y solista, es menester el reconocimiento a un desempe\u00f1o que habr\u00e1 de consolidar a Bolio como la m\u00e1s s\u00f3lida promesa femenina xalape\u00f1a en los terrenos la direcci\u00f3n orquestal. De Argentina no existe duda en el sentido de que buscar\u00e1 una mayor trascendencia como solista, seguramente en el contexto internacional.\u00a0<\/span><span data-ccp-props=\"{&quot;201341983&quot;:0,&quot;335559731&quot;:708,&quot;335559739&quot;:0,&quot;335559740&quot;:240}\">\u00a0<\/span><\/p>\n<div id=\"attachment_131708\" style=\"width: 732px\" class=\"wp-caption aligncenter\"><img aria-describedby=\"caption-attachment-131708\" decoding=\"async\" loading=\"lazy\" class=\"size-full wp-image-131708\" src=\"https:\/\/www.uv.mx\/prensa\/files\/2023\/06\/06-06-23-PACHECO-Resena-OSX-Bolio-Argentina-4.jpg\" alt=\"\" width=\"722\" height=\"618\" srcset=\"https:\/\/www.uv.mx\/prensa\/files\/2023\/06\/06-06-23-PACHECO-Resena-OSX-Bolio-Argentina-4.jpg 722w, https:\/\/www.uv.mx\/prensa\/files\/2023\/06\/06-06-23-PACHECO-Resena-OSX-Bolio-Argentina-4-300x257.jpg 300w\" sizes=\"(max-width: 722px) 100vw, 722px\" \/><p id=\"caption-attachment-131708\" class=\"wp-caption-text\">Solista y directora, al final de la jornada<\/p><\/div>\n","protected":false},"excerpt":{"rendered":"<p>El compromiso de la UV ante la igualdad de g\u00e9nero se confirma con la programaci\u00f3n de la OSX encabezada por dos mujeres artistas, representes del quehacer art\u00edstico veracruzano<\/p>\n","protected":false},"author":1810,"featured_media":131745,"comment_status":"closed","ping_status":"closed","sticky":false,"template":"","format":"standard","meta":[],"categories":[11,47,1,61],"tags":[12207,681,12066,12206,4158,260,232,12208,96],"_links":{"self":[{"href":"https:\/\/www.uv.mx\/prensa\/wp-json\/wp\/v2\/posts\/131702"}],"collection":[{"href":"https:\/\/www.uv.mx\/prensa\/wp-json\/wp\/v2\/posts"}],"about":[{"href":"https:\/\/www.uv.mx\/prensa\/wp-json\/wp\/v2\/types\/post"}],"author":[{"embeddable":true,"href":"https:\/\/www.uv.mx\/prensa\/wp-json\/wp\/v2\/users\/1810"}],"replies":[{"embeddable":true,"href":"https:\/\/www.uv.mx\/prensa\/wp-json\/wp\/v2\/comments?post=131702"}],"version-history":[{"count":1,"href":"https:\/\/www.uv.mx\/prensa\/wp-json\/wp\/v2\/posts\/131702\/revisions"}],"predecessor-version":[{"id":131798,"href":"https:\/\/www.uv.mx\/prensa\/wp-json\/wp\/v2\/posts\/131702\/revisions\/131798"}],"wp:featuredmedia":[{"embeddable":true,"href":"https:\/\/www.uv.mx\/prensa\/wp-json\/wp\/v2\/media\/131745"}],"wp:attachment":[{"href":"https:\/\/www.uv.mx\/prensa\/wp-json\/wp\/v2\/media?parent=131702"}],"wp:term":[{"taxonomy":"category","embeddable":true,"href":"https:\/\/www.uv.mx\/prensa\/wp-json\/wp\/v2\/categories?post=131702"},{"taxonomy":"post_tag","embeddable":true,"href":"https:\/\/www.uv.mx\/prensa\/wp-json\/wp\/v2\/tags?post=131702"}],"curies":[{"name":"wp","href":"https:\/\/api.w.org\/{rel}","templated":true}]}}