{"id":131965,"date":"2023-06-12T16:06:05","date_gmt":"2023-06-12T21:06:05","guid":{"rendered":"https:\/\/www.uv.mx\/prensa\/?p=131965"},"modified":"2023-06-13T13:04:31","modified_gmt":"2023-06-13T18:04:31","slug":"el-trabajo-infantil-problema-que-la-sociedad-se-niega-a-visibilizar","status":"publish","type":"post","link":"https:\/\/www.uv.mx\/prensa\/general\/el-trabajo-infantil-problema-que-la-sociedad-se-niega-a-visibilizar\/","title":{"rendered":"El trabajo infantil, problema que la sociedad se niega a visibilizar"},"content":{"rendered":"<ul class=\"ul1\">\n<li class=\"li1\"><span class=\"s2\"><i>Pareciera que en nuestro pa\u00eds se viven varios mundos paralelos, consider\u00f3 la investigadora Ana Gamboa de Trejo<\/i><\/span><\/li>\n<li class=\"li1\"><span class=\"s2\"><i>Se estima que en M\u00e9xico 3.2 millones de ni\u00f1as, ni\u00f1os y adolescentes han realizado alg\u00fan trabajo<\/i><\/span><\/li>\n<\/ul>\n<p>&nbsp;<\/p>\n<div id=\"attachment_131969\" style=\"width: 732px\" class=\"wp-caption aligncenter\"><img aria-describedby=\"caption-attachment-131969\" decoding=\"async\" loading=\"lazy\" class=\"size-full wp-image-131969\" src=\"https:\/\/www.uv.mx\/prensa\/files\/2023\/06\/09062023-Entrevista-Ana-Gamboa-1-100k.jpg\" alt=\" Ana Gamboa de Trejo plantea la necesidad de que se instrumenten pol\u00edticas que protejan a ni\u00f1os forzados a trabajar\" width=\"722\" height=\"482\" srcset=\"https:\/\/www.uv.mx\/prensa\/files\/2023\/06\/09062023-Entrevista-Ana-Gamboa-1-100k.jpg 722w, https:\/\/www.uv.mx\/prensa\/files\/2023\/06\/09062023-Entrevista-Ana-Gamboa-1-100k-300x200.jpg 300w\" sizes=\"(max-width: 722px) 100vw, 722px\" \/><p id=\"caption-attachment-131969\" class=\"wp-caption-text\">Ana Gamboa de Trejo plantea la necesidad de que se instrumenten pol\u00edticas que protejan a ni\u00f1os forzados a trabajar<\/p><\/div>\n<p>&nbsp;<\/p>\n<p class=\"p1\"><span class=\"s1\"><b><i>Jos\u00e9 Luis Couttolenc Soto<\/i><\/b><\/span><\/p>\n<p class=\"p1\"><span class=\"s1\"><b><i>Fotos: C\u00e9sar Pisil Ramos <\/i><\/b><\/span><\/p>\n<p class=\"p1\"><span class=\"s1\"><b><i>12\/06\/2023, Xalapa, Ver.- <\/i><\/b>El trabajo forzoso u obligatorio de ni\u00f1as, ni\u00f1os y adolescentes constituye una de las graves expresiones de violencia y discriminaci\u00f3n al que son sometidos alrededor de 160 millones en el mundo, impidi\u00e9ndoles ejercer a plenitud sus derechos; sin embargo, es este un problema que la sociedad se niega a visibilizar.<\/span><\/p>\n<p class=\"p1\"><span class=\"s1\"> Para abordar esta situaci\u00f3n, la Organizaci\u00f3n Internacional del Trabajo (OIT) instituy\u00f3 el 12 de junio como el D\u00eda Mundial contra el Trabajo Infantil, con la finalidad de generar conciencia sobre la magnitud del fen\u00f3meno y hacer un llamado a sumar esfuerzos para erradicarlo.<\/span><\/p>\n<p class=\"p1\"><span class=\"s1\"> Al respecto, Ana Gamboa de Trejo, investigadora y coordinadora del <a href=\"https:\/\/www.uv.mx\/cedegs\/\" target=\"_blank\" rel=\"noopener\">Centro de Estudios sobre Derecho, Globalizaci\u00f3n y Seguridad<\/a> (<i>Cedegs<\/i>) de la Universidad Veracruzana (UV), ha realizado diversos estudios de los que se desprende su colaboraci\u00f3n en el libro <i>Grupos vulnerables: Los trabajadores<\/i>, en el que aporta el cap\u00edtulo \u201cTrabajo infantil: trabajo forzado\u201d.<\/span><\/p>\n<p class=\"p1\"><span class=\"s1\"> Plantea que pareciera que en M\u00e9xico se viven dos mundos paralelos: en uno, la poblaci\u00f3n infantil tiene personas que les cuidan, acompa\u00f1an y procuran tanto su bienestar como su felicidad; en otro, los peque\u00f1os son obligados a levantarse al alba para cumplir con alguna tarea o trabajar como cualquier adulto, a fin de obtener algunos pesos, ya sea llevando mercanc\u00eda, labrando la tierra, cortando ca\u00f1a, pescando o empacando v\u00edveres en alg\u00fan supermercado.<\/span><\/p>\n<p class=\"p1\"><span class=\"s1\"> Este panorama, dijo la investigadora, lleva a cuestionar si la ni\u00f1a o el ni\u00f1o es capaz de preguntarse por qu\u00e9 le toc\u00f3 ser parte de la estad\u00edstica de los que tienen que trabajar.<\/span><\/p>\n<div id=\"attachment_131970\" style=\"width: 732px\" class=\"wp-caption aligncenter\"><img aria-describedby=\"caption-attachment-131970\" decoding=\"async\" loading=\"lazy\" class=\"size-full wp-image-131970\" src=\"https:\/\/www.uv.mx\/prensa\/files\/2023\/06\/09062023-Entrevista-Ana-Gamboa-2-100k.jpg\" alt=\"En M\u00e9xico 3.2 millones de ni\u00f1as, ni\u00f1os y adolescentes entre cinco y 17 a\u00f1os de edad han realizado alg\u00fan trabajo\" width=\"722\" height=\"507\" srcset=\"https:\/\/www.uv.mx\/prensa\/files\/2023\/06\/09062023-Entrevista-Ana-Gamboa-2-100k.jpg 722w, https:\/\/www.uv.mx\/prensa\/files\/2023\/06\/09062023-Entrevista-Ana-Gamboa-2-100k-300x211.jpg 300w\" sizes=\"(max-width: 722px) 100vw, 722px\" \/><p id=\"caption-attachment-131970\" class=\"wp-caption-text\">En M\u00e9xico 3.2 millones de ni\u00f1as, ni\u00f1os y adolescentes entre cinco y 17 a\u00f1os de edad han realizado alg\u00fan trabajo<\/p><\/div>\n<p>&nbsp;<\/p>\n<p class=\"p1\"><span class=\"s1\">Quiz\u00e1 entre las respuestas est\u00e9 que el trabajo infantil es causado por la pobreza y la exclusi\u00f3n, o por ser hijos de familias numerosas y de escasos recursos econ\u00f3micos, lo cual los priva de llevar una vida digna y recibir educaci\u00f3n que les permita acceder a oportunidades de trabajo cuando sean adultos.<\/span><\/p>\n<p class=\"p1\"><span class=\"s1\"> La Coordinadora del <i>Cedegs<\/i> record\u00f3 que en 2014 en M\u00e9xico se reform\u00f3 la Constituci\u00f3n Pol\u00edtica para elevar en un a\u00f1o la edad m\u00ednima para trabajar, pasando de 14 a 15 a\u00f1os; sin embargo, el M\u00f3dulo de Trabajo Infantil 2017 del Instituto Nacional de Estad\u00edstica y Geograf\u00eda (<i>Inegi<\/i>) se\u00f1ala que a nivel nacional 3.2 millones de ni\u00f1as, ni\u00f1os y adolescentes de 5 a 17 a\u00f1os de edad, realizaron trabajo infantil.<\/span><\/p>\n<p class=\"p1\"><span class=\"s1\"> Gamboa de Trejo opin\u00f3 que este problema permanece y crece, por lo que es necesario que se instrumenten pol\u00edticas gubernamentales dirigidas espec\u00edficamente a este sector, que se vaya en b\u00fasqueda de los ni\u00f1os trabajadores, se les ubique en d\u00f3nde se encuentran cuando salen de su casa, y esta acci\u00f3n no sea s\u00f3lo en zonas urbanas, sino que se extienda a las comunidades, que es en donde m\u00e1s se necesita de una pol\u00edtica de protecci\u00f3n a los menores para que no queden en el olvido.<\/span><\/p>\n","protected":false},"excerpt":{"rendered":"<p>Es necesario implementar pol\u00edticas que abatan el trabajo infantil forzado e ilegal, que adem\u00e1s pone en riesgo la vida de los peque\u00f1os<\/p>\n","protected":false},"author":1775,"featured_media":131971,"comment_status":"closed","ping_status":"closed","sticky":false,"template":"","format":"standard","meta":[],"categories":[6301,47,1,61],"tags":[12314,12317,1701,1700,6263,9356,611,12316,2835,9995,445,4162,586,1992,1561,12318,12315,9168,12319,7796,12313,5134],"_links":{"self":[{"href":"https:\/\/www.uv.mx\/prensa\/wp-json\/wp\/v2\/posts\/131965"}],"collection":[{"href":"https:\/\/www.uv.mx\/prensa\/wp-json\/wp\/v2\/posts"}],"about":[{"href":"https:\/\/www.uv.mx\/prensa\/wp-json\/wp\/v2\/types\/post"}],"author":[{"embeddable":true,"href":"https:\/\/www.uv.mx\/prensa\/wp-json\/wp\/v2\/users\/1775"}],"replies":[{"embeddable":true,"href":"https:\/\/www.uv.mx\/prensa\/wp-json\/wp\/v2\/comments?post=131965"}],"version-history":[{"count":1,"href":"https:\/\/www.uv.mx\/prensa\/wp-json\/wp\/v2\/posts\/131965\/revisions"}],"predecessor-version":[{"id":132040,"href":"https:\/\/www.uv.mx\/prensa\/wp-json\/wp\/v2\/posts\/131965\/revisions\/132040"}],"wp:featuredmedia":[{"embeddable":true,"href":"https:\/\/www.uv.mx\/prensa\/wp-json\/wp\/v2\/media\/131971"}],"wp:attachment":[{"href":"https:\/\/www.uv.mx\/prensa\/wp-json\/wp\/v2\/media?parent=131965"}],"wp:term":[{"taxonomy":"category","embeddable":true,"href":"https:\/\/www.uv.mx\/prensa\/wp-json\/wp\/v2\/categories?post=131965"},{"taxonomy":"post_tag","embeddable":true,"href":"https:\/\/www.uv.mx\/prensa\/wp-json\/wp\/v2\/tags?post=131965"}],"curies":[{"name":"wp","href":"https:\/\/api.w.org\/{rel}","templated":true}]}}