{"id":132071,"date":"2023-06-14T18:10:10","date_gmt":"2023-06-14T23:10:10","guid":{"rendered":"https:\/\/www.uv.mx\/prensa\/?p=132071"},"modified":"2023-06-16T13:19:39","modified_gmt":"2023-06-16T18:19:39","slug":"investigadores-desarrollan-proyecto-para-atender-secuelas-de-diabetes","status":"publish","type":"post","link":"https:\/\/www.uv.mx\/prensa\/general\/investigadores-desarrollan-proyecto-para-atender-secuelas-de-diabetes\/","title":{"rendered":"Investigadores desarrollan proyecto para atender secuelas de diabetes"},"content":{"rendered":"<ul>\n<li data-leveltext=\"\uf0b7\" data-font=\"Symbol\" data-listid=\"2\" data-list-defn-props=\"{&quot;335552541&quot;:1,&quot;335559684&quot;:-2,&quot;335559685&quot;:720,&quot;335559991&quot;:360,&quot;469769226&quot;:&quot;Symbol&quot;,&quot;469769242&quot;:[8226],&quot;469777803&quot;:&quot;left&quot;,&quot;469777804&quot;:&quot;\uf0b7&quot;,&quot;469777815&quot;:&quot;hybridMultilevel&quot;}\" data-aria-posinset=\"1\" data-aria-level=\"1\"><i><span data-contrast=\"auto\">Est\u00e1 relacionado con nanoemulsiones a base de plantas medicinales que han sido observadas y estudiadas por potencial farmacol\u00f3gico en diabetes, inflamaci\u00f3n y cicatrizaci\u00f3n<\/span><\/i><span data-ccp-props=\"{}\">\u00a0<\/span><\/li>\n<li data-leveltext=\"\uf0b7\" data-font=\"Symbol\" data-listid=\"2\" data-list-defn-props=\"{&quot;335552541&quot;:1,&quot;335559684&quot;:-2,&quot;335559685&quot;:720,&quot;335559991&quot;:360,&quot;469769226&quot;:&quot;Symbol&quot;,&quot;469769242&quot;:[8226],&quot;469777803&quot;:&quot;left&quot;,&quot;469777804&quot;:&quot;\uf0b7&quot;,&quot;469777815&quot;:&quot;hybridMultilevel&quot;}\" data-aria-posinset=\"2\" data-aria-level=\"1\"><i><span data-contrast=\"auto\">El trabajo colaborativo fue el \u00fanico de la UV aceptado en la Convocatoria de Proyectos de Investigaci\u00f3n Cient\u00edfica y de Desarrollo Tecnol\u00f3gico, emitida por el <\/span><\/i><span data-contrast=\"auto\">Coveicydet<\/span><span data-ccp-props=\"{}\">\u00a0<\/span><\/li>\n<\/ul>\n<p><span data-ccp-props=\"{}\">\u00a0<\/span><\/p>\n<div id=\"attachment_132072\" style=\"width: 732px\" class=\"wp-caption aligncenter\"><img aria-describedby=\"caption-attachment-132072\" decoding=\"async\" loading=\"lazy\" class=\"size-full wp-image-132072\" src=\"https:\/\/www.uv.mx\/prensa\/files\/2023\/06\/140623-PAOLA-Proyecto-QFB-1.jpg\" alt=\"\" width=\"722\" height=\"427\" srcset=\"https:\/\/www.uv.mx\/prensa\/files\/2023\/06\/140623-PAOLA-Proyecto-QFB-1.jpg 722w, https:\/\/www.uv.mx\/prensa\/files\/2023\/06\/140623-PAOLA-Proyecto-QFB-1-300x177.jpg 300w\" sizes=\"(max-width: 722px) 100vw, 722px\" \/><p id=\"caption-attachment-132072\" class=\"wp-caption-text\">Investigadores de las Facultades de QFB y Bioan\u00e1lisis, y del <em>Microna<\/em> desarrollan el proyecto<\/p><\/div>\n<p><span data-ccp-props=\"{}\">\u00a0<\/span><\/p>\n<p><b><i><span data-contrast=\"auto\">Paola Cort\u00e9s P\u00e9rez<\/span><\/i><\/b><span data-ccp-props=\"{}\">\u00a0<\/span><\/p>\n<p><b><i><span data-contrast=\"auto\">Fotos: Omar Portilla y cortes\u00eda investigadores<\/span><\/i><\/b><span data-ccp-props=\"{}\">\u00a0<\/span><\/p>\n<p><b><i><span data-contrast=\"auto\">14\/06\/2023, Xalapa, Ver.-<\/span><\/i><\/b><span data-contrast=\"auto\"> Especialistas de la <a href=\"https:\/\/www.uv.mx\/\" target=\"_blank\" rel=\"noopener\">Universidad Veracruzana<\/a> (UV) desarrollan investigaci\u00f3n relacionada con nanotecnolog\u00eda y plantas medicinales con potencial farmacol\u00f3gico en diabetes, inflamaci\u00f3n y cicatrizaci\u00f3n, la cual tendr\u00eda un impacto social a nivel internacional.<\/span><span data-ccp-props=\"{}\">\u00a0<\/span><\/p>\n<p><span data-contrast=\"auto\">De acuerdo con la Encuesta Nacional de Salud y Nutrici\u00f3n (<\/span><i><span data-contrast=\"auto\">Ensanut<\/span><\/i><span data-contrast=\"auto\">) 2021, en M\u00e9xico 12 millones 400 mil personas padecen diabetes, enfermedad cr\u00f3nica que se manifiesta cuando el p\u00e1ncreas no produce insulina suficiente o el organismo no la utiliza eficazmente para regular el az\u00facar en la sangre.<\/span><span data-ccp-props=\"{&quot;335559731&quot;:708}\">\u00a0<\/span><\/p>\n<p><span data-contrast=\"auto\">La diabetes mellitus o diabetes tipo 2 es la m\u00e1s com\u00fan en personas mayores de 60 a\u00f1os y si no es controlada provoca la hiperglucemia, que es el aumento de az\u00facar en la sangre que con el tiempo da\u00f1a gravemente nervios y vasos sangu\u00edneos.<\/span><span data-ccp-props=\"{&quot;335559731&quot;:708}\">\u00a0<\/span><\/p>\n<p><span data-contrast=\"auto\">Entre las consecuencias de recibir atenci\u00f3n tard\u00eda est\u00e1n: p\u00e9rdida de la funci\u00f3n renal; problemas visuales; infarto al miocardio; eventos cardiovasculares mayores; neuropat\u00eda; amputaciones y dolor cr\u00f3nico en extremidades; situaciones que afectan la calidad de vida de los pacientes.<\/span><span data-ccp-props=\"{&quot;335559731&quot;:708}\">\u00a0<\/span><\/p>\n<p><span data-contrast=\"auto\">A nivel nacional, las entidades que presentaron una tasa de mortalidad alta relacionada con esta enfermedad son Puebla, Veracruz y Tlaxcala.<\/span><span data-ccp-props=\"{&quot;335559731&quot;:708}\">\u00a0<\/span><\/p>\n<p><span data-contrast=\"auto\">Dado el panorama nacional y estatal, es que acad\u00e9micos de la UV desarrollan la investigaci\u00f3n intitulada \u201cDesarrollo y evaluaci\u00f3n de sistemas nanoparticulados acoplados a aloxano y extractos de dos plantas medicinales con potencial farmacol\u00f3gico en investigaci\u00f3n de diabetes, inflamaci\u00f3n y cicatrizaci\u00f3n\u201d.<\/span><span data-ccp-props=\"{&quot;335559731&quot;:708}\">\u00a0<\/span><\/p>\n<p><span data-contrast=\"auto\">En el proyecto colaboran los profesores Gabriel Arturo Soto Ojeda y Mauro Antonio Villanueva Lendechy, docentes de la Facultad de Qu\u00edmica Farmac\u00e9utica Biol\u00f3gica (QFB); Ana Korina D\u00edaz Gonz\u00e1lez, profesora de la Facultad de Bioan\u00e1lisis, y Teresa Quiroz Hern\u00e1ndez, investigadora del Centro de Investigaci\u00f3n en Micro y Nanotecnolog\u00eda (<\/span><i><span data-contrast=\"auto\">Microna<\/span><\/i><span data-contrast=\"auto\">).<\/span><span data-ccp-props=\"{&quot;335559731&quot;:708}\">\u00a0<\/span><\/p>\n<p><span data-contrast=\"auto\">Gabriel Arturo Soto cont\u00f3 que el proyecto surgi\u00f3 del inter\u00e9s de evaluar plantas medicinales con potencial farmacol\u00f3gico a partir de la colaboraci\u00f3n que se dio entre los cuerpos acad\u00e9micos (CA) Medicina Diagnosticoterap\u00e9utica y Regenerativa, de la Facultad de QFB; Nanomateriales, del <\/span><i><span data-contrast=\"auto\">Microna<\/span><\/i><span data-contrast=\"auto\">, y Formaci\u00f3n de Recursos Humanos en Qu\u00edmica de la Salud, de la Facultad de Bioan\u00e1lisis.<\/span><span data-ccp-props=\"{&quot;335559731&quot;:708}\">\u00a0<\/span><\/p>\n<p><span data-contrast=\"auto\">\u201cLa intenci\u00f3n es aportar \u2013desde las diferentes \u00e1reas de cada uno de nosotros\u2013 a la investigaci\u00f3n de las plantas medicinales con efectos biol\u00f3gicos para la diabetes, la inflamaci\u00f3n y la cicatrizaci\u00f3n, con la incorporaci\u00f3n de tecnolog\u00eda farmac\u00e9utica y nanotecnolog\u00eda para el dise\u00f1o de otras alternativas terap\u00e9uticas.\u201d<\/span><span data-ccp-props=\"{&quot;335559731&quot;:708}\">\u00a0<\/span><\/p>\n<p><span data-contrast=\"auto\">Mencion\u00f3 que la pertinencia e impacto social se enfoca en atender una de las complicaciones de la diabetes, la cual ha aumentado en los \u00faltimos a\u00f1os: la amputaci\u00f3n de alguna extremidad, ya sea por heridas no atendidas y\/o la evoluci\u00f3n de las mismas, lo que no s\u00f3lo deriva en problemas de salud en la persona, sino a nivel econ\u00f3mico de la familia por sus complicaciones.<\/span><span data-ccp-props=\"{&quot;335559731&quot;:708}\">\u00a0<\/span><\/p>\n<p><span data-contrast=\"auto\">Resultado de estudios previos, mencion\u00f3 el profesor, han observado, trabajado y evaluado dos plantas medicinales: <\/span><i><span data-contrast=\"auto\">Verbesina persicifolia<\/span><\/i><span data-contrast=\"auto\"> \u2013mejor conocida como huich\u00edn\u2013 y <\/span><i><span data-contrast=\"auto\">Plectranthus S0p<\/span><\/i><span data-contrast=\"auto\"> \u2013denominada como insulina\u2013, por sus efectos hipoglucemiantes, cicatrizantes y antiinflamatorios.<\/span><span data-ccp-props=\"{&quot;335559731&quot;:708}\">\u00a0<\/span><\/p>\n<p><span data-contrast=\"auto\">\u201cCreemos que con el empleo de otros materiales se pueden desarrollar algunos sistemas tipo nanoemulsiones para ayudarnos justamente al establecimiento de alternativas terap\u00e9uticas que sirvan para la diabetes, la inflamaci\u00f3n y cicatrizaci\u00f3n.<\/span><span data-ccp-props=\"{&quot;335559731&quot;:708}\">\u00a0<\/span><\/p>\n<p><span data-contrast=\"auto\">\u201dEs necesario trabajar en generar otras alternativas para el tratamiento de esta enfermedad y sus complicaciones, pero tambi\u00e9n en modelos que nos permitan refinar la investigaci\u00f3n en esta \u00e1rea, como la inducci\u00f3n de diabetes.\u201d<\/span><span data-ccp-props=\"{&quot;335559731&quot;:708}\">\u00a0<\/span><\/p>\n<p><span data-contrast=\"auto\">El proyecto conjunta el dise\u00f1o y evaluaci\u00f3n de formulaciones para la estabilizaci\u00f3n del aloxano y el establecimiento de complejos acoplados a extractos de las plantas mencionadas, las cuales ser\u00e1n evaluadas en cicatrizaci\u00f3n, inflamaci\u00f3n y diabetes.<\/span><span data-ccp-props=\"{&quot;335559731&quot;:708}\">\u00a0<\/span><\/p>\n<p><span data-ccp-props=\"{}\">\u00a0<\/span><\/p>\n<div id=\"attachment_132073\" style=\"width: 367px\" class=\"wp-caption aligncenter\"><img aria-describedby=\"caption-attachment-132073\" decoding=\"async\" loading=\"lazy\" class=\"size-full wp-image-132073\" src=\"https:\/\/www.uv.mx\/prensa\/files\/2023\/06\/140623-PAOLA-Proyecto-QFB-2.jpg\" alt=\"\" width=\"357\" height=\"481\" srcset=\"https:\/\/www.uv.mx\/prensa\/files\/2023\/06\/140623-PAOLA-Proyecto-QFB-2.jpg 357w, https:\/\/www.uv.mx\/prensa\/files\/2023\/06\/140623-PAOLA-Proyecto-QFB-2-223x300.jpg 223w\" sizes=\"(max-width: 357px) 100vw, 357px\" \/><p id=\"caption-attachment-132073\" class=\"wp-caption-text\">En el proyecto tambi\u00e9n est\u00e1n involucrados estudiantes de nivel licenciatura<\/p><\/div>\n<p>&nbsp;<\/p>\n<p><b><span data-contrast=\"auto\">Nanotecnolog\u00eda aplicada a la salud<\/span><\/b><span data-ccp-props=\"{}\">\u00a0<\/span><\/p>\n<p><span data-contrast=\"auto\">Teresa Quiroz, investigadora del <\/span><i><span data-contrast=\"auto\">Microna<\/span><\/i><span data-contrast=\"auto\">, explic\u00f3 que el CA Nanomateriales espera aportar parte de la nanotecnolog\u00eda, espec\u00edficamente dise\u00f1ar los principios activos a trav\u00e9s de nanoemulsiones; a partir de micelas \u00e9stos se protegen de posibles oxidaciones y da\u00f1os ambientales, para que puedan ser dirigidos adecuadamente y liberados en el lugar espec\u00edfico.<\/span><span data-ccp-props=\"{}\">\u00a0<\/span><\/p>\n<p><span data-contrast=\"auto\">\u201cEs muy importante porque nos ayuda a reducir la cantidad de materiales que podemos aplicar. Actualmente sabemos que los medicamentos se aplican en dosis de miligramos y con esta tecnolog\u00eda queremos reducir las concentraciones a nanos por mililitro.\u201d<\/span><span data-ccp-props=\"{&quot;335559731&quot;:708}\">\u00a0<\/span><\/p>\n<p><span data-contrast=\"auto\">Mencion\u00f3 que a trav\u00e9s de pruebas biol\u00f3gicas ya se ha observado que si se reduce la concentraci\u00f3n del medicamento a nano, los resultados son m\u00e1s efectivos. El grupo de trabajo del proyecto ha dado la pauta para desarrollar nanoemulsiones y medicamentos en otras presentaciones farmacol\u00f3gicas, los cuales siempre ser\u00e1n respaldados con las pruebas biol\u00f3gicas necesarias para asegurar su confianza.<\/span><span data-ccp-props=\"{&quot;335559731&quot;:708}\">\u00a0<\/span><\/p>\n<p><span data-contrast=\"auto\">En tanto, Mauro Antonio Villanueva dijo que dicha herramienta tecnol\u00f3gica fue retomada al permitirles modificar los materiales a niveles nanom\u00e9tricos \u2013m\u00e1s peque\u00f1o que la punta de un cabello\u2013, lo que representa una ventaja para el \u00e1rea farmac\u00e9utica.<\/span><span data-ccp-props=\"{&quot;335559731&quot;:708}\">\u00a0<\/span><\/p>\n<p><span data-contrast=\"auto\">\u201cNuestra propuesta es darle una estabilidad a las mol\u00e9culas, protegerlas de algunos factores ambientales que favorecen su degradaci\u00f3n o su descomposici\u00f3n y as\u00ed favorecer su efecto terap\u00e9utico. Adem\u00e1s, est\u00e1 comprobado que la disminuci\u00f3n del tama\u00f1o de part\u00edcula favorece la absorci\u00f3n de las sustancias y con esto su efecto terap\u00e9utico.\u201d<\/span><span data-ccp-props=\"{&quot;335559731&quot;:708}\">\u00a0<\/span><\/p>\n<p><span data-ccp-props=\"{}\">\u00a0<\/span><\/p>\n<div id=\"attachment_132074\" style=\"width: 371px\" class=\"wp-caption aligncenter\"><img aria-describedby=\"caption-attachment-132074\" decoding=\"async\" loading=\"lazy\" class=\"size-full wp-image-132074\" src=\"https:\/\/www.uv.mx\/prensa\/files\/2023\/06\/140623-PAOLA-Proyecto-QFB-3.jpg\" alt=\"\" width=\"361\" height=\"481\" srcset=\"https:\/\/www.uv.mx\/prensa\/files\/2023\/06\/140623-PAOLA-Proyecto-QFB-3.jpg 361w, https:\/\/www.uv.mx\/prensa\/files\/2023\/06\/140623-PAOLA-Proyecto-QFB-3-225x300.jpg 225w\" sizes=\"(max-width: 361px) 100vw, 361px\" \/><p id=\"caption-attachment-132074\" class=\"wp-caption-text\">Una de las plantas estudiadas es la <em>Verbesina persicifolia<\/em>, mejor conocida como huich\u00edn<\/p><\/div>\n<p>&nbsp;<\/p>\n<p><b><span data-contrast=\"auto\">Interdisciplina, fundamental para la investigaci\u00f3n<\/span><\/b><span data-ccp-props=\"{}\">\u00a0<\/span><\/p>\n<p><span data-contrast=\"auto\">Los universitarios involucrados en el proyecto coincidieron al comentar que la inter y multidisciplina es fundamental en el desarrollo de investigaci\u00f3n con impacto social.<\/span><span data-ccp-props=\"{}\">\u00a0<\/span><\/p>\n<p><span data-contrast=\"auto\">\u201cIgual de relevante es para la docencia y la tutor\u00eda, ya que ayudan a fortalecer \u00e1reas relevantes de la formaci\u00f3n de recursos humanos, a trav\u00e9s de la vinculaci\u00f3n entre diferentes \u00e1reas acad\u00e9micas, facultades e institutos\u201d, expuso Gabriel Arturo Soto.<\/span><span data-ccp-props=\"{&quot;335559731&quot;:708}\">\u00a0<\/span><\/p>\n<p><span data-contrast=\"auto\">De tal manera, la importancia del proyecto no s\u00f3lo es a nivel tecnol\u00f3gico y farmacol\u00f3gico, tambi\u00e9n permite a los estudiantes participantes aprender nuevos conocimientos, actividades y experiencias, que aplicar\u00e1n en el campo laboral en que se inserten.<\/span><span data-ccp-props=\"{&quot;335559731&quot;:708}\">\u00a0<\/span><\/p>\n<p><span data-contrast=\"auto\">Mauro Villanueva dijo que en la actualidad hay investigadores de la Universidad Nacional Aut\u00f3noma de M\u00e9xico y del Instituto Polit\u00e9cnico Nacional interesados en colaborar en el desarrollo de dicho medicamento, esto \u201crepresentar\u00eda un crecimiento en su formaci\u00f3n y un desarrollo en esta \u00e1rea cient\u00edfica\u201d.<\/span><span data-ccp-props=\"{&quot;335559731&quot;:708}\">\u00a0<\/span><\/p>\n<p><span data-ccp-props=\"{}\">\u00a0<\/span><\/p>\n<div id=\"attachment_132075\" style=\"width: 227px\" class=\"wp-caption aligncenter\"><img aria-describedby=\"caption-attachment-132075\" decoding=\"async\" loading=\"lazy\" class=\"size-full wp-image-132075\" src=\"https:\/\/www.uv.mx\/prensa\/files\/2023\/06\/140623-PAOLA-Proyecto-QFB-4.jpg\" alt=\"\" width=\"217\" height=\"481\" srcset=\"https:\/\/www.uv.mx\/prensa\/files\/2023\/06\/140623-PAOLA-Proyecto-QFB-4.jpg 217w, https:\/\/www.uv.mx\/prensa\/files\/2023\/06\/140623-PAOLA-Proyecto-QFB-4-135x300.jpg 135w\" sizes=\"(max-width: 217px) 100vw, 217px\" \/><p id=\"caption-attachment-132075\" class=\"wp-caption-text\">La otra planta involucrada es <em>Plectranthus S0p<\/em>, denominada como insulina<\/p><\/div>\n<p>&nbsp;<\/p>\n<p><b><span data-contrast=\"auto\">Convocatoria <\/span><\/b><b><i><span data-contrast=\"auto\">Coveicydet<\/span><\/i><\/b><span data-ccp-props=\"{}\">\u00a0<\/span><\/p>\n<p><span data-contrast=\"auto\">El proyecto de investigaci\u00f3n fue el \u00fanico de esta casa de estudios aprobado en la Segunda Convocatoria de Proyectos de Investigaci\u00f3n Cient\u00edfica y de Desarrollo Tecnol\u00f3gico, emitida por el Consejo Veracruzano de Investigaci\u00f3n Cient\u00edfica y Desarrollo Tecnol\u00f3gico (<\/span><i><span data-contrast=\"auto\">Coveicydet<\/span><\/i><span data-contrast=\"auto\">).<\/span><span data-ccp-props=\"{}\">\u00a0<\/span><\/p>\n<p><span data-contrast=\"auto\">\u201cSe trata de un proyecto que involucra la ciencia e ingenier\u00eda de los materiales, espec\u00edficamente la nanotecnolog\u00eda, con un fin en materia de salud, ya que tiene un potencial farmacol\u00f3gico para la diabetes; es interdisciplinario al involucrar varias \u00e1reas del conocimiento y sus integrantes tienen diferentes formaciones profesionales. Entonces, es bastante ambicioso y sus repercusiones ser\u00e1n en muchos sentidos\u201d, indic\u00f3 Ana Korina D\u00edaz.<\/span><span data-ccp-props=\"{&quot;335559731&quot;:708}\">\u00a0<\/span><\/p>\n<p><span data-contrast=\"auto\">Soto Ojeda explic\u00f3 que se trata de una convocatoria que otorga recursos econ\u00f3micos \u2013500 mil pesos\u2013 para la generaci\u00f3n de conocimientos y productos, as\u00ed como para formar nuevas generaciones de investigadores.<\/span><span data-ccp-props=\"{&quot;335559731&quot;:708}\">\u00a0<\/span><\/p>\n<p><span data-contrast=\"auto\">El financiamiento obtenido ser\u00e1 destinado para la compra de<\/span> <span data-contrast=\"auto\">equipos menores; becas para estudiantes que ser\u00e1n parte del proyecto; la adquisici\u00f3n de algunos reactivos importantes y necesarios para el desarrollo de la investigaci\u00f3n, as\u00ed como para la asistencia a la presentaci\u00f3n y divulgaci\u00f3n de los resultados obtenidos.<\/span><span data-ccp-props=\"{&quot;335559731&quot;:708}\">\u00a0<\/span><\/p>\n<p><span data-contrast=\"auto\">Con respecto a la presentaci\u00f3n de las conclusiones, dijo que los lineamientos y pol\u00edticas establecidas en la convocatoria marcan que el reporte de los avances se har\u00e1 en cuatro etapas.<\/span><span data-ccp-props=\"{&quot;335559731&quot;:708}\">\u00a0<\/span><\/p>\n<p><span data-contrast=\"auto\">\u201cLa primera, corresponde a la b\u00fasqueda e integraci\u00f3n de la informaci\u00f3n de lo que actualmente realizan, en este caso de las emulsiones de aloxano, la colecta del material vegetal, la revisi\u00f3n e investigaci\u00f3n bibliogr\u00e1fica, que ser\u00e1 entregada el siguiente mes.<\/span><span data-ccp-props=\"{&quot;335559731&quot;:708}\">\u00a0<\/span><\/p>\n<p><span data-contrast=\"auto\">\u201dLa segunda, consistir\u00e1 en presentar el registro de dos protocolos y la obtenci\u00f3n del grado de licenciatura de los estudiantes involucrados en el proyecto.\u201d<\/span><span data-ccp-props=\"{&quot;335559731&quot;:708}\">\u00a0<\/span><\/p>\n<p><span data-contrast=\"auto\">Mientras que la tercera y cuarta etapa corresponden a la presentaci\u00f3n de los resultados en congresos estales y nacionales.<\/span><span data-ccp-props=\"{&quot;335559731&quot;:708}\">\u00a0<\/span><\/p>\n<p><span data-contrast=\"auto\">Es importante mencionar que el financiamiento es para un a\u00f1o y comenz\u00f3 a partir del 2 de junio.<\/span><span data-ccp-props=\"{&quot;335559731&quot;:708}\">\u00a0<\/span><\/p>\n<p><span data-contrast=\"auto\">\u201cEl proyecto es muestra de la importancia de trabajo en equipo de diferentes \u00e1reas acad\u00e9micas y no s\u00f3lo tendr\u00e1 un impacto social, tambi\u00e9n generar\u00e1 informaci\u00f3n y formaci\u00f3n de recursos humanos\u201d, enfatiz\u00f3 Gabriel Arturo Soto.<\/span><\/p>\n","protected":false},"excerpt":{"rendered":"<p>Acad\u00e9micos de las Facultades de QFB y Bio\u00e1nalisis, y del Microna, desarrollan nanoemulsiones de las plantas medicinales Verbesina persicifolia y Plectranthus S0p para atender los efectos hipoglucemiantes, cicatrizantes y antiinflamatorios<\/p>\n","protected":false},"author":1869,"featured_media":132076,"comment_status":"closed","ping_status":"closed","sticky":false,"template":"","format":"standard","meta":[],"categories":[45,1,61,51],"tags":[12122,2048,2049,4665,726,12257,12358,12357,5870,6462,4164,9313,12356,12355],"_links":{"self":[{"href":"https:\/\/www.uv.mx\/prensa\/wp-json\/wp\/v2\/posts\/132071"}],"collection":[{"href":"https:\/\/www.uv.mx\/prensa\/wp-json\/wp\/v2\/posts"}],"about":[{"href":"https:\/\/www.uv.mx\/prensa\/wp-json\/wp\/v2\/types\/post"}],"author":[{"embeddable":true,"href":"https:\/\/www.uv.mx\/prensa\/wp-json\/wp\/v2\/users\/1869"}],"replies":[{"embeddable":true,"href":"https:\/\/www.uv.mx\/prensa\/wp-json\/wp\/v2\/comments?post=132071"}],"version-history":[{"count":1,"href":"https:\/\/www.uv.mx\/prensa\/wp-json\/wp\/v2\/posts\/132071\/revisions"}],"predecessor-version":[{"id":132184,"href":"https:\/\/www.uv.mx\/prensa\/wp-json\/wp\/v2\/posts\/132071\/revisions\/132184"}],"wp:featuredmedia":[{"embeddable":true,"href":"https:\/\/www.uv.mx\/prensa\/wp-json\/wp\/v2\/media\/132076"}],"wp:attachment":[{"href":"https:\/\/www.uv.mx\/prensa\/wp-json\/wp\/v2\/media?parent=132071"}],"wp:term":[{"taxonomy":"category","embeddable":true,"href":"https:\/\/www.uv.mx\/prensa\/wp-json\/wp\/v2\/categories?post=132071"},{"taxonomy":"post_tag","embeddable":true,"href":"https:\/\/www.uv.mx\/prensa\/wp-json\/wp\/v2\/tags?post=132071"}],"curies":[{"name":"wp","href":"https:\/\/api.w.org\/{rel}","templated":true}]}}