{"id":132178,"date":"2023-06-16T14:34:51","date_gmt":"2023-06-16T19:34:51","guid":{"rendered":"https:\/\/www.uv.mx\/prensa\/?p=132178"},"modified":"2023-06-19T13:22:45","modified_gmt":"2023-06-19T18:22:45","slug":"orteuv-celebro-su-70-aniversario-con-exposicion-en-el-teatro-del-estado","status":"publish","type":"post","link":"https:\/\/www.uv.mx\/prensa\/general\/orteuv-celebro-su-70-aniversario-con-exposicion-en-el-teatro-del-estado\/","title":{"rendered":"<i>Orteuv<\/i> celebr\u00f3 su 70 aniversario con exposici\u00f3n en el Teatro del Estado"},"content":{"rendered":"<ul style=\"font-weight: 400\">\n<li data-leveltext=\"\uf0b7\" data-font=\"Symbol\" data-listid=\"1\" data-list-defn-props=\"{&quot;335552541&quot;:1,&quot;335559684&quot;:-2,&quot;335559685&quot;:720,&quot;335559991&quot;:360,&quot;469769226&quot;:&quot;Symbol&quot;,&quot;469769242&quot;:[8226],&quot;469777803&quot;:&quot;left&quot;,&quot;469777804&quot;:&quot;\uf0b7&quot;,&quot;469777815&quot;:&quot;hybridMultilevel&quot;}\" data-aria-posinset=\"1\" data-aria-level=\"1\"><i><span data-contrast=\"auto\">Es considerada la compa\u00f1\u00eda teatral m\u00e1s antigua del pa\u00eds y una de las m\u00e1s influyentes<\/span><\/i><span data-ccp-props=\"{}\">\u00a0<\/span><\/li>\n<li data-leveltext=\"\uf0b7\" data-font=\"Symbol\" data-listid=\"1\" data-list-defn-props=\"{&quot;335552541&quot;:1,&quot;335559684&quot;:-2,&quot;335559685&quot;:720,&quot;335559991&quot;:360,&quot;469769226&quot;:&quot;Symbol&quot;,&quot;469769242&quot;:[8226],&quot;469777803&quot;:&quot;left&quot;,&quot;469777804&quot;:&quot;\uf0b7&quot;,&quot;469777815&quot;:&quot;hybridMultilevel&quot;}\" data-aria-posinset=\"2\" data-aria-level=\"1\"><i><span data-contrast=\"auto\">Luis Mario Moncada dijo que decidieron exhibir las placas conmemorativas de puestas en escena, al ser muestra del paso de la historia teatral<\/span><\/i><span data-ccp-props=\"{}\">\u00a0<\/span><\/li>\n<\/ul>\n<p>&nbsp;<\/p>\n<div id=\"attachment_132165\" style=\"width: 732px\" class=\"wp-caption aligncenter\"><a href=\"https:\/\/www.uv.mx\/prensa\/files\/2023\/06\/160623-PAOLA-Exposicion-70-anos-de-Teatro-1.jpg\"><img aria-describedby=\"caption-attachment-132165\" decoding=\"async\" loading=\"lazy\" class=\"size-full wp-image-132165\" src=\"https:\/\/www.uv.mx\/prensa\/files\/2023\/06\/160623-PAOLA-Exposicion-70-anos-de-Teatro-1.jpg\" alt=\"\" width=\"722\" height=\"443\" srcset=\"https:\/\/www.uv.mx\/prensa\/files\/2023\/06\/160623-PAOLA-Exposicion-70-anos-de-Teatro-1.jpg 722w, https:\/\/www.uv.mx\/prensa\/files\/2023\/06\/160623-PAOLA-Exposicion-70-anos-de-Teatro-1-300x184.jpg 300w\" sizes=\"(max-width: 722px) 100vw, 722px\" \/><\/a><p id=\"caption-attachment-132165\" class=\"wp-caption-text\">Luis Mario Moncada y Elka Fediuk inauguraron la exposici\u00f3n sobre la historia de la <em>Orteuv<\/em><\/p><\/div>\n<p>&nbsp;<\/p>\n<p><b><i><span data-contrast=\"auto\">Paola Cort\u00e9s P\u00e9rez<\/span><\/i><\/b><span data-ccp-props=\"{}\">\u00a0<\/span><\/p>\n<p><b><i><span data-contrast=\"auto\">Fotos: Omar Portilla Palacios<\/span><\/i><\/b><span data-ccp-props=\"{}\">\u00a0<\/span><\/p>\n<p><b><i><span data-contrast=\"auto\">16\/06\/2023, Xalapa, Ver.-<\/span><\/i><\/b><span data-contrast=\"auto\"> La <a href=\"http:\/\/www.organizacionteatral.com.mx\/\" target=\"_blank\" rel=\"noopener\">Organizaci\u00f3n Teatral<\/a> de la Universidad Veracruzana (<\/span><i><span data-contrast=\"auto\">Orteuv<\/span><\/i><span data-contrast=\"auto\">) festej\u00f3 su 70 aniversario, lo que la convierte en la m\u00e1s antigua del pa\u00eds y una de las m\u00e1s influyentes al dar paso a la profesionalizaci\u00f3n de teatro fuera de la Ciudad de M\u00e9xico.<\/span><span data-ccp-props=\"{}\">\u00a0<\/span><\/p>\n<p><span data-contrast=\"auto\">En este marco se inaugur\u00f3 la exposici\u00f3n <\/span><i><span data-contrast=\"auto\">70 a\u00f1os de teatro<\/span><\/i><span data-contrast=\"auto\">, en el vest\u00edbulo del Teatro del Estado \u201cGral. Ignacio de la Llave\u201d, a cargo de Luis Mario Moncada Gil, director art\u00edstico de la <\/span><i><span data-contrast=\"auto\">Orteuv<\/span><\/i><span data-contrast=\"auto\">, y Elka Fediuk, actriz, docente e investigadora del Centro de Estudios, Creaci\u00f3n y Documentaci\u00f3n de las Artes (CECDA).<\/span><span data-ccp-props=\"{&quot;335559731&quot;:708}\">\u00a0<\/span><\/p>\n<p><span data-contrast=\"auto\">En ella se muestran las aportaciones m\u00e1s significativas de la Compa\u00f1\u00eda Titular de Teatro de la m\u00e1xima casa de estudio de Veracruz al movimiento art\u00edstico a lo largo de siete d\u00e9cadas, al tiempo que ofrece a los espectadores la oportunidad de revivir recuerdos y emociones al contemplar las placas de representaciones de algunas de las destacadas puestas en escena montadas por la agrupaci\u00f3n universitaria.<\/span><span data-ccp-props=\"{&quot;335559731&quot;:708}\">\u00a0<\/span><\/p>\n<p>&nbsp;<\/p>\n<div id=\"attachment_132166\" style=\"width: 732px\" class=\"wp-caption aligncenter\"><a href=\"https:\/\/www.uv.mx\/prensa\/files\/2023\/06\/160623-PAOLA-Exposicion-70-anos-de-Teatro-2.jpg\"><img aria-describedby=\"caption-attachment-132166\" decoding=\"async\" loading=\"lazy\" class=\"size-full wp-image-132166\" src=\"https:\/\/www.uv.mx\/prensa\/files\/2023\/06\/160623-PAOLA-Exposicion-70-anos-de-Teatro-2.jpg\" alt=\"\" width=\"722\" height=\"441\" srcset=\"https:\/\/www.uv.mx\/prensa\/files\/2023\/06\/160623-PAOLA-Exposicion-70-anos-de-Teatro-2.jpg 722w, https:\/\/www.uv.mx\/prensa\/files\/2023\/06\/160623-PAOLA-Exposicion-70-anos-de-Teatro-2-300x183.jpg 300w\" sizes=\"(max-width: 722px) 100vw, 722px\" \/><\/a><p id=\"caption-attachment-132166\" class=\"wp-caption-text\">La placa conmemorativa del 70 aniversario fue develada por Elka Fediuk y Francisco Beverido<\/p><\/div>\n<p>&nbsp;<\/p>\n<p><span data-contrast=\"auto\">\u201cPensamos en una exposici\u00f3n a partir de un elemento muy particular y significativo para el teatro: las placas conmemorativas cuando se cumple un n\u00famero determinado de funciones; se trata de una tradici\u00f3n mexicana que casi no se replica en otras partes del mundo y dan muestra del paso de la historia teatral\u201d, expres\u00f3 Luis Mario Moncada.<\/span><span data-ccp-props=\"{&quot;335559731&quot;:708}\">\u00a0<\/span><\/p>\n<p><span data-contrast=\"auto\">De igual manera, se exhiben videos que dan cuenta de la historia de <\/span><i><span data-contrast=\"auto\">Orteuv<\/span><\/i><span data-contrast=\"auto\"> a trav\u00e9s de fotograf\u00edas, as\u00ed como fragmentos de obras y de algunas producciones audiovisuales que han realizado en los \u00faltimos 10 a\u00f1os.<\/span><span data-ccp-props=\"{&quot;335559731&quot;:708}\">\u00a0<\/span><\/p>\n<p>&nbsp;<\/p>\n<div id=\"attachment_132167\" style=\"width: 732px\" class=\"wp-caption aligncenter\"><a href=\"https:\/\/www.uv.mx\/prensa\/files\/2023\/06\/160623-PAOLA-Exposicion-70-anos-de-Teatro-3.jpg\"><img aria-describedby=\"caption-attachment-132167\" decoding=\"async\" loading=\"lazy\" class=\"size-full wp-image-132167\" src=\"https:\/\/www.uv.mx\/prensa\/files\/2023\/06\/160623-PAOLA-Exposicion-70-anos-de-Teatro-3.jpg\" alt=\"\" width=\"722\" height=\"438\" srcset=\"https:\/\/www.uv.mx\/prensa\/files\/2023\/06\/160623-PAOLA-Exposicion-70-anos-de-Teatro-3.jpg 722w, https:\/\/www.uv.mx\/prensa\/files\/2023\/06\/160623-PAOLA-Exposicion-70-anos-de-Teatro-3-300x182.jpg 300w\" sizes=\"(max-width: 722px) 100vw, 722px\" \/><\/a><p id=\"caption-attachment-132167\" class=\"wp-caption-text\">La exposici\u00f3n est\u00e1 integrada por placas conmemorativas de puestas en escena<\/p><\/div>\n<p>&nbsp;<\/p>\n<p><span data-contrast=\"auto\">Elka Fediuk record\u00f3 que hubo a\u00f1os verdaderamente dif\u00edciles para el teatro y para las obras, hasta que lleg\u00f3 una organizaci\u00f3n universitaria con todos los derechos que se tienen hasta ahora, lo que permiti\u00f3 tener una solidez y con ello una historia larga de \u00e9xitos y tambi\u00e9n de dificultades.<\/span><span data-ccp-props=\"{&quot;335559731&quot;:708}\">\u00a0<\/span><\/p>\n<p><span data-contrast=\"auto\">\u201cSabemos que 70 a\u00f1os de una compa\u00f1\u00eda requerir\u00eda una gran sala, una galer\u00eda, para exhibir todos los vestigios que quedan de la historia teatral. Hacer el teatro como lo estamos haciendo hoy, con mucha ilusi\u00f3n de parte de los directivos, ha logrado mostrar un espect\u00e1culo que antes no era posible ver en este recinto.\u201d<\/span><span data-ccp-props=\"{&quot;335559731&quot;:708}\">\u00a0<\/span><\/p>\n<p>&nbsp;<\/p>\n<div id=\"attachment_132168\" style=\"width: 732px\" class=\"wp-caption aligncenter\"><a href=\"https:\/\/www.uv.mx\/prensa\/files\/2023\/06\/160623-PAOLA-Exposicion-70-anos-de-Teatro-4.jpg\"><img aria-describedby=\"caption-attachment-132168\" decoding=\"async\" loading=\"lazy\" class=\"size-full wp-image-132168\" src=\"https:\/\/www.uv.mx\/prensa\/files\/2023\/06\/160623-PAOLA-Exposicion-70-anos-de-Teatro-4.jpg\" alt=\"\" width=\"722\" height=\"644\" srcset=\"https:\/\/www.uv.mx\/prensa\/files\/2023\/06\/160623-PAOLA-Exposicion-70-anos-de-Teatro-4.jpg 722w, https:\/\/www.uv.mx\/prensa\/files\/2023\/06\/160623-PAOLA-Exposicion-70-anos-de-Teatro-4-300x268.jpg 300w\" sizes=\"(max-width: 722px) 100vw, 722px\" \/><\/a><p id=\"caption-attachment-132168\" class=\"wp-caption-text\">Tambi\u00e9n se muestran placas de la participaci\u00f3n de <em>Orteuv<\/em> en la Muestra Nacional de Teatro<\/p><\/div>\n<p>&nbsp;<\/p>\n<p><span data-contrast=\"auto\">La ceremonia concluy\u00f3 con la develaci\u00f3n de la placa conmemorativa del septuag\u00e9simo aniversario por parte de Elka Fediuk y Francisco Beverido Duhalt, creador esc\u00e9nico y actor, la cual hace referencia al que se ser\u00eda el primer estreno de la Compa\u00f1\u00eda Titular de Teatro, que se conoc\u00eda como el Taller de Nuevo Teatro: <\/span><i><span data-contrast=\"auto\">Moctezuma II<\/span><\/i><span data-contrast=\"auto\">, tragedia en tres actos con pr\u00f3logo de Sergio Maga\u00f1a y con la direcci\u00f3n de Dagoberto Guillaumin.<\/span><span data-ccp-props=\"{&quot;335559731&quot;:708}\">\u00a0<\/span><\/p>\n","protected":false},"excerpt":{"rendered":"<p>La muestra 70 a\u00f1os de teatro da cuenta de la historia de la agrupaci\u00f3n universitaria a trav\u00e9s de placas conmemorativas, fotograf\u00edas, as\u00ed como fragmentos de obras y de algunas producciones audiovisuales <\/p>\n","protected":false},"author":1809,"featured_media":132170,"comment_status":"closed","ping_status":"closed","sticky":false,"template":"","format":"standard","meta":[],"categories":[11,47,1,61],"tags":[2330,10003,12386,11816,180,4164,12388,5393,12389,12387],"_links":{"self":[{"href":"https:\/\/www.uv.mx\/prensa\/wp-json\/wp\/v2\/posts\/132178"}],"collection":[{"href":"https:\/\/www.uv.mx\/prensa\/wp-json\/wp\/v2\/posts"}],"about":[{"href":"https:\/\/www.uv.mx\/prensa\/wp-json\/wp\/v2\/types\/post"}],"author":[{"embeddable":true,"href":"https:\/\/www.uv.mx\/prensa\/wp-json\/wp\/v2\/users\/1809"}],"replies":[{"embeddable":true,"href":"https:\/\/www.uv.mx\/prensa\/wp-json\/wp\/v2\/comments?post=132178"}],"version-history":[{"count":1,"href":"https:\/\/www.uv.mx\/prensa\/wp-json\/wp\/v2\/posts\/132178\/revisions"}],"predecessor-version":[{"id":132243,"href":"https:\/\/www.uv.mx\/prensa\/wp-json\/wp\/v2\/posts\/132178\/revisions\/132243"}],"wp:featuredmedia":[{"embeddable":true,"href":"https:\/\/www.uv.mx\/prensa\/wp-json\/wp\/v2\/media\/132170"}],"wp:attachment":[{"href":"https:\/\/www.uv.mx\/prensa\/wp-json\/wp\/v2\/media?parent=132178"}],"wp:term":[{"taxonomy":"category","embeddable":true,"href":"https:\/\/www.uv.mx\/prensa\/wp-json\/wp\/v2\/categories?post=132178"},{"taxonomy":"post_tag","embeddable":true,"href":"https:\/\/www.uv.mx\/prensa\/wp-json\/wp\/v2\/tags?post=132178"}],"curies":[{"name":"wp","href":"https:\/\/api.w.org\/{rel}","templated":true}]}}