{"id":132302,"date":"2023-06-21T14:33:32","date_gmt":"2023-06-21T19:33:32","guid":{"rendered":"https:\/\/www.uv.mx\/prensa\/?p=132302"},"modified":"2023-06-26T13:11:15","modified_gmt":"2023-06-26T18:11:15","slug":"uv-recibio-a-93-estudiantes-del-programa-delfin","status":"publish","type":"post","link":"https:\/\/www.uv.mx\/prensa\/general\/uv-recibio-a-93-estudiantes-del-programa-delfin\/","title":{"rendered":"UV recibi\u00f3 a 93 estudiantes del Programa Delf\u00edn"},"content":{"rendered":"<ul class=\"ul1\">\n<li class=\"li1\"><i>Realizar\u00e1n estancia de investigaci\u00f3n cient\u00edfica y tecnol\u00f3gica con 40 profesores e investigadores de las cinco regiones universitarias, del 19 de junio al 4 de agosto<\/i><\/li>\n<li class=\"li1\"><i>Provienen de Colombia y los estados de M\u00e9xico, Baja California, Sonora, Yucat\u00e1n, Jalisco, Ciudad de M\u00e9xico, Colima, Oaxaca y Puebla<\/i><\/li>\n<\/ul>\n<p>&nbsp;<\/p>\n<div id=\"attachment_132303\" style=\"width: 732px\" class=\"wp-caption aligncenter\"><img aria-describedby=\"caption-attachment-132303\" decoding=\"async\" loading=\"lazy\" class=\"size-full wp-image-132303\" src=\"https:\/\/www.uv.mx\/prensa\/files\/2023\/06\/190623-PAOLA-Bienvenida-Delfin-1-100k.jpg\" alt=\"La UV recibi\u00f3 a 93 estudiantes que realizar\u00e1n estancia cient\u00edfica y tecnol\u00f3gica\" width=\"722\" height=\"481\" srcset=\"https:\/\/www.uv.mx\/prensa\/files\/2023\/06\/190623-PAOLA-Bienvenida-Delfin-1-100k.jpg 722w, https:\/\/www.uv.mx\/prensa\/files\/2023\/06\/190623-PAOLA-Bienvenida-Delfin-1-100k-300x200.jpg 300w\" sizes=\"(max-width: 722px) 100vw, 722px\" \/><p id=\"caption-attachment-132303\" class=\"wp-caption-text\">La UV recibi\u00f3 a 93 estudiantes que realizar\u00e1n estancia cient\u00edfica y tecnol\u00f3gica<\/p><\/div>\n<p>&nbsp;<\/p>\n<p class=\"p1\"><b><i>Paola Cort\u00e9s P\u00e9rez<\/i><\/b><\/p>\n<p class=\"p1\"><b><i>Fotos: Direcci\u00f3n General de Relaciones Internacionales<\/i><\/b><\/p>\n<p class=\"p1\"><b><i>21\/06\/2023, Xalapa, Ver.-<\/i><\/b> La <a href=\"https:\/\/www.uv.mx\/internacional\/\" target=\"_blank\" rel=\"noopener\">Direcci\u00f3n General de Relaciones Internacionales<\/a> (DGRI) de la Universidad Veracruzana (UV) dio la bienvenida a 93 estudiantes que forman parte del Verano de la Investigaci\u00f3n Cient\u00edfica y Tecnol\u00f3gica del Pac\u00edfico, del <span class=\"s1\">Programa Interinstitucional para el Fortalecimiento de la Investigaci\u00f3n y el Posgrado del Pac\u00edfico (Programa Delf\u00edn)<\/span>, generaci\u00f3n 2023.<\/p>\n<p class=\"p3\">La ceremonia se llev\u00f3 a cabo en el auditorio de la Escuela para Estudiantes Extranjeros (EEE), encabezada por Mario Oliva Su\u00e1rez, titular de la DGRI; Adriana Vivanco Guti\u00e9rrez, Coordinadora de Programas y Servicios, y Daniel Arturo Romero Le\u00f3n, coordinador de Movilidad Estudiantil y Acad\u00e9mica.<\/p>\n<p class=\"p3\">Cabe mencionar que el evento se realiz\u00f3 de manera simult\u00e1nea en las dem\u00e1s regiones universitarias a trav\u00e9s del sistema de videoconferencias.<\/p>\n<div id=\"attachment_132304\" style=\"width: 732px\" class=\"wp-caption aligncenter\"><img aria-describedby=\"caption-attachment-132304\" decoding=\"async\" loading=\"lazy\" class=\"size-full wp-image-132304\" src=\"https:\/\/www.uv.mx\/prensa\/files\/2023\/06\/190623-PAOLA-Bienvenida-Delfin-2-100k.jpg\" alt=\"La ceremonia de bienvenida fue encabezada por los funcionarios universitarios Mario Oliva y Daniel Arturo Romero\" width=\"722\" height=\"481\" srcset=\"https:\/\/www.uv.mx\/prensa\/files\/2023\/06\/190623-PAOLA-Bienvenida-Delfin-2-100k.jpg 722w, https:\/\/www.uv.mx\/prensa\/files\/2023\/06\/190623-PAOLA-Bienvenida-Delfin-2-100k-300x200.jpg 300w\" sizes=\"(max-width: 722px) 100vw, 722px\" \/><p id=\"caption-attachment-132304\" class=\"wp-caption-text\">La ceremonia de bienvenida fue encabezada por los funcionarios universitarios Mario Oliva y Daniel Arturo Romero<\/p><\/div>\n<p>&nbsp;<\/p>\n<p class=\"p3\">Mario Oliva coment\u00f3 que los 93 estudiantes realizar\u00e1n la estancia de investigaci\u00f3n cient\u00edfica y tecnol\u00f3gica del 19 de junio al 4 de agosto, con 40 profesores e investigadores de las cinco regiones universitarias de esta casa de estudios.<\/p>\n<p class=\"p3\">\u201cLa Universidad tiene una amplia cobertura al contar con cinco regiones y una Universidad Intercultural; adem\u00e1s, tiene la estructura para recibir a estudiantes que deseen realizar estancias, lo que da la oportunidad de aprender mutuamente con el intercambio de experiencias y conocimientos\u201d, expres\u00f3 el funcionario universitario.<\/p>\n<p class=\"p3\">Daniel Arturo Romero coment\u00f3: \u201cEsperamos que este verano sea provechoso y de mucho inter\u00e9s para ustedes, que regresen a sus casas con aprendizajes y experiencias \u00fatiles para su formaci\u00f3n\u201d.<\/p>\n<div id=\"attachment_132305\" style=\"width: 732px\" class=\"wp-caption aligncenter\"><img aria-describedby=\"caption-attachment-132305\" decoding=\"async\" loading=\"lazy\" class=\"size-full wp-image-132305\" src=\"https:\/\/www.uv.mx\/prensa\/files\/2023\/06\/190623-PAOLA-Bienvenida-Delfin-3-100k.jpg\" alt=\"Los estudiantes provienen de instituciones nacionales y de Colombia\" width=\"722\" height=\"481\" srcset=\"https:\/\/www.uv.mx\/prensa\/files\/2023\/06\/190623-PAOLA-Bienvenida-Delfin-3-100k.jpg 722w, https:\/\/www.uv.mx\/prensa\/files\/2023\/06\/190623-PAOLA-Bienvenida-Delfin-3-100k-300x200.jpg 300w\" sizes=\"(max-width: 722px) 100vw, 722px\" \/><p id=\"caption-attachment-132305\" class=\"wp-caption-text\">Los estudiantes provienen de instituciones nacionales y de Colombia<\/p><\/div>\n<p>&nbsp;<\/p>\n<p class=\"p3\">Los j\u00f3venes provienen de Baja California, Sonora, Estado de M\u00e9xico, Yucat\u00e1n, Jalisco, Ciudad de M\u00e9xico, Colima, Oaxaca y Puebla, as\u00ed como de Colombia.<\/p>\n<p class=\"p3\">El programa consiste en una estancia de siete semanas, participan estudiantes de licenciatura del cuarto semestre en adelante, para todas las \u00e1reas del conocimiento, quienes se integrar\u00e1n a los proyectos de investigaci\u00f3n en desarrollo que realizan destacados investigadores de las instituciones de educaci\u00f3n superior y centros de investigaci\u00f3n del pa\u00eds y el extranjero.<\/p>\n","protected":false},"excerpt":{"rendered":"<p>Consiste en una estancia de siete semanas, en la que estudiantes de licenciatura \u2013del cuarto semestre en adelante\u2013 se integrar\u00e1n a los proyectos de investigaci\u00f3n en desarrollo<\/p>\n","protected":false},"author":1775,"featured_media":132306,"comment_status":"closed","ping_status":"closed","sticky":false,"template":"","format":"standard","meta":[],"categories":[47,1,8454,61],"tags":[10502,3678,459,8800,193,1027,2020,2019,1844,12440,10500,7059,1991,10416,4164,8034,10499,12439,3110,694,12438],"_links":{"self":[{"href":"https:\/\/www.uv.mx\/prensa\/wp-json\/wp\/v2\/posts\/132302"}],"collection":[{"href":"https:\/\/www.uv.mx\/prensa\/wp-json\/wp\/v2\/posts"}],"about":[{"href":"https:\/\/www.uv.mx\/prensa\/wp-json\/wp\/v2\/types\/post"}],"author":[{"embeddable":true,"href":"https:\/\/www.uv.mx\/prensa\/wp-json\/wp\/v2\/users\/1775"}],"replies":[{"embeddable":true,"href":"https:\/\/www.uv.mx\/prensa\/wp-json\/wp\/v2\/comments?post=132302"}],"version-history":[{"count":1,"href":"https:\/\/www.uv.mx\/prensa\/wp-json\/wp\/v2\/posts\/132302\/revisions"}],"predecessor-version":[{"id":132497,"href":"https:\/\/www.uv.mx\/prensa\/wp-json\/wp\/v2\/posts\/132302\/revisions\/132497"}],"wp:featuredmedia":[{"embeddable":true,"href":"https:\/\/www.uv.mx\/prensa\/wp-json\/wp\/v2\/media\/132306"}],"wp:attachment":[{"href":"https:\/\/www.uv.mx\/prensa\/wp-json\/wp\/v2\/media?parent=132302"}],"wp:term":[{"taxonomy":"category","embeddable":true,"href":"https:\/\/www.uv.mx\/prensa\/wp-json\/wp\/v2\/categories?post=132302"},{"taxonomy":"post_tag","embeddable":true,"href":"https:\/\/www.uv.mx\/prensa\/wp-json\/wp\/v2\/tags?post=132302"}],"curies":[{"name":"wp","href":"https:\/\/api.w.org\/{rel}","templated":true}]}}