{"id":132633,"date":"2023-06-28T15:18:17","date_gmt":"2023-06-28T20:18:17","guid":{"rendered":"https:\/\/www.uv.mx\/prensa\/?p=132633"},"modified":"2023-06-28T15:18:42","modified_gmt":"2023-06-28T20:18:42","slug":"academicos-uv-hablan-sobre-ddhh-a-la-comunidad-lgbtttiq","status":"publish","type":"post","link":"https:\/\/www.uv.mx\/prensa\/eventos\/academicos-uv-hablan-sobre-ddhh-a-la-comunidad-lgbtttiq\/","title":{"rendered":"Acad\u00e9micos UV hablan sobre DDHH a la comunidad LGBTTTIQ+\u00a0"},"content":{"rendered":"<ul>\n<li data-leveltext=\"\uf0b7\" data-font=\"Symbol\" data-listid=\"1\" data-list-defn-props=\"{&quot;335552541&quot;:1,&quot;335559684&quot;:-2,&quot;335559685&quot;:720,&quot;335559991&quot;:360,&quot;469769226&quot;:&quot;Symbol&quot;,&quot;469769242&quot;:[8226],&quot;469777803&quot;:&quot;left&quot;,&quot;469777804&quot;:&quot;\uf0b7&quot;,&quot;469777815&quot;:&quot;hybridMultilevel&quot;}\" data-aria-posinset=\"1\" data-aria-level=\"1\"><i><span data-contrast=\"auto\">En coordinaci\u00f3n con Orgullo Xalapa por los Derechos Humanos, A.C., se llev\u00f3 a cabo un evento en el puerto de Veracruz<\/span><\/i><span data-ccp-props=\"{}\">\u00a0<\/span><\/li>\n<li data-leveltext=\"\uf0b7\" data-font=\"Symbol\" data-listid=\"1\" data-list-defn-props=\"{&quot;335552541&quot;:1,&quot;335559684&quot;:-2,&quot;335559685&quot;:720,&quot;335559991&quot;:360,&quot;469769226&quot;:&quot;Symbol&quot;,&quot;469769242&quot;:[8226],&quot;469777803&quot;:&quot;left&quot;,&quot;469777804&quot;:&quot;\uf0b7&quot;,&quot;469777815&quot;:&quot;hybridMultilevel&quot;}\" data-aria-posinset=\"2\" data-aria-level=\"1\"><i><span data-contrast=\"auto\">Asistieron colectivos de la zona conurbada con Boca del R\u00edo que trabajan por la defensa de estos derechos<\/span><\/i><span data-ccp-props=\"{}\">\u00a0<\/span><\/li>\n<\/ul>\n<p><span data-ccp-props=\"{&quot;335559685&quot;:0}\">\u00a0<\/span><\/p>\n<div id=\"attachment_132640\" style=\"width: 732px\" class=\"wp-caption aligncenter\"><img aria-describedby=\"caption-attachment-132640\" decoding=\"async\" loading=\"lazy\" class=\"size-full wp-image-132640\" src=\"https:\/\/www.uv.mx\/prensa\/files\/2023\/06\/270623-PAOLA-Nosta-Stock-1-1.jpg\" alt=\"\" width=\"722\" height=\"480\" srcset=\"https:\/\/www.uv.mx\/prensa\/files\/2023\/06\/270623-PAOLA-Nosta-Stock-1-1.jpg 722w, https:\/\/www.uv.mx\/prensa\/files\/2023\/06\/270623-PAOLA-Nosta-Stock-1-1-300x199.jpg 300w\" sizes=\"(max-width: 722px) 100vw, 722px\" \/><p id=\"caption-attachment-132640\" class=\"wp-caption-text\">Profesores e investigadores hablaron los DDHH a la comunidad LGBTTTIQ+<\/p><\/div>\n<p><span data-ccp-props=\"{}\">\u00a0<\/span><\/p>\n<p><b><i><span data-contrast=\"auto\">Paola Cort\u00e9s P\u00e9rez<\/span><\/i><\/b><span data-ccp-props=\"{}\">\u00a0<\/span><\/p>\n<p><b><i><span data-contrast=\"auto\">Fotos: Cortes\u00eda de la Cl\u00ednica de Litigio Estrat\u00e9gico<\/span><\/i><\/b><span data-ccp-props=\"{}\">\u00a0<\/span><\/p>\n<p><b><i><span data-contrast=\"auto\">28\/06\/2023, Xalapa, Ver.-<\/span><\/i><\/b><span data-contrast=\"auto\"> La Cl\u00ednica de Litigio Estrat\u00e9gico imparti\u00f3 pl\u00e1ticas a integrantes de la comunidad de lesbianas, gays, bisexuales, travestis, transg\u00e9nero, transexuales, intersexuales y <\/span><i><span data-contrast=\"auto\">queer<\/span><\/i><span data-contrast=\"auto\"> (LGBTTTIQ+), sobre derechos humanos (DDHH) y la relevancia de su protecci\u00f3n.<\/span><span data-ccp-props=\"{}\">\u00a0<\/span><\/p>\n<p><span data-contrast=\"auto\">La actividad se denomin\u00f3 \u201cLazos para la incidencia social: el acceso al conocimiento de los derechos humanos en favor de los beneficios sociales de la comunidad LGBTTTIQ+\u201d, y se llev\u00f3 a cabo enel puerto de Veracruz.<\/span><span data-ccp-props=\"{&quot;335559731&quot;:708}\">\u00a0<\/span><\/p>\n<p><span data-contrast=\"auto\">En el marco del D\u00eda Internacional del Orgullo Gay, que se celebra el 28 de junio, el Cuerpo Acad\u00e9mico (CA) Transformaciones Jur\u00eddicas de la Universidad Veracruzana (UV) trabaj\u00f3 en colaboraci\u00f3n con la asociaci\u00f3n civil Orgullo Xalapa por los Derechos Humanos, a fin de que profesores e investigadores universitarios hablaran a los participantes sobre sus derechos humanos, que son inherentes, es decir, sin importar raza y g\u00e9nero.<\/span><span data-ccp-props=\"{&quot;335559731&quot;:708}\">\u00a0<\/span><\/p>\n<p><span data-contrast=\"auto\">Al evento asistieron integrantes de la comunidad LGBTTTIQ+ de la zona conurbada Veracruz-Boca del R\u00edo, as\u00ed como colectivos que trabajan por la defensa de los DDHH de este sector de la sociedad.<\/span><\/p>\n<p>&nbsp;<\/p>\n<div id=\"attachment_132641\" style=\"width: 732px\" class=\"wp-caption aligncenter\"><img aria-describedby=\"caption-attachment-132641\" decoding=\"async\" loading=\"lazy\" class=\"size-full wp-image-132641\" src=\"https:\/\/www.uv.mx\/prensa\/files\/2023\/06\/270623-PAOLA-Nosta-Stock-1-2.jpg\" alt=\"\" width=\"722\" height=\"480\" srcset=\"https:\/\/www.uv.mx\/prensa\/files\/2023\/06\/270623-PAOLA-Nosta-Stock-1-2.jpg 722w, https:\/\/www.uv.mx\/prensa\/files\/2023\/06\/270623-PAOLA-Nosta-Stock-1-2-300x199.jpg 300w\" sizes=\"(max-width: 722px) 100vw, 722px\" \/><p id=\"caption-attachment-132641\" class=\"wp-caption-text\">Integrantes del CA Transformaciones Jur\u00eddicas, quienes participaron en el evento de difusi\u00f3n de los DDHH<\/p><\/div>\n<p><span data-ccp-props=\"{&quot;335559731&quot;:708}\">\u00a0<\/span><\/p>\n<p><span data-contrast=\"auto\">Con dicha actividad se busc\u00f3 potenciar la responsabilidad social universitaria, al mismo tiempo que se divulga el conocimiento y su impacto social, a fin de que los grupos estructuralmente discriminados conozcan sus derechos.<\/span><span data-ccp-props=\"{&quot;335559731&quot;:708}\">\u00a0<\/span><\/p>\n<p><span data-contrast=\"auto\">Quienes impartieron las actividades fueron integrantes del CA: Luis Fernando Villafuerte Vald\u00e9s abord\u00f3 el tema de DDHH y cohesi\u00f3n social; Josefa Montalvo Romero habl\u00f3 sobre el trabajo y exclusi\u00f3n social en M\u00e9xico; Alan Jair Garc\u00eda Flores platic\u00f3 sobre las terapias de conversi\u00f3n frente al libre desarrollo de la personalidad en el pa\u00eds; Mar\u00eda Teresa Montalvo Romero charl\u00f3 sobre el derecho humano de la seguridad econ\u00f3mica, e Irvin Uriel L\u00f3pez Bonilla convers\u00f3 sobre los procesos de identidad de g\u00e9nero autopercibida para personas no binarias mexicanas.<\/span><span data-ccp-props=\"{&quot;335559731&quot;:708}\">\u00a0<\/span><\/p>\n<p><span data-contrast=\"auto\">Cabe mencionar que el CA est\u00e1 conformado por profesores de las Facultades de Derecho y de Ciencias Administrativas y Sociales, as\u00ed como investigadores del Centro de Estudios sobre Derecho, Globalizaci\u00f3n y Seguridad, los tres de la UV.<\/span><span data-ccp-props=\"{&quot;335559731&quot;:708}\">\u00a0<\/span><\/p>\n<p><span data-contrast=\"auto\">La Cl\u00ednica de Litigio Estrat\u00e9gico es un proyecto acad\u00e9mico de dicho CA, el cual desarrolla investigaci\u00f3n, docencia y vinculaci\u00f3n que opera desde 2019, en materia de derecho a la no discriminaci\u00f3n para la poblaci\u00f3n trans en M\u00e9xico.<\/span><\/p>\n","protected":false},"excerpt":{"rendered":"<p>La actividad busc\u00f3 potenciar la responsabilidad social universitaria, al mismo tiempo que divulg\u00f3 el conocimiento y su impacto social, a fin de que los grupos estructuralmente discriminados conozcan sus derechos<\/p>\n","protected":false},"author":1869,"featured_media":132639,"comment_status":"closed","ping_status":"closed","sticky":false,"template":"","format":"standard","meta":[],"categories":[6301,47,8445,61],"tags":[12610,12607,11392,12608,12611,10470,7516,12583,4164,12612,12609],"_links":{"self":[{"href":"https:\/\/www.uv.mx\/prensa\/wp-json\/wp\/v2\/posts\/132633"}],"collection":[{"href":"https:\/\/www.uv.mx\/prensa\/wp-json\/wp\/v2\/posts"}],"about":[{"href":"https:\/\/www.uv.mx\/prensa\/wp-json\/wp\/v2\/types\/post"}],"author":[{"embeddable":true,"href":"https:\/\/www.uv.mx\/prensa\/wp-json\/wp\/v2\/users\/1869"}],"replies":[{"embeddable":true,"href":"https:\/\/www.uv.mx\/prensa\/wp-json\/wp\/v2\/comments?post=132633"}],"version-history":[{"count":1,"href":"https:\/\/www.uv.mx\/prensa\/wp-json\/wp\/v2\/posts\/132633\/revisions"}],"predecessor-version":[{"id":132642,"href":"https:\/\/www.uv.mx\/prensa\/wp-json\/wp\/v2\/posts\/132633\/revisions\/132642"}],"wp:featuredmedia":[{"embeddable":true,"href":"https:\/\/www.uv.mx\/prensa\/wp-json\/wp\/v2\/media\/132639"}],"wp:attachment":[{"href":"https:\/\/www.uv.mx\/prensa\/wp-json\/wp\/v2\/media?parent=132633"}],"wp:term":[{"taxonomy":"category","embeddable":true,"href":"https:\/\/www.uv.mx\/prensa\/wp-json\/wp\/v2\/categories?post=132633"},{"taxonomy":"post_tag","embeddable":true,"href":"https:\/\/www.uv.mx\/prensa\/wp-json\/wp\/v2\/tags?post=132633"}],"curies":[{"name":"wp","href":"https:\/\/api.w.org\/{rel}","templated":true}]}}