{"id":132828,"date":"2023-07-03T00:55:21","date_gmt":"2023-07-03T05:55:21","guid":{"rendered":"https:\/\/www.uv.mx\/prensa\/?p=132828"},"modified":"2023-07-07T17:32:11","modified_gmt":"2023-07-07T22:32:11","slug":"orteuv-70-anos-de-una-tradicion-artistica-de-primera-linea","status":"publish","type":"post","link":"https:\/\/www.uv.mx\/prensa\/general\/orteuv-70-anos-de-una-tradicion-artistica-de-primera-linea\/","title":{"rendered":"<em>Orteuv<\/em>: 70 a\u00f1os de una tradici\u00f3n art\u00edstica de primera l\u00ednea"},"content":{"rendered":"<ul class=\"ul1\">\n<li class=\"li1\"><i>Expres\u00f3 el rector de la UV, Mart\u00edn Aguilar S\u00e1nchez al destacar la labor de la compa\u00f1\u00eda teatral<\/i><\/li>\n<li class=\"li1\"><i>Asisti\u00f3 a la funci\u00f3n de la obra \u201cRosalba y los Llaveros\u201d, en la sala \u201cEmilio Carballido\u201d, del Teatro del Estado<\/i><\/li>\n<li class=\"li1\"><i>Reconoci\u00f3 la trayectoria art\u00edstica de la actriz Luz Mar\u00eda Ordiales<\/i><\/li>\n<\/ul>\n<p>&nbsp;<\/p>\n<div id=\"attachment_132824\" style=\"width: 732px\" class=\"wp-caption aligncenter\"><img aria-describedby=\"caption-attachment-132824\" decoding=\"async\" loading=\"lazy\" class=\"size-full wp-image-132824\" src=\"https:\/\/www.uv.mx\/prensa\/files\/2023\/07\/020723-ROSALBA-Y-LOS-LLAVEROS-1-100k.jpg\" alt=\"Integrantes de la Orteuv al t\u00e9rmino de la presentaci\u00f3n de la obra \u201cRosalba y los Llaveros\u201d\" width=\"722\" height=\"481\" srcset=\"https:\/\/www.uv.mx\/prensa\/files\/2023\/07\/020723-ROSALBA-Y-LOS-LLAVEROS-1-100k.jpg 722w, https:\/\/www.uv.mx\/prensa\/files\/2023\/07\/020723-ROSALBA-Y-LOS-LLAVEROS-1-100k-300x200.jpg 300w\" sizes=\"(max-width: 722px) 100vw, 722px\" \/><p id=\"caption-attachment-132824\" class=\"wp-caption-text\">Integrantes de la Orteuv al t\u00e9rmino de la presentaci\u00f3n de la obra \u201cRosalba y los Llaveros\u201d<\/p><\/div>\n<p>&nbsp;<\/p>\n<p class=\"p1\"><b><i>Claudia Peralta V\u00e1zquez<\/i><\/b><\/p>\n<p class=\"p1\"><b><i>Fotos: Omar Portilla Palacios<\/i><\/b><\/p>\n<p class=\"p1\"><b><i>02\/07\/23, Xalapa, Ver.- <\/i><\/b>En el marco del 70 aniversario de la <a href=\"http:\/\/www.organizacionteatral.com.mx\/\" target=\"_blank\" rel=\"noopener\">Organizaci\u00f3n Teatral<\/a> de la Universidad Veracruzana (<i>Orteuv<\/i>)\u00b8el rector Mart\u00edn Aguilar S\u00e1nchez felicit\u00f3 a las y los integrantes de la agrupaci\u00f3n por contribuir a mantener una tradici\u00f3n art\u00edstica de primera l\u00ednea y fomentar el florecimiento de un tipo de teatro po\u00e9tico y personal, \u00edntimo y colosal que no se ha desvinculado de temas sociales.<\/p>\n<p class=\"p3\">El Rector asisti\u00f3 a la funci\u00f3n de la obra \u201cRosalba y los Llaveros\u201d, pieza emblem\u00e1tica dentro del repertorio de la <i>Orteuv<\/i>, escrita por Emilio Carballido, uno de los autores teatrales m\u00e1s potentes y revolucionarios de la literatura mexicana, con la cual concluy\u00f3 el ciclo de actividades alusivas al 70 aniversario, y la \u00faltima temporada iniciada el pasado 22 de junio.<\/p>\n<p class=\"p3\">Al t\u00e9rmino de la presentaci\u00f3n teatral dirigida por Alberto Lomnitz en la sala \u201cEmilio Carballido\u201d del Teatro del Estado, tambi\u00e9n se celebr\u00f3 la trayectoria de la actriz Luz Mar\u00eda Ordiales, a quien el Rector entreg\u00f3 un reconocimiento por sus 50 a\u00f1os de labor en la UV.<\/p>\n<div id=\"attachment_132827\" style=\"width: 732px\" class=\"wp-caption aligncenter\"><img aria-describedby=\"caption-attachment-132827\" decoding=\"async\" loading=\"lazy\" class=\"size-full wp-image-132827\" src=\"https:\/\/www.uv.mx\/prensa\/files\/2023\/07\/020723-ROSALBA-Y-LOS-LLAVEROS-2-100k.jpg\" alt=\"El rector Mart\u00edn Aguilar S\u00e1nchez entreg\u00f3 un reconocimiento a la actriz Luz Mar\u00eda Ordiales por su trayectoria art\u00edstica\" width=\"722\" height=\"427\" srcset=\"https:\/\/www.uv.mx\/prensa\/files\/2023\/07\/020723-ROSALBA-Y-LOS-LLAVEROS-2-100k.jpg 722w, https:\/\/www.uv.mx\/prensa\/files\/2023\/07\/020723-ROSALBA-Y-LOS-LLAVEROS-2-100k-300x177.jpg 300w\" sizes=\"(max-width: 722px) 100vw, 722px\" \/><p id=\"caption-attachment-132827\" class=\"wp-caption-text\">El rector Mart\u00edn Aguilar S\u00e1nchez entreg\u00f3 un reconocimiento a la actriz Luz Mar\u00eda Ordiales por su trayectoria art\u00edstica<\/p><\/div>\n<p>&nbsp;<\/p>\n<p class=\"p3\">\u201cSu compromiso apasionado con la causa del teatro y la danza, constituye un yacimiento de saberes y ense\u00f1anzas disponibles para todo aqu\u00e9l que quiera acercarse a las artes esc\u00e9nicas con los sentidos, el coraz\u00f3n y la mente abiertos\u201d, resalt\u00f3 Aguilar S\u00e1nchez.<\/p>\n<p class=\"p3\">Luz Mar\u00eda Ordiales agradeci\u00f3 el homenaje y expres\u00f3 el orgullo y satisfacci\u00f3n que ha representado su dedicaci\u00f3n a la docencia, la danza y el teatro en esta casa de estudios.<\/p>\n<div id=\"attachment_132823\" style=\"width: 732px\" class=\"wp-caption aligncenter\"><img aria-describedby=\"caption-attachment-132823\" decoding=\"async\" loading=\"lazy\" class=\"size-full wp-image-132823\" src=\"https:\/\/www.uv.mx\/prensa\/files\/2023\/07\/020723-ROSALBA-Y-LOS-LLAVEROS-3-100k.jpg\" alt=\"Luz Mar\u00eda Ardiales, con una trayectoria art\u00edstica de 50 a\u00f1os en la UV\" width=\"722\" height=\"481\" srcset=\"https:\/\/www.uv.mx\/prensa\/files\/2023\/07\/020723-ROSALBA-Y-LOS-LLAVEROS-3-100k.jpg 722w, https:\/\/www.uv.mx\/prensa\/files\/2023\/07\/020723-ROSALBA-Y-LOS-LLAVEROS-3-100k-300x200.jpg 300w\" sizes=\"(max-width: 722px) 100vw, 722px\" \/><p id=\"caption-attachment-132823\" class=\"wp-caption-text\">Luz Mar\u00eda Ardiales, con una trayectoria art\u00edstica de 50 a\u00f1os en la UV<\/p><\/div>\n<p>&nbsp;<\/p>\n<p class=\"p3\">Aguilar S\u00e1nchez destac\u00f3 que la <i>Orteuv<\/i> es un referente de la escena mexicana: \u201cA lo largo de 70 a\u00f1os ha planteado interrelaciones muy radicales y creativas, aqu\u00e9llas que nos importan y nos mueven a representar, investigar, y a transformar la sociedad en la que vivimos\u201d.<\/p>\n<p class=\"p3\">Al hablar de las contribuciones de la compa\u00f1\u00eda, subray\u00f3 la creaci\u00f3n de un proyecto teatral de largo aliento que ha dado trabajo estable y digno a numerosos actores y actrices.<\/p>\n<div id=\"attachment_132825\" style=\"width: 732px\" class=\"wp-caption aligncenter\"><img aria-describedby=\"caption-attachment-132825\" decoding=\"async\" loading=\"lazy\" class=\"size-full wp-image-132825\" src=\"https:\/\/www.uv.mx\/prensa\/files\/2023\/07\/020723-ROSALBA-Y-LOS-LLAVEROS-4-100k.jpg\" alt=\"\u201cRosalba y los Llaveros\u201d se present\u00f3 en la sala \u201cEmilio Carballido\u201d del Teatro del Estado\" width=\"722\" height=\"481\" srcset=\"https:\/\/www.uv.mx\/prensa\/files\/2023\/07\/020723-ROSALBA-Y-LOS-LLAVEROS-4-100k.jpg 722w, https:\/\/www.uv.mx\/prensa\/files\/2023\/07\/020723-ROSALBA-Y-LOS-LLAVEROS-4-100k-300x200.jpg 300w\" sizes=\"(max-width: 722px) 100vw, 722px\" \/><p id=\"caption-attachment-132825\" class=\"wp-caption-text\">\u201cRosalba y los Llaveros\u201d se present\u00f3 en la sala \u201cEmilio Carballido\u201d del Teatro del Estado<\/p><\/div>\n<p>&nbsp;<\/p>\n<p class=\"p3\">Mencion\u00f3 tambi\u00e9n la difusi\u00f3n del arte teatral en todas las regiones de la UV y m\u00e1s all\u00e1 de Veracruz, a nivel nacional e internacional; adem\u00e1s de innovar sobre la escena y apoyar a j\u00f3venes dramaturgos.<\/p>\n<p class=\"p3\">\u201cPrincipalmente, ha compuesto e indicado una atm\u00f3sfera cultural vertiginosa que ha supuesto una rica fuente de ideas y de conocimientos, no solo al interior de la UV sino tambi\u00e9n poderosamente influyente para muchas otras compa\u00f1\u00edas y gente del teatro de M\u00e9xico y de otras partes del \u00e1mbito latinoamericano\u201d.<\/p>\n<div id=\"attachment_132826\" style=\"width: 732px\" class=\"wp-caption aligncenter\"><img aria-describedby=\"caption-attachment-132826\" decoding=\"async\" loading=\"lazy\" class=\"size-full wp-image-132826\" src=\"https:\/\/www.uv.mx\/prensa\/files\/2023\/07\/020723-ROSALBA-Y-LOS-LLAVEROS-5-100k.jpg\" alt=\"P\u00fablico de todas las edades aplaudi\u00f3 la obra teatral\" width=\"722\" height=\"427\" srcset=\"https:\/\/www.uv.mx\/prensa\/files\/2023\/07\/020723-ROSALBA-Y-LOS-LLAVEROS-5-100k.jpg 722w, https:\/\/www.uv.mx\/prensa\/files\/2023\/07\/020723-ROSALBA-Y-LOS-LLAVEROS-5-100k-300x177.jpg 300w\" sizes=\"(max-width: 722px) 100vw, 722px\" \/><p id=\"caption-attachment-132826\" class=\"wp-caption-text\">P\u00fablico de todas las edades aplaudi\u00f3 la obra teatral<\/p><\/div>\n<p>&nbsp;<\/p>\n<p class=\"p3\">Expres\u00f3 que el mayor acierto de la <i>Orteuv<\/i>, adem\u00e1s de la calidad de sus producciones, ha sido el di\u00e1logo fecundo que ha establecido de ida y vuelta con el p\u00fablico.<\/p>\n<p class=\"p3\">Presenciaron este acto, Alfonso Colorado Hern\u00e1ndez, director general de Difusi\u00f3n Cultural; y Roberto Aguirre Guioch\u00edn, titular de Grupos Art\u00edsticos.<\/p>\n<p class=\"p3\">Por su parte, Luis Mario Moncada, director art\u00edstico de la<i> Orteuv<\/i>, dijo que no cualquier obra como lo es \u201cRosalba y los Llaveros\u201d, con una duraci\u00f3n de 120 minutos \u2013aproximadamente- puede mantenerse viva por 15 a\u00f1os, por lo que elogi\u00f3 tambi\u00e9n el trabajo de los actores y actrices.<\/p>\n","protected":false},"excerpt":{"rendered":"<p>\u201cLa Orteuv es un referente de la escena mexicana\u201d, expres\u00f3 el rector Mart\u00edn Aguilar S\u00e1nchez<\/p>\n","protected":false},"author":1775,"featured_media":132822,"comment_status":"closed","ping_status":"closed","sticky":false,"template":"","format":"standard","meta":[],"categories":[11,47,1,61],"tags":[12677,4163,4291,12678,914,7453,9447,1392,6462,180,1702,2276,2471,181],"_links":{"self":[{"href":"https:\/\/www.uv.mx\/prensa\/wp-json\/wp\/v2\/posts\/132828"}],"collection":[{"href":"https:\/\/www.uv.mx\/prensa\/wp-json\/wp\/v2\/posts"}],"about":[{"href":"https:\/\/www.uv.mx\/prensa\/wp-json\/wp\/v2\/types\/post"}],"author":[{"embeddable":true,"href":"https:\/\/www.uv.mx\/prensa\/wp-json\/wp\/v2\/users\/1775"}],"replies":[{"embeddable":true,"href":"https:\/\/www.uv.mx\/prensa\/wp-json\/wp\/v2\/comments?post=132828"}],"version-history":[{"count":1,"href":"https:\/\/www.uv.mx\/prensa\/wp-json\/wp\/v2\/posts\/132828\/revisions"}],"predecessor-version":[{"id":132958,"href":"https:\/\/www.uv.mx\/prensa\/wp-json\/wp\/v2\/posts\/132828\/revisions\/132958"}],"wp:featuredmedia":[{"embeddable":true,"href":"https:\/\/www.uv.mx\/prensa\/wp-json\/wp\/v2\/media\/132822"}],"wp:attachment":[{"href":"https:\/\/www.uv.mx\/prensa\/wp-json\/wp\/v2\/media?parent=132828"}],"wp:term":[{"taxonomy":"category","embeddable":true,"href":"https:\/\/www.uv.mx\/prensa\/wp-json\/wp\/v2\/categories?post=132828"},{"taxonomy":"post_tag","embeddable":true,"href":"https:\/\/www.uv.mx\/prensa\/wp-json\/wp\/v2\/tags?post=132828"}],"curies":[{"name":"wp","href":"https:\/\/api.w.org\/{rel}","templated":true}]}}