{"id":132844,"date":"2023-07-05T19:04:08","date_gmt":"2023-07-06T00:04:08","guid":{"rendered":"https:\/\/www.uv.mx\/prensa\/?p=132844"},"modified":"2023-07-07T13:01:52","modified_gmt":"2023-07-07T18:01:52","slug":"museologia-comunitaria-forma-distintiva-de-aproximarse-al-patrimonio","status":"publish","type":"post","link":"https:\/\/www.uv.mx\/prensa\/general\/museologia-comunitaria-forma-distintiva-de-aproximarse-al-patrimonio\/","title":{"rendered":"Museolog\u00eda comunitaria, forma distintiva de aproximarse al patrimonio"},"content":{"rendered":"<ul>\n<li data-leveltext=\"\uf0b7\" data-font=\"Symbol\" data-listid=\"6\" data-list-defn-props=\"{&quot;335552541&quot;:1,&quot;335559684&quot;:-2,&quot;335559685&quot;:720,&quot;335559991&quot;:360,&quot;469769226&quot;:&quot;Symbol&quot;,&quot;469769242&quot;:[8226],&quot;469777803&quot;:&quot;left&quot;,&quot;469777804&quot;:&quot;\uf0b7&quot;,&quot;469777815&quot;:&quot;hybridMultilevel&quot;}\" data-aria-posinset=\"1\" data-aria-level=\"1\"><i><span data-contrast=\"auto\">Los gestores culturales Demian Ortiz Maciel y Laura Serrano Corro participaron en la cuarta sesi\u00f3n del seminario virtual \u201cRegi\u00f3n, patrimonios y comunidades\u201d del MAX<\/span><\/i><span data-ccp-props=\"{}\">\u00a0<\/span><\/li>\n<\/ul>\n<p><span data-ccp-props=\"{}\">\u00a0<\/span><\/p>\n<div id=\"attachment_132845\" style=\"width: 732px\" class=\"wp-caption aligncenter\"><img aria-describedby=\"caption-attachment-132845\" decoding=\"async\" loading=\"lazy\" class=\"size-full wp-image-132845\" src=\"https:\/\/www.uv.mx\/prensa\/files\/2023\/07\/300623-CARLOS-Sesion-Seminario-1.jpg\" alt=\"\" width=\"722\" height=\"392\" srcset=\"https:\/\/www.uv.mx\/prensa\/files\/2023\/07\/300623-CARLOS-Sesion-Seminario-1.jpg 722w, https:\/\/www.uv.mx\/prensa\/files\/2023\/07\/300623-CARLOS-Sesion-Seminario-1-300x163.jpg 300w\" sizes=\"(max-width: 722px) 100vw, 722px\" \/><p id=\"caption-attachment-132845\" class=\"wp-caption-text\">Algunos museos comunitarios han abordado estrategias que trascienden lo local<\/p><\/div>\n<p><span data-ccp-props=\"{}\">\u00a0<\/span><\/p>\n<p><b><i><span data-contrast=\"auto\">Texto y fotos: Carlos Hugo Hermida Rosales<\/span><\/i><\/b><span data-ccp-props=\"{}\">\u00a0<\/span><\/p>\n<p><b><i><span data-contrast=\"auto\">05\/07\/2023, Xalapa, Ver.-<\/span><\/i><\/b><span data-contrast=\"auto\"> \u201cLa museolog\u00eda comunitaria engloba numerosas experiencias locales que brindan una forma distintiva de acercarse al patrimonio desde el conocimiento y la sensibilidad, y eso crea v\u00ednculos m\u00e1s directos\u201d, mencion\u00f3 Demian Ortiz Maciel, de la Biblioteca de Investigaci\u00f3n \u201cJuan de C\u00f3rdoba\u201d, en Oaxaca, Oaxaca.<\/span><span data-ccp-props=\"{}\">\u00a0<\/span><\/p>\n<p><span data-contrast=\"auto\">El gestor cultural particip\u00f3 en la cuarta sesi\u00f3n del seminario virtual \u201cRegi\u00f3n, patrimonios y comunidades\u201d del <a href=\"https:\/\/www.uv.mx\/max\/\" target=\"_blank\" rel=\"noopener\">Museo de Antropolog\u00eda de Xalapa<\/a> (MAX) de la Universidad Veracruzana (UV).<\/span><span data-ccp-props=\"{&quot;335559731&quot;:708}\">\u00a0<\/span><\/p>\n<p><span data-contrast=\"auto\">En el evento lo acompa\u00f1\u00f3 Laura Serrano Corro, de Casa Chimalli, A.C., quien dict\u00f3 la charla \u201cExperiencias comunitarias en la creaci\u00f3n de los museos municipales de Xico, Veracruz, 2014-2017\u201d.<\/span><span data-ccp-props=\"{&quot;335559731&quot;:708}\">\u00a0<\/span><\/p>\n<p><span data-contrast=\"auto\">Demian Ortiz explic\u00f3 que una de las principales cuestiones a resolver al dirigir un museo comunitario, es la forma de presentar la informaci\u00f3n y el patrimonio con que se cuenta.<\/span><span data-ccp-props=\"{&quot;335559731&quot;:708}\">\u00a0<\/span><\/p>\n<p><span data-contrast=\"auto\">Algunos de estos recintos han abordado estrategias que trascienden lo local, como el Museo Regional del Ni\u00f1o de Santa Ana del Valle, Oaxaca, que una temporada exhibi\u00f3 un oso polar disecado de tres metros, lo cual llam\u00f3 mucho la atenci\u00f3n de los habitantes de la regi\u00f3n.<\/span><\/p>\n<p>&nbsp;<\/p>\n<div id=\"attachment_132846\" style=\"width: 732px\" class=\"wp-caption aligncenter\"><img aria-describedby=\"caption-attachment-132846\" decoding=\"async\" loading=\"lazy\" class=\"size-full wp-image-132846\" src=\"https:\/\/www.uv.mx\/prensa\/files\/2023\/07\/300623-CARLOS-Sesion-Seminario-2.jpg\" alt=\"\" width=\"722\" height=\"412\" srcset=\"https:\/\/www.uv.mx\/prensa\/files\/2023\/07\/300623-CARLOS-Sesion-Seminario-2.jpg 722w, https:\/\/www.uv.mx\/prensa\/files\/2023\/07\/300623-CARLOS-Sesion-Seminario-2-300x171.jpg 300w\" sizes=\"(max-width: 722px) 100vw, 722px\" \/><p id=\"caption-attachment-132846\" class=\"wp-caption-text\">Demian Ortiz Maciel<\/p><\/div>\n<p><span data-ccp-props=\"{&quot;335559731&quot;:708}\">\u00a0<\/span><\/p>\n<p><span data-contrast=\"auto\">El gestor coment\u00f3 que existen casos exitosos de museos comunitarios donde resguardan patrimonio, pero sus colecciones son \u201cmudas\u201d pues no cuentan historias o permiten a los visitantes interpretarlas.<\/span><span data-ccp-props=\"{&quot;335559731&quot;:708}\">\u00a0<\/span><\/p>\n<p><span data-contrast=\"auto\">Manifest\u00f3 que en el \u00faltimo par de d\u00e9cadas han deca\u00eddo las pol\u00edticas p\u00fablicas de apoyo a estos recintos, por lo que es necesario involucrar a la poblaci\u00f3n local o buscar ayuda con la iniciativa privada.<\/span><span data-ccp-props=\"{&quot;335559731&quot;:708}\">\u00a0<\/span><\/p>\n<p><span data-contrast=\"auto\">Laura Serrano relat\u00f3 su experiencia al colaborar en la creaci\u00f3n de tres espacios en Xico: el Museo del Danzante Xique\u00f1o, el Xicochimalco y la Sala Taurina.<\/span><span data-ccp-props=\"{&quot;335559731&quot;:708}\">\u00a0<\/span><\/p>\n<p><span data-contrast=\"auto\">\u201cLos xique\u00f1os est\u00e1n muy orgulloso de su identidad propia y tradiciones, en esta poblaci\u00f3n conviven grupos que promueven distintas manifestaciones culturales\u201d, asegur\u00f3.<\/span><\/p>\n<p>&nbsp;<\/p>\n<div id=\"attachment_132847\" style=\"width: 732px\" class=\"wp-caption aligncenter\"><img aria-describedby=\"caption-attachment-132847\" decoding=\"async\" loading=\"lazy\" class=\"size-full wp-image-132847\" src=\"https:\/\/www.uv.mx\/prensa\/files\/2023\/07\/300623-CARLOS-Sesion-Seminario-3.jpg\" alt=\"\" width=\"722\" height=\"409\" srcset=\"https:\/\/www.uv.mx\/prensa\/files\/2023\/07\/300623-CARLOS-Sesion-Seminario-3.jpg 722w, https:\/\/www.uv.mx\/prensa\/files\/2023\/07\/300623-CARLOS-Sesion-Seminario-3-300x170.jpg 300w\" sizes=\"(max-width: 722px) 100vw, 722px\" \/><p id=\"caption-attachment-132847\" class=\"wp-caption-text\">Laura Serrano Corro<\/p><\/div>\n<p><span data-ccp-props=\"{&quot;335559731&quot;:708}\">\u00a0<\/span><\/p>\n<p><span data-contrast=\"auto\">Comparti\u00f3 que en el caso del Museo del Danzante Xique\u00f1o se generaron procesos de animaci\u00f3n sociocultural, a fin de involucrar a actores clave que participaran en la iniciativa, y detectar sus intereses, necesidades, problemas, visi\u00f3n y sentir.<\/span><span data-ccp-props=\"{&quot;335559731&quot;:708}\">\u00a0<\/span><\/p>\n<p><span data-contrast=\"auto\">Con la Sala Taurina se recurri\u00f3 al financiamiento de la administraci\u00f3n municipal, que brind\u00f3 apoyo debido a que en ella se documenta la historia de la \u201cxique\u00f1ada\u201d, festividad causante de una gran derrama econ\u00f3mica.<\/span><span data-ccp-props=\"{&quot;335559731&quot;:708}\">\u00a0<\/span><\/p>\n<p><span data-contrast=\"auto\">Finalmente, el Museo Xicochimalco, que cuenta con cuatro salas de exposici\u00f3n y un mirador, surgi\u00f3 gracias al trabajo en conjunto del gobierno local, la poblaci\u00f3n y el Instituto Nacional de Antropolog\u00eda e Historia (INAH).<\/span><span data-ccp-props=\"{&quot;335559731&quot;:708}\">\u00a0<\/span><\/p>\n<p><span data-contrast=\"auto\">Laura Serrano afirm\u00f3 que este \u00faltimo recinto es \u201cuna piedra en bruto\u201d, y con una gesti\u00f3n adecuada puede aportar como centro de actividad para la comunidad y alternativa tur\u00edstica.<\/span><\/p>\n","protected":false},"excerpt":{"rendered":"<p>Lo hace desde el conocimiento y la sensibilidad, lo que crea v\u00ednculos m\u00e1s directos<\/p>\n","protected":false},"author":1869,"featured_media":132848,"comment_status":"closed","ping_status":"closed","sticky":false,"template":"","format":"standard","meta":[],"categories":[11,47,1,61],"tags":[4161,6558,12690,12689,12691,4797,12688,12692,12687,9382],"_links":{"self":[{"href":"https:\/\/www.uv.mx\/prensa\/wp-json\/wp\/v2\/posts\/132844"}],"collection":[{"href":"https:\/\/www.uv.mx\/prensa\/wp-json\/wp\/v2\/posts"}],"about":[{"href":"https:\/\/www.uv.mx\/prensa\/wp-json\/wp\/v2\/types\/post"}],"author":[{"embeddable":true,"href":"https:\/\/www.uv.mx\/prensa\/wp-json\/wp\/v2\/users\/1869"}],"replies":[{"embeddable":true,"href":"https:\/\/www.uv.mx\/prensa\/wp-json\/wp\/v2\/comments?post=132844"}],"version-history":[{"count":1,"href":"https:\/\/www.uv.mx\/prensa\/wp-json\/wp\/v2\/posts\/132844\/revisions"}],"predecessor-version":[{"id":132969,"href":"https:\/\/www.uv.mx\/prensa\/wp-json\/wp\/v2\/posts\/132844\/revisions\/132969"}],"wp:featuredmedia":[{"embeddable":true,"href":"https:\/\/www.uv.mx\/prensa\/wp-json\/wp\/v2\/media\/132848"}],"wp:attachment":[{"href":"https:\/\/www.uv.mx\/prensa\/wp-json\/wp\/v2\/media?parent=132844"}],"wp:term":[{"taxonomy":"category","embeddable":true,"href":"https:\/\/www.uv.mx\/prensa\/wp-json\/wp\/v2\/categories?post=132844"},{"taxonomy":"post_tag","embeddable":true,"href":"https:\/\/www.uv.mx\/prensa\/wp-json\/wp\/v2\/tags?post=132844"}],"curies":[{"name":"wp","href":"https:\/\/api.w.org\/{rel}","templated":true}]}}