{"id":132882,"date":"2023-07-25T07:55:02","date_gmt":"2023-07-25T12:55:02","guid":{"rendered":"https:\/\/www.uv.mx\/prensa\/?p=132882"},"modified":"2023-08-02T13:52:58","modified_gmt":"2023-08-02T18:52:58","slug":"mdhjc-de-los-pocos-posgrados-enfocados-en-profesionalizar-a-abogados","status":"publish","type":"post","link":"https:\/\/www.uv.mx\/prensa\/general\/mdhjc-de-los-pocos-posgrados-enfocados-en-profesionalizar-a-abogados\/","title":{"rendered":"MDHJC, de los pocos posgrados enfocados en profesionalizar a abogados\u00a0"},"content":{"rendered":"<ul>\n<li data-leveltext=\"\uf0b7\" data-font=\"Symbol\" data-listid=\"1\" data-list-defn-props=\"{&quot;335552541&quot;:1,&quot;335559684&quot;:-2,&quot;335559685&quot;:720,&quot;335559991&quot;:360,&quot;469769226&quot;:&quot;Symbol&quot;,&quot;469769242&quot;:[8226],&quot;469777803&quot;:&quot;left&quot;,&quot;469777804&quot;:&quot;\uf0b7&quot;,&quot;469777815&quot;:&quot;hybridMultilevel&quot;}\" data-aria-posinset=\"1\" data-aria-level=\"1\"><i><span data-contrast=\"auto\">Kristell Torres enfatiz\u00f3 que son muy pocas las maestr\u00edas en el pa\u00eds que se enfocan en la profesionalizaci\u00f3n de los abogados, espec\u00edficamente ense\u00f1arles a litigar<\/span><\/i><span data-ccp-props=\"{}\">\u00a0<\/span><\/li>\n<li data-leveltext=\"\uf0b7\" data-font=\"Symbol\" data-listid=\"1\" data-list-defn-props=\"{&quot;335552541&quot;:1,&quot;335559684&quot;:-2,&quot;335559685&quot;:720,&quot;335559991&quot;:360,&quot;469769226&quot;:&quot;Symbol&quot;,&quot;469769242&quot;:[8226],&quot;469777803&quot;:&quot;left&quot;,&quot;469777804&quot;:&quot;\uf0b7&quot;,&quot;469777815&quot;:&quot;hybridMultilevel&quot;}\" data-aria-posinset=\"2\" data-aria-level=\"1\"><i><span data-contrast=\"auto\">\u201cEste programa educativo proporciona los conocimientos necesarios para ejercer la profesi\u00f3n jur\u00eddica con una perspectiva de DDHH\u201d, expres\u00f3 Lizbeth Hern\u00e1ndez<\/span><\/i><span data-ccp-props=\"{}\">\u00a0<\/span><\/li>\n<\/ul>\n<p><span data-ccp-props=\"{}\">\u00a0<\/span><\/p>\n<div id=\"attachment_132883\" style=\"width: 732px\" class=\"wp-caption aligncenter\"><img aria-describedby=\"caption-attachment-132883\" decoding=\"async\" loading=\"lazy\" class=\"size-full wp-image-132883\" src=\"https:\/\/www.uv.mx\/prensa\/files\/2023\/07\/300623-PAOLA-Nota-Stock-4-1.jpg\" alt=\"\" width=\"722\" height=\"462\" srcset=\"https:\/\/www.uv.mx\/prensa\/files\/2023\/07\/300623-PAOLA-Nota-Stock-4-1.jpg 722w, https:\/\/www.uv.mx\/prensa\/files\/2023\/07\/300623-PAOLA-Nota-Stock-4-1-300x192.jpg 300w\" sizes=\"(max-width: 722px) 100vw, 722px\" \/><p id=\"caption-attachment-132883\" class=\"wp-caption-text\">Kristell Torres, estudiante de segundo semestre de la MDHJC<\/p><\/div>\n<p><span data-ccp-props=\"{}\">\u00a0<\/span><\/p>\n<p><b><i><span data-contrast=\"auto\">Paola Cort\u00e9s P\u00e9rez<\/span><\/i><\/b><span data-ccp-props=\"{}\">\u00a0<\/span><\/p>\n<p><b><i><span data-contrast=\"auto\">Fotos: Omar Portilla Palacios<\/span><\/i><\/b><span data-ccp-props=\"{}\">\u00a0<\/span><\/p>\n<p><b><i><span data-contrast=\"auto\">05\/07\/2023, Xalapa, Ver.-<\/span><\/i><\/b><span data-contrast=\"auto\"> La <a href=\"https:\/\/www.uv.mx\/mdhjc\/\" target=\"_blank\" rel=\"noopener\">Maestr\u00eda en Derechos Humanos y Justicia Constitucional<\/a> (MDHJC) impartida por el Sistema de Ense\u00f1anza Abierta (SEA) de la Universidad Veracruzana (UV), en la regi\u00f3n Xalapa, es de los pocos posgrados del pa\u00eds enfocados en la profesionalizaci\u00f3n y actualizaci\u00f3n de los abogados litigantes, expresaron alumnas del programa educativo (PE).<\/span><span data-ccp-props=\"{}\">\u00a0<\/span><\/p>\n<p><span data-contrast=\"auto\">Lizbeth Hern\u00e1ndez Ribbon y Kristell Torres Figueroa cursan el segundo semestre de dicho PE, y coincidieron en que es necesario y prioritario que los profesionales del derecho, especialmente aquellos enfocados en la impartici\u00f3n de justicia, se preparen y actualicen en la materia.<\/span><span data-ccp-props=\"{&quot;335559731&quot;:708}\">\u00a0<\/span><\/p>\n<p><span data-contrast=\"auto\">Kristell Torres enfatiz\u00f3 que son muy pocas las maestr\u00edas en el pa\u00eds que se enfocan en la profesionalizaci\u00f3n de los abogados, espec\u00edficamente ense\u00f1arles a litigar.<\/span><span data-ccp-props=\"{&quot;335559731&quot;:708}\">\u00a0<\/span><\/p>\n<p><span data-contrast=\"auto\">\u201cDe las universidades p\u00fablicas, la Universidad Veracruzana es la \u00fanica que cuenta con este tipo de programa en el estado y en Xalapa, ya que en esta \u00faltima se concentra la mayor parte de los juzgados. Me gustar\u00eda aprender a litigar y especializarme en esta \u00e1rea.\u201d<\/span><span data-ccp-props=\"{&quot;335559731&quot;:708}\">\u00a0<\/span><\/p>\n<p><span data-contrast=\"auto\">Explic\u00f3 que el litigio se presenta ante los juzgados para defender a una persona a quien se le violentaron sus derechos humanos (DDHH) y cobra mayor relevancia despu\u00e9s de la reforma constitucional de 2011 en materia de protecci\u00f3n de los DDHH.<\/span><span data-ccp-props=\"{&quot;335559731&quot;:708}\">\u00a0<\/span><\/p>\n<p><span data-contrast=\"auto\">\u201cA\u00fan nos falta mucho por conocer a los abogados litigantes, as\u00ed que tenemos que trabajar en los ajustes, porque la rama del derecho se concentra \u2013valga la redundancia\u2013 en los DDHH pues de ellos se desprende la defensa de todas las garant\u00edas.\u201d<\/span><span data-ccp-props=\"{&quot;335559731&quot;:708}\">\u00a0<\/span><\/p>\n<p>&nbsp;<\/p>\n<div id=\"attachment_132884\" style=\"width: 732px\" class=\"wp-caption aligncenter\"><img aria-describedby=\"caption-attachment-132884\" decoding=\"async\" loading=\"lazy\" class=\"size-full wp-image-132884\" src=\"https:\/\/www.uv.mx\/prensa\/files\/2023\/07\/300623-PAOLA-Nota-Stock-4-2.jpg\" alt=\"\" width=\"722\" height=\"463\" srcset=\"https:\/\/www.uv.mx\/prensa\/files\/2023\/07\/300623-PAOLA-Nota-Stock-4-2.jpg 722w, https:\/\/www.uv.mx\/prensa\/files\/2023\/07\/300623-PAOLA-Nota-Stock-4-2-300x192.jpg 300w\" sizes=\"(max-width: 722px) 100vw, 722px\" \/><p id=\"caption-attachment-132884\" class=\"wp-caption-text\">Lizbeth Hern\u00e1ndez, estudiante de segundo semestre de la MDHJC<\/p><\/div>\n<p>&nbsp;<\/p>\n<p><span data-contrast=\"auto\">Con respecto a su proyecto de intervenci\u00f3n jur\u00eddica (PIJ), comparti\u00f3 que est\u00e1 enfocado en conseguir la ampliaci\u00f3n de la protecci\u00f3n m\u00e9dica para las personas con el S\u00edndrome de Inmunodeficiencia Adquirida (SIDA), que es la \u00faltima etapa de la infecci\u00f3n del Virus de la Inmunodeficiencia Humana (VIH), quienes deben recibir atenci\u00f3n m\u00e9dica especializada, tratamiento psicol\u00f3gico, asesoramiento nutricional y tener un m\u00e9dico para alguna de las enfermedades oportunistas (gripe, diarrea, entre otras).<\/span><span data-ccp-props=\"{&quot;335559731&quot;:708}\">\u00a0<\/span><\/p>\n<p><span data-contrast=\"auto\">En tanto, Lizbeth Hern\u00e1ndez reiter\u00f3 que debido a la reforma constitucional de 2011 se crearon obligaciones espec\u00edficas para todas las autoridades, particularmente para quienes se dedican a la impartici\u00f3n de justicia, lo que impacta directamente en la vida de las personas, por ello es necesaria la actualizaci\u00f3n constante por medio de cursos, capacitaciones, diplomados y posgrados como la MDHJC.<\/span><span data-ccp-props=\"{&quot;335559731&quot;:708}\">\u00a0<\/span><\/p>\n<p><span data-contrast=\"auto\">Subray\u00f3 que la maestr\u00eda impartida por esta casa de estudios cuenta con un mapa curricular destacable, ya que contempla temas actuales como el an\u00e1lisis del sistema jur\u00eddico mexicano, el interamericano y el europeo, as\u00ed como los sistemas no jurisdiccionales y el impacto de sus recomendaciones en la toma de decisiones e implementaci\u00f3n de pol\u00edticas p\u00fablicas.<\/span><span data-ccp-props=\"{&quot;335559731&quot;:708}\">\u00a0<\/span><\/p>\n<p><span data-contrast=\"auto\">\u201cEste programa educativo proporciona los conocimientos necesarios para ejercer la profesi\u00f3n jur\u00eddica con una perspectiva de DDHH, adem\u00e1s de tener un cuerpo docente con una amplia experiencia en la investigaci\u00f3n y el ejercicio pleno de los derechos humanos.\u201d<\/span><span data-ccp-props=\"{&quot;335559731&quot;:708}\">\u00a0<\/span><\/p>\n<p><span data-contrast=\"auto\">Con respecto al PIJ, coment\u00f3 que decidi\u00f3 abordar el tema de la violencia pol\u00edtica hacia las mujeres, a fin de que sea aplicable a quienes ocupan cargos p\u00fablicos por designaci\u00f3n y no s\u00f3lo para aquellas que son elegidas a trav\u00e9s del voto.<\/span><\/p>\n","protected":false},"excerpt":{"rendered":"<p>La reforma constitucional de 2011 cre\u00f3 obligaciones espec\u00edficas para todas las autoridades, particularmente en materia de impartici\u00f3n de justicia, por ello es necesaria la actualizaci\u00f3n constante\u00a0<\/p>\n","protected":false},"author":1869,"featured_media":132885,"comment_status":"closed","ping_status":"closed","sticky":false,"template":"","format":"standard","meta":[],"categories":[6301,1,61],"tags":[10933,3305,12706,12704,575,12604,6462,4164,83,12707,1296,12705,10352],"_links":{"self":[{"href":"https:\/\/www.uv.mx\/prensa\/wp-json\/wp\/v2\/posts\/132882"}],"collection":[{"href":"https:\/\/www.uv.mx\/prensa\/wp-json\/wp\/v2\/posts"}],"about":[{"href":"https:\/\/www.uv.mx\/prensa\/wp-json\/wp\/v2\/types\/post"}],"author":[{"embeddable":true,"href":"https:\/\/www.uv.mx\/prensa\/wp-json\/wp\/v2\/users\/1869"}],"replies":[{"embeddable":true,"href":"https:\/\/www.uv.mx\/prensa\/wp-json\/wp\/v2\/comments?post=132882"}],"version-history":[{"count":1,"href":"https:\/\/www.uv.mx\/prensa\/wp-json\/wp\/v2\/posts\/132882\/revisions"}],"predecessor-version":[{"id":133141,"href":"https:\/\/www.uv.mx\/prensa\/wp-json\/wp\/v2\/posts\/132882\/revisions\/133141"}],"wp:featuredmedia":[{"embeddable":true,"href":"https:\/\/www.uv.mx\/prensa\/wp-json\/wp\/v2\/media\/132885"}],"wp:attachment":[{"href":"https:\/\/www.uv.mx\/prensa\/wp-json\/wp\/v2\/media?parent=132882"}],"wp:term":[{"taxonomy":"category","embeddable":true,"href":"https:\/\/www.uv.mx\/prensa\/wp-json\/wp\/v2\/categories?post=132882"},{"taxonomy":"post_tag","embeddable":true,"href":"https:\/\/www.uv.mx\/prensa\/wp-json\/wp\/v2\/tags?post=132882"}],"curies":[{"name":"wp","href":"https:\/\/api.w.org\/{rel}","templated":true}]}}