{"id":132933,"date":"2023-07-06T15:33:33","date_gmt":"2023-07-06T20:33:33","guid":{"rendered":"https:\/\/www.uv.mx\/prensa\/?p=132933"},"modified":"2023-07-07T11:00:11","modified_gmt":"2023-07-07T16:00:11","slug":"politicas-publicas-deben-incluir-a-la-agroecologia-expertos","status":"publish","type":"post","link":"https:\/\/www.uv.mx\/prensa\/ciencia\/politicas-publicas-deben-incluir-a-la-agroecologia-expertos\/","title":{"rendered":"Pol\u00edticas p\u00fablicas deben incluir a la agroecolog\u00eda: expertos"},"content":{"rendered":"<ul class=\"ul1\">\n<li class=\"li1\"><i>Emma Siliprandi, V\u00edctor Toledo y Mamen Cu\u00e9llar participaron en la \u00faltima sesi\u00f3n del Seminario Internacional \u201cEscalamiento de las agroecolog\u00edas\u201d, organizado por la Universidad Veracruzana<\/i><\/li>\n<\/ul>\n<p>&nbsp;<\/p>\n<div id=\"attachment_132937\" style=\"width: 732px\" class=\"wp-caption aligncenter\"><img aria-describedby=\"caption-attachment-132937\" decoding=\"async\" loading=\"lazy\" class=\"size-full wp-image-132937\" src=\"https:\/\/www.uv.mx\/prensa\/files\/2023\/07\/050723-CARLOS-Cierre-seminario-Agroecologia-2-100k.jpg\" alt=\"Emma Siliprandi\" width=\"722\" height=\"365\" srcset=\"https:\/\/www.uv.mx\/prensa\/files\/2023\/07\/050723-CARLOS-Cierre-seminario-Agroecologia-2-100k.jpg 722w, https:\/\/www.uv.mx\/prensa\/files\/2023\/07\/050723-CARLOS-Cierre-seminario-Agroecologia-2-100k-300x152.jpg 300w\" sizes=\"(max-width: 722px) 100vw, 722px\" \/><p id=\"caption-attachment-132937\" class=\"wp-caption-text\">Emma Siliprandi, representante de la FAO<\/p><\/div>\n<p>&nbsp;<\/p>\n<p class=\"p1\"><b><i>Carlos Hugo Hermida Rosales<\/i><\/b><\/p>\n<p class=\"p1\"><b><i>Fotos: Omar Portilla Palacios<\/i><\/b><\/p>\n<p class=\"p1\"><b><i>06\/07\/2023, Xalapa, Ver.-<\/i><\/b> Expertos de la academia y la sociedad civil coincidieron en que las pol\u00edticas p\u00fablicas alimentarias a nivel mundial deben incluir pr\u00e1cticas sustentables, ello al participar en el cierre del Seminario Internacional \u201cEscalamiento de las agroecolog\u00edas\u201d, coordinado por la <a href=\"https:\/\/www.uv.mx\/\" target=\"_blank\" rel=\"noopener\">Universidad Veracruzana<\/a> (UV).<\/p>\n<p class=\"p3\">La sesi\u00f3n final cont\u00f3 con la participaci\u00f3n de Emma Siliprandi, de la Organizaci\u00f3n de las Naciones Unidas para la Alimentaci\u00f3n y la Agricultura (FAO); V\u00edctor Toledo, del Instituto de Investigaciones en Ecosistemas y Sustentabilidad de la Universidad Nacional Aut\u00f3noma de M\u00e9xico (UNAM), y Mamen Cu\u00e9llar, de la Universidad de C\u00f3rdoba, Espa\u00f1a.<\/p>\n<p class=\"p3\">Emma Siliprandi asegur\u00f3 que la agroecolog\u00eda reconoce la importancia de grupos sociales hoy marginados como pueblos ind\u00edgenas, mujeres y j\u00f3venes, y contribuye a su reconocimiento.<\/p>\n<p class=\"p3\">\u201cSus enfoques deben ser incluidos en todas las pol\u00edticas relacionadas con los sistemas alimentarios, desde la producci\u00f3n, transformaci\u00f3n, distribuci\u00f3n y consumo\u201d, enfatiz\u00f3.<\/p>\n<p>&nbsp;<\/p>\n<div id=\"attachment_132939\" style=\"width: 732px\" class=\"wp-caption aligncenter\"><img aria-describedby=\"caption-attachment-132939\" decoding=\"async\" loading=\"lazy\" class=\"size-full wp-image-132939\" src=\"https:\/\/www.uv.mx\/prensa\/files\/2023\/07\/050723-CARLOS-Cierre-seminario-Agroecologia-4-100k.jpg\" alt=\"Mamen Cu\u00e9llar\" width=\"722\" height=\"356\" srcset=\"https:\/\/www.uv.mx\/prensa\/files\/2023\/07\/050723-CARLOS-Cierre-seminario-Agroecologia-4-100k.jpg 722w, https:\/\/www.uv.mx\/prensa\/files\/2023\/07\/050723-CARLOS-Cierre-seminario-Agroecologia-4-100k-300x148.jpg 300w\" sizes=\"(max-width: 722px) 100vw, 722px\" \/><p id=\"caption-attachment-132939\" class=\"wp-caption-text\">Mamen Cu\u00e9llar, docente de la Universidad de C\u00f3rdoba, Espa\u00f1a<\/p><\/div>\n<p>&nbsp;<\/p>\n<p class=\"p3\">La funcionaria explic\u00f3 que es fundamental reorientar los subsidios y est\u00edmulos para el sector agr\u00edcola, con foco en el apoyo a la agricultura familiar y campesina, adem\u00e1s de fortalecer los procedimientos integrados, el aumento de la agrobiodiversidad, los servicios ecosist\u00e9micos y la diversificaci\u00f3n de los paisajes.<\/p>\n<p class=\"p3\">Igualmente, es necesario crear programas de incentivos a la transici\u00f3n agroecol\u00f3gica mediante financiamiento, planos de inversiones y sistemas de extensi\u00f3n participativos.<\/p>\n<p class=\"p3\">En tanto, V\u00edctor Toledo coment\u00f3 que la agroecolog\u00eda ha crecido de forma exponencial en el mundo, mediante un conjunto de iniciativas que repercuten en la FAO.<\/p>\n<p class=\"p3\">A trav\u00e9s de estudios, esta organizaci\u00f3n ha mostrado que los peque\u00f1os productores de car\u00e1cter familiar, ensamblados o no en comunidades tradicionales, son quienes generan buena parte de los alimentos para una poblaci\u00f3n global de siete mil millones de personas.<\/p>\n<div id=\"attachment_132938\" style=\"width: 732px\" class=\"wp-caption aligncenter\"><img aria-describedby=\"caption-attachment-132938\" decoding=\"async\" loading=\"lazy\" class=\"size-full wp-image-132938\" src=\"https:\/\/www.uv.mx\/prensa\/files\/2023\/07\/050723-CARLOS-Cierre-seminario-Agroecologia-3-100k.jpg\" alt=\"V\u00edctor Toledo\" width=\"722\" height=\"359\" srcset=\"https:\/\/www.uv.mx\/prensa\/files\/2023\/07\/050723-CARLOS-Cierre-seminario-Agroecologia-3-100k.jpg 722w, https:\/\/www.uv.mx\/prensa\/files\/2023\/07\/050723-CARLOS-Cierre-seminario-Agroecologia-3-100k-300x149.jpg 300w\" sizes=\"(max-width: 722px) 100vw, 722px\" \/><p id=\"caption-attachment-132938\" class=\"wp-caption-text\">V\u00edctor Toledo, acad\u00e9mico del Instituto de Investigaciones en Ecosistemas y Sustentabilidad de la UNAM<\/p><\/div>\n<p>&nbsp;<\/p>\n<p class=\"p3\">El investigador declar\u00f3 que estas cifras llevaron a la FAO a nombrar el 2014 como el a\u00f1o de la agricultura familiar, y romper la creencia dominante de la industria como la mayor fabricadora de comida.<\/p>\n<p class=\"p3\">Finalmente, Mamen Cu\u00e9llar mencion\u00f3 que la escalada de la agroecolog\u00eda enfrenta grandes retos, entre los que est\u00e1n las pol\u00edticas de modernizaci\u00f3n agraria implementadas en diversas partes del mundo, que son agresivas al desarrollo rural y fomentadoras del acaparamiento de bienes comunes como la tierra y el agua.<\/p>\n<p class=\"p3\">\u201cMuchas naciones ven en ellas un modelo a seguir, sin importar que conlleva p\u00e9rdidas bioculturales y de agricultura familiar\u201d, enunci\u00f3.<\/p>\n<p class=\"p3\">Manifest\u00f3 que es indispensable ampliar la masa cr\u00edtica defensora de la agroecolog\u00eda, para lograr conquistar pol\u00edticas p\u00fablicas y llegar al espacio de toma de decisiones institucionales.<\/p>\n<p>&nbsp;<\/p>\n<div id=\"attachment_132936\" style=\"width: 732px\" class=\"wp-caption aligncenter\"><img aria-describedby=\"caption-attachment-132936\" decoding=\"async\" loading=\"lazy\" class=\"size-full wp-image-132936\" src=\"https:\/\/www.uv.mx\/prensa\/files\/2023\/07\/050723-CARLOS-Cierre-seminario-Agroecologia-1-100k.jpg\" alt=\"La sesi\u00f3n final del seminario fue moderada por Miguel Escalona, docente de la Facultad de Ciencias Agr\u00edcolas\" width=\"722\" height=\"464\" srcset=\"https:\/\/www.uv.mx\/prensa\/files\/2023\/07\/050723-CARLOS-Cierre-seminario-Agroecologia-1-100k.jpg 722w, https:\/\/www.uv.mx\/prensa\/files\/2023\/07\/050723-CARLOS-Cierre-seminario-Agroecologia-1-100k-300x193.jpg 300w\" sizes=\"(max-width: 722px) 100vw, 722px\" \/><p id=\"caption-attachment-132936\" class=\"wp-caption-text\">La sesi\u00f3n final del seminario fue moderada por Miguel Escalona, docente de la Facultad de Ciencias Agr\u00edcolas<\/p><\/div>\n<p>&nbsp;<\/p>\n","protected":false},"excerpt":{"rendered":"<p>Mencionaron que es necesario crear programas de incentivos a la transici\u00f3n agroecol\u00f3gica, mediante financiamiento y sistemas de extensi\u00f3n participativos<\/p>\n","protected":false},"author":1775,"featured_media":132940,"comment_status":"closed","ping_status":"closed","sticky":false,"template":"","format":"standard","meta":[],"categories":[45,47,61,6299],"tags":[12732,4161,12734,543,12733,6462,11285,12735,12731,101,4835],"_links":{"self":[{"href":"https:\/\/www.uv.mx\/prensa\/wp-json\/wp\/v2\/posts\/132933"}],"collection":[{"href":"https:\/\/www.uv.mx\/prensa\/wp-json\/wp\/v2\/posts"}],"about":[{"href":"https:\/\/www.uv.mx\/prensa\/wp-json\/wp\/v2\/types\/post"}],"author":[{"embeddable":true,"href":"https:\/\/www.uv.mx\/prensa\/wp-json\/wp\/v2\/users\/1775"}],"replies":[{"embeddable":true,"href":"https:\/\/www.uv.mx\/prensa\/wp-json\/wp\/v2\/comments?post=132933"}],"version-history":[{"count":1,"href":"https:\/\/www.uv.mx\/prensa\/wp-json\/wp\/v2\/posts\/132933\/revisions"}],"predecessor-version":[{"id":132961,"href":"https:\/\/www.uv.mx\/prensa\/wp-json\/wp\/v2\/posts\/132933\/revisions\/132961"}],"wp:featuredmedia":[{"embeddable":true,"href":"https:\/\/www.uv.mx\/prensa\/wp-json\/wp\/v2\/media\/132940"}],"wp:attachment":[{"href":"https:\/\/www.uv.mx\/prensa\/wp-json\/wp\/v2\/media?parent=132933"}],"wp:term":[{"taxonomy":"category","embeddable":true,"href":"https:\/\/www.uv.mx\/prensa\/wp-json\/wp\/v2\/categories?post=132933"},{"taxonomy":"post_tag","embeddable":true,"href":"https:\/\/www.uv.mx\/prensa\/wp-json\/wp\/v2\/tags?post=132933"}],"curies":[{"name":"wp","href":"https:\/\/api.w.org\/{rel}","templated":true}]}}