{"id":132985,"date":"2023-08-01T12:03:54","date_gmt":"2023-08-01T17:03:54","guid":{"rendered":"https:\/\/www.uv.mx\/prensa\/?p=132985"},"modified":"2023-08-01T14:16:38","modified_gmt":"2023-08-01T19:16:38","slug":"uv-reunio-a-especialistas-para-hablar-sobre-ingenieria-en-software","status":"publish","type":"post","link":"https:\/\/www.uv.mx\/prensa\/general\/uv-reunio-a-especialistas-para-hablar-sobre-ingenieria-en-software\/","title":{"rendered":"UV reuni\u00f3 a especialistas para hablar sobre ingenier\u00eda en <i>software<\/i>"},"content":{"rendered":"<p><span data-ccp-props=\"{}\">\u00a0<\/span><\/p>\n<ul>\n<li data-leveltext=\"\uf0b7\" data-font=\"Symbol\" data-listid=\"1\" data-list-defn-props=\"{&quot;335552541&quot;:1,&quot;335559684&quot;:-2,&quot;335559685&quot;:720,&quot;335559991&quot;:360,&quot;469769226&quot;:&quot;Symbol&quot;,&quot;469769242&quot;:[8226],&quot;469777803&quot;:&quot;left&quot;,&quot;469777804&quot;:&quot;\uf0b7&quot;,&quot;469777815&quot;:&quot;hybridMultilevel&quot;}\" data-aria-posinset=\"1\" data-aria-level=\"1\"><i><span data-contrast=\"auto\">La Licenciatura en Ingenier\u00eda de <\/span><\/i><span data-contrast=\"auto\">Software<\/span><i><span data-contrast=\"auto\"> organiz\u00f3 seminario de investigaci\u00f3n sobre el tema, en modalidad virtual a trav\u00e9s de su canal de <\/span><\/i><span data-contrast=\"auto\">YouTube<\/span> <a href=\"https:\/\/www.youtube.com\/@LISUVtransmite\"><i><span data-contrast=\"none\">https:\/\/www.youtube.com\/@LISUVtransmite<\/span><\/i><\/a><span data-ccp-props=\"{}\">\u00a0<\/span><\/li>\n<\/ul>\n<div id=\"attachment_132987\" style=\"width: 732px\" class=\"wp-caption aligncenter\"><img aria-describedby=\"caption-attachment-132987\" decoding=\"async\" loading=\"lazy\" class=\"size-full wp-image-132987\" src=\"https:\/\/www.uv.mx\/prensa\/files\/2023\/07\/070723-PAOLA-Seminario-Ingenieria-Software-1.jpg\" alt=\"\" width=\"722\" height=\"406\" srcset=\"https:\/\/www.uv.mx\/prensa\/files\/2023\/07\/070723-PAOLA-Seminario-Ingenieria-Software-1.jpg 722w, https:\/\/www.uv.mx\/prensa\/files\/2023\/07\/070723-PAOLA-Seminario-Ingenieria-Software-1-300x169.jpg 300w\" sizes=\"(max-width: 722px) 100vw, 722px\" \/><p id=\"caption-attachment-132987\" class=\"wp-caption-text\">En conferencia, Sa\u00fal Dom\u00ednguez habl\u00f3 sobre las principales \u00e1reas de la inteligencia artificial<\/p><\/div>\n<p><b><i><span data-contrast=\"auto\">Texto y fotos: Paola Cort\u00e9s P\u00e9rez<\/span><\/i><\/b><span data-ccp-props=\"{}\">\u00a0<\/span><\/p>\n<p><b><i><span data-contrast=\"auto\">01\/08\/2023, Xalapa, Ver.-<\/span><\/i><\/b> <span data-contrast=\"auto\">La Licenciatura en Ingenier\u00eda de <\/span><i><span data-contrast=\"auto\">Software<\/span><\/i><span data-contrast=\"auto\"> de la Universidad Veracruzana (UV) realiz\u00f3 la decimotercera edici\u00f3n del Seminario de Investigaci\u00f3n en Ingenier\u00eda en <\/span><i><span data-contrast=\"auto\">Software<\/span><\/i><span data-contrast=\"auto\">, cuyo objetivo es crear un ambiente de interacci\u00f3n para compartir los resultados de investigaciones y proyectos de desarrollo, as\u00ed como propiciar la colaboraci\u00f3n y facilitar la incorporaci\u00f3n de alumnos interesados en el \u00e1rea.<\/span><span data-ccp-props=\"{}\">\u00a0<\/span><\/p>\n<p><span data-contrast=\"auto\">El evento fue organizado por el Cuerpo Acad\u00e9mico (CA) Ingenier\u00eda y Tecnolog\u00eda de <\/span><i><span data-contrast=\"auto\">Software<\/span><\/i><span data-contrast=\"auto\">, y transmitido en modalidad virtual a trav\u00e9s del canal de <\/span><i><span data-contrast=\"auto\">YouTube<\/span><\/i> <a href=\"https:\/\/www.youtube.com\/@LISUVtransmite\"><span data-contrast=\"none\">https:\/\/www.youtube.com\/@LISUVtransmite<\/span><\/a><span data-ccp-props=\"{&quot;335559731&quot;:708}\">\u00a0<\/span><\/p>\n<p><span data-contrast=\"auto\">La inauguraci\u00f3n estuvo a cargo del director de la <a href=\"https:\/\/www.uv.mx\/fei\/\" target=\"_blank\" rel=\"noopener\">Facultad de Estad\u00edstica e Inform\u00e1tica<\/a>, Luis Gerardo Montan\u00e9 Jim\u00e9nez, y Sa\u00fal Dom\u00ednguez Isidro dict\u00f3 la conferencia \u201cDel laboratorio a la pr\u00e1ctica: optimizaci\u00f3n, miner\u00eda de datos y aplicaciones en salud y educaci\u00f3n\u201d.<\/span><span data-ccp-props=\"{&quot;335559731&quot;:708}\">\u00a0<\/span><\/p>\n<p><span data-contrast=\"auto\">Durante la misma, explic\u00f3 que la finalidad de la pl\u00e1tica fue difundir algunas de las soluciones en las que ha colaborado, incluidos los retos relacionados con la incorporaci\u00f3n de aquellas basadas en inteligencia computacional (IC), con el fin de plantear un panorama general de pasar de contextos controlados a lo real.<\/span><span data-ccp-props=\"{&quot;335559731&quot;:708}\">\u00a0<\/span><\/p>\n<div id=\"attachment_132986\" style=\"width: 732px\" class=\"wp-caption aligncenter\"><img aria-describedby=\"caption-attachment-132986\" decoding=\"async\" loading=\"lazy\" class=\"size-full wp-image-132986\" src=\"https:\/\/www.uv.mx\/prensa\/files\/2023\/07\/070723-PAOLA-Seminario-Ingenieria-Software-2.jpg\" alt=\"\" width=\"722\" height=\"406\" srcset=\"https:\/\/www.uv.mx\/prensa\/files\/2023\/07\/070723-PAOLA-Seminario-Ingenieria-Software-2.jpg 722w, https:\/\/www.uv.mx\/prensa\/files\/2023\/07\/070723-PAOLA-Seminario-Ingenieria-Software-2-300x169.jpg 300w\" sizes=\"(max-width: 722px) 100vw, 722px\" \/><p id=\"caption-attachment-132986\" class=\"wp-caption-text\">Explic\u00f3 y mostr\u00f3 c\u00f3mo funciona una red neuronal artificial<\/p><\/div>\n<p><span data-contrast=\"auto\">Explic\u00f3 que la IC es una ramificaci\u00f3n de la inteligencia artificial tradicional, y aunque comparten caracter\u00edsticas en com\u00fan, sus objetivos y procesos son diferentes. Combina elementos de aprendizaje, adaptaci\u00f3n, evoluci\u00f3n y l\u00f3gica difusa para crear programas que son, en cierta manera, inteligentes.<\/span><span data-ccp-props=\"{&quot;335559731&quot;:708}\">\u00a0<\/span><\/p>\n<p><span data-contrast=\"auto\">\u201cEs un conjunto de metodolog\u00edas y enfoques computacionales inspirados en la naturaleza para abordar problemas complejos del mundo real para los que el modelado matem\u00e1tico o tradicional puede resultar in\u00fatil como los procesos demasiado complejos para el razonamiento matem\u00e1tico o contener incertidumbre durante el proceso.\u201d<\/span><span data-ccp-props=\"{&quot;335559731&quot;:708}\">\u00a0<\/span><\/p>\n<p><span data-contrast=\"auto\">Algunas de las aplicaciones de la IC son en las \u00e1reas de la medicina, para desarrollar sistemas de apoyo al diagn\u00f3stico m\u00e9dico a trav\u00e9s de algoritmos evolutivos aplicados a b\u00fasqueda de patrones y de investigaci\u00f3n de f\u00e1rmacos. En materia de educaci\u00f3n, ayuda en la gesti\u00f3n escolar (optimizaci\u00f3n de horarios e identificaci\u00f3n de estudiantes en riesgo) y evaluaci\u00f3n.<\/span><span data-ccp-props=\"{&quot;335559731&quot;:708}\">\u00a0<\/span><\/p>\n<p><span data-contrast=\"auto\">En ingenier\u00eda, espec\u00edficamente en el dise\u00f1o, se desarrollan aut\u00f3matas para la optimizaci\u00f3n de la producci\u00f3n y redes neuronales para el control de calidad; en econom\u00eda, para la predicci\u00f3n de oferta y demanda; optimizaci\u00f3n y predicci\u00f3n de mercados; predicci\u00f3n de riesgos y\/o descubrimiento de conocimiento en consumo y gastos.<\/span><span data-ccp-props=\"{&quot;335559731&quot;:708}\">\u00a0<\/span><\/p>\n<p><span data-contrast=\"auto\">Por \u00faltimo, Dom\u00ednguez Isidro se\u00f1al\u00f3 que los principales retos a enfrentar est\u00e1n en el modelado de los problemas, tiempos de ejecuci\u00f3n, implantaci\u00f3n en la industria, formalizaci\u00f3n en su integraci\u00f3n y carencia de datos.<\/span><span data-ccp-props=\"{&quot;335559731&quot;:708}\">\u00a0<\/span><\/p>\n","protected":false},"excerpt":{"rendered":"<p>Compartieron los resultados de investigaciones y proyectos de desarrollo, al tiempo que propiciaron la colaboraci\u00f3n e incorporaci\u00f3n de estudiantes <\/p>\n","protected":false},"author":1810,"featured_media":132990,"comment_status":"closed","ping_status":"closed","sticky":false,"template":"","format":"standard","meta":[],"categories":[45,47,1,61],"tags":[12755,484,3706,12753,6419,4164,12754],"_links":{"self":[{"href":"https:\/\/www.uv.mx\/prensa\/wp-json\/wp\/v2\/posts\/132985"}],"collection":[{"href":"https:\/\/www.uv.mx\/prensa\/wp-json\/wp\/v2\/posts"}],"about":[{"href":"https:\/\/www.uv.mx\/prensa\/wp-json\/wp\/v2\/types\/post"}],"author":[{"embeddable":true,"href":"https:\/\/www.uv.mx\/prensa\/wp-json\/wp\/v2\/users\/1810"}],"replies":[{"embeddable":true,"href":"https:\/\/www.uv.mx\/prensa\/wp-json\/wp\/v2\/comments?post=132985"}],"version-history":[{"count":1,"href":"https:\/\/www.uv.mx\/prensa\/wp-json\/wp\/v2\/posts\/132985\/revisions"}],"predecessor-version":[{"id":133098,"href":"https:\/\/www.uv.mx\/prensa\/wp-json\/wp\/v2\/posts\/132985\/revisions\/133098"}],"wp:featuredmedia":[{"embeddable":true,"href":"https:\/\/www.uv.mx\/prensa\/wp-json\/wp\/v2\/media\/132990"}],"wp:attachment":[{"href":"https:\/\/www.uv.mx\/prensa\/wp-json\/wp\/v2\/media?parent=132985"}],"wp:term":[{"taxonomy":"category","embeddable":true,"href":"https:\/\/www.uv.mx\/prensa\/wp-json\/wp\/v2\/categories?post=132985"},{"taxonomy":"post_tag","embeddable":true,"href":"https:\/\/www.uv.mx\/prensa\/wp-json\/wp\/v2\/tags?post=132985"}],"curies":[{"name":"wp","href":"https:\/\/api.w.org\/{rel}","templated":true}]}}