{"id":132997,"date":"2023-07-07T17:31:29","date_gmt":"2023-07-07T22:31:29","guid":{"rendered":"https:\/\/www.uv.mx\/prensa\/?p=132997"},"modified":"2023-08-02T14:59:58","modified_gmt":"2023-08-02T19:59:58","slug":"instituto-de-investigaciones-medico-biologicas-62-anos-de-servicio","status":"publish","type":"post","link":"https:\/\/www.uv.mx\/prensa\/general\/instituto-de-investigaciones-medico-biologicas-62-anos-de-servicio\/","title":{"rendered":"Instituto de Investigaciones M\u00e9dico Biol\u00f3gicas, 62 a\u00f1os de servicio"},"content":{"rendered":"<p>&nbsp;<\/p>\n<ul>\n<li data-leveltext=\"\uf0b7\" data-font=\"Symbol\" data-listid=\"7\" data-list-defn-props=\"{&quot;335552541&quot;:1,&quot;335559684&quot;:-2,&quot;335559685&quot;:720,&quot;335559991&quot;:360,&quot;469769226&quot;:&quot;Symbol&quot;,&quot;469769242&quot;:[8226],&quot;469777803&quot;:&quot;left&quot;,&quot;469777804&quot;:&quot;\uf0b7&quot;,&quot;469777815&quot;:&quot;hybridMultilevel&quot;}\" data-aria-posinset=\"1\" data-aria-level=\"1\"><i><span data-contrast=\"auto\">La entidad de la Universidad Veracruzana atiende a la poblaci\u00f3n, con radioterapias y estudios endosc\u00f3picos, entre otros tratamientos<\/span><\/i><span data-ccp-props=\"{}\">\u00a0<\/span><\/li>\n<li data-leveltext=\"\uf0b7\" data-font=\"Symbol\" data-listid=\"7\" data-list-defn-props=\"{&quot;335552541&quot;:1,&quot;335559684&quot;:-2,&quot;335559685&quot;:720,&quot;335559991&quot;:360,&quot;469769226&quot;:&quot;Symbol&quot;,&quot;469769242&quot;:[8226],&quot;469777803&quot;:&quot;left&quot;,&quot;469777804&quot;:&quot;\uf0b7&quot;,&quot;469777815&quot;:&quot;hybridMultilevel&quot;}\" data-aria-posinset=\"2\" data-aria-level=\"1\"><i><span data-contrast=\"auto\">En la gira de trabajo realizada en junio en la regi\u00f3n Veracruz, el rector Mart\u00edn Aguilar destac\u00f3 la labor social que llevan a cabo sus integrantes<\/span><\/i><span data-ccp-props=\"{}\">\u00a0<\/span><\/li>\n<\/ul>\n<div id=\"attachment_133002\" style=\"width: 732px\" class=\"wp-caption aligncenter\"><img aria-describedby=\"caption-attachment-133002\" decoding=\"async\" loading=\"lazy\" class=\"size-full wp-image-133002\" src=\"https:\/\/www.uv.mx\/prensa\/files\/2023\/07\/070723-CARLOS-Investigaciones-Medico-Biologicas-1-ok.jpg\" alt=\"\" width=\"722\" height=\"482\" srcset=\"https:\/\/www.uv.mx\/prensa\/files\/2023\/07\/070723-CARLOS-Investigaciones-Medico-Biologicas-1-ok.jpg 722w, https:\/\/www.uv.mx\/prensa\/files\/2023\/07\/070723-CARLOS-Investigaciones-Medico-Biologicas-1-ok-300x200.jpg 300w\" sizes=\"(max-width: 722px) 100vw, 722px\" \/><p id=\"caption-attachment-133002\" class=\"wp-caption-text\"><span class=\"TextRun SCXW259875121 BCX0\" lang=\"ES-MX\" xml:lang=\"ES-MX\" data-contrast=\"auto\"><span class=\"NormalTextRun SCXW259875121 BCX0\" data-ccp-parastyle=\"No Spacing\">El<\/span><\/span> <span class=\"TextRun SCXW259875121 BCX0\" lang=\"ES-MX\" xml:lang=\"ES-MX\" data-contrast=\"auto\"><span class=\"NormalTextRun SCXW259875121 BCX0\" data-ccp-parastyle=\"No Spacing\">tom\u00f3grafo, capaz de crear im\u00e1genes detalladas o exploraciones, de regiones internas del cuerpo<\/span><\/span><span class=\"EOP SCXW259875121 BCX0\" data-ccp-props=\"{}\">\u00a0<\/span><\/p><\/div>\n<p><b><i><span data-contrast=\"auto\">Carlos Hugo Hermida Rosales<\/span><\/i><\/b><span data-ccp-props=\"{}\">\u00a0<\/span><\/p>\n<p><b><i><span data-contrast=\"auto\">Fotos: C\u00e9sar Pisil Ramos<\/span><\/i><\/b><\/p>\n<p><b><i><span data-contrast=\"auto\">07\/07\/2023, Xalapa, Ver.-<\/span><\/i><\/b><span data-contrast=\"auto\"> \u201cEl <a href=\"https:\/\/www.uv.mx\/veracruz\/iimb\/\" target=\"_blank\" rel=\"noopener\">Instituto de Investigaciones M\u00e9dico Biol\u00f3gicas<\/a> (IIMB) de la Universidad Veracruzana (UV) realiza una labor social importante, al atender necesidades de salud de la poblaci\u00f3n, que son muchas y diversas\u201d, declar\u00f3 el rector Mart\u00edn Aguilar S\u00e1nchez durante la gira de trabajo que llev\u00f3 a cabo a finales de junio en la regi\u00f3n Veracruz.\u00a0<\/span><span data-ccp-props=\"{}\">\u00a0<\/span><\/p>\n<p><span data-contrast=\"auto\">Destac\u00f3 la calidad del servicio, opini\u00f3n que, afirm\u00f3, es com\u00fan entre los pacientes que all\u00ed acuden.\u00a0<\/span><span data-ccp-props=\"{&quot;335559731&quot;:708}\">\u00a0<\/span><\/p>\n<p><span data-contrast=\"auto\">El IIMB se inaugur\u00f3 como entidad independiente el 7 de enero de 1961, constituido por una serie de laboratorios localizados en el ala poniente de la Facultad de Medicina.<\/span><span data-ccp-props=\"{&quot;335559731&quot;:708}\">\u00a0<\/span><\/p>\n<div id=\"attachment_133001\" style=\"width: 732px\" class=\"wp-caption aligncenter\"><img aria-describedby=\"caption-attachment-133001\" decoding=\"async\" loading=\"lazy\" class=\"size-full wp-image-133001\" src=\"https:\/\/www.uv.mx\/prensa\/files\/2023\/07\/070723-CARLOS-Investigaciones-Medico-Biologicas-2-ok.jpg\" alt=\"\" width=\"722\" height=\"406\" srcset=\"https:\/\/www.uv.mx\/prensa\/files\/2023\/07\/070723-CARLOS-Investigaciones-Medico-Biologicas-2-ok.jpg 722w, https:\/\/www.uv.mx\/prensa\/files\/2023\/07\/070723-CARLOS-Investigaciones-Medico-Biologicas-2-ok-300x169.jpg 300w\" sizes=\"(max-width: 722px) 100vw, 722px\" \/><p id=\"caption-attachment-133001\" class=\"wp-caption-text\"><span data-contrast=\"auto\">Mart\u00edn Aguilar S\u00e1nchez acompa\u00f1ado de los trabajadores del IIMB<\/span><span data-ccp-props=\"{}\">\u00a0<\/span><\/p><\/div>\n<p><span data-contrast=\"auto\">Su primer titular fue Antonio Quijano Blanca, quien a su vez dirig\u00eda el Departamento de Medicina Nuclear; entre sus miembros en esos a\u00f1os estaban Lorenzo Ram\u00edrez N\u00e1jera, Abdel Arandia Patraca, Jos\u00e9 Refugio V\u00e1zquez Betancourt, Jes\u00fas Camacho Calder\u00f3n, Manuel Bernal Flandes, Galo Hern\u00e1ndez S\u00e1nchez, Carlos Garc\u00eda Ortiz y Luis G\u00e1lvez Cruz.<\/span><span data-ccp-props=\"{&quot;335559731&quot;:708}\">\u00a0<\/span><\/p>\n<p><span data-contrast=\"none\">Su ubicaci\u00f3n actual, a un costado de la Facultad citada, data de 1971; cuenta con un par de aulas, laboratorios, y cub\u00edculos usados por acad\u00e9micos y estudiantes.<\/span><span data-ccp-props=\"{&quot;335559731&quot;:708}\">\u00a0<\/span><\/p>\n<p><span data-contrast=\"auto\">Peter Grube Pagola, director del IIMB, comparti\u00f3 que entre los servicios brindados sobresalen las pruebas de aliento para la detecci\u00f3n de <\/span><i><span data-contrast=\"auto\">helicobacter pylori<\/span><\/i><span data-contrast=\"auto\"> e intolerancia a la glucosa, fructosa y lactulosa.<\/span><span data-ccp-props=\"{&quot;335559731&quot;:708}\">\u00a0<\/span><\/p>\n<p><span data-contrast=\"auto\">Los procedimientos son de vital importancia para los pacientes con estas alteraciones metab\u00f3licas, que devienen en distintos s\u00edntomas: c\u00f3licos, n\u00e1useas, v\u00f3mitos, diarrea, estre\u00f1imiento y distensi\u00f3n abdominal.\u00a0<\/span><\/p>\n<div id=\"attachment_133000\" style=\"width: 732px\" class=\"wp-caption aligncenter\"><img aria-describedby=\"caption-attachment-133000\" decoding=\"async\" loading=\"lazy\" class=\"size-full wp-image-133000\" src=\"https:\/\/www.uv.mx\/prensa\/files\/2023\/07\/070723-CARLOS-Investigaciones-Medico-Biologicas-3-ok.jpg\" alt=\"\" width=\"722\" height=\"482\" srcset=\"https:\/\/www.uv.mx\/prensa\/files\/2023\/07\/070723-CARLOS-Investigaciones-Medico-Biologicas-3-ok.jpg 722w, https:\/\/www.uv.mx\/prensa\/files\/2023\/07\/070723-CARLOS-Investigaciones-Medico-Biologicas-3-ok-300x200.jpg 300w\" sizes=\"(max-width: 722px) 100vw, 722px\" \/><p id=\"caption-attachment-133000\" class=\"wp-caption-text\"><span class=\"TextRun SCXW115886461 BCX0\" lang=\"ES-MX\" xml:lang=\"ES-MX\" data-contrast=\"auto\"><span class=\"NormalTextRun SCXW115886461 BCX0\" data-ccp-parastyle=\"No Spacing\">El<\/span><\/span> <span class=\"TextRun Highlight SCXW115886461 BCX0\" lang=\"ES-MX\" xml:lang=\"ES-MX\" data-contrast=\"none\"><span class=\"NormalTextRun SCXW115886461 BCX0\" data-ccp-parastyle=\"No Spacing\">acelerador lineal<\/span><span class=\"NormalTextRun SCXW115886461 BCX0\" data-ccp-parastyle=\"No Spacing\"> suministra a distancia rayos X<\/span><span class=\"NormalTextRun SCXW115886461 BCX0\" data-ccp-parastyle=\"No Spacing\"> de alta energ\u00eda a la regi\u00f3n del tumor del paciente<\/span><\/span><span class=\"EOP SCXW115886461 BCX0\" data-ccp-props=\"{}\">\u00a0<\/span><\/p><\/div>\n<p><span data-contrast=\"auto\">Tambi\u00e9n se realizan manometr\u00edas esof\u00e1gica\u202fy anorrectal; la primera determina si el es\u00f3fago se contrae y relaja apropiadamente, y ayuda a diagnosticar problemas de degluci\u00f3n; la otra, mide el funcionamiento de la parte final del intestino e identifica patolog\u00edas como incontinencia fecal y dolor anal.<\/span><span data-ccp-props=\"{&quot;335559731&quot;:708}\">\u00a0<\/span><\/p>\n<p><span data-contrast=\"auto\">Grube Pagola destac\u00f3 el \u00e1rea de Radiolog\u00eda, que cuenta con equipo de vanguardia especializado en el tratamiento de c\u00e1ncer, como gabinete de mastograf\u00eda y un tom\u00f3grafo, capaz de crear im\u00e1genes detalladas o exploraciones de regiones internas del cuerpo.<\/span><span data-ccp-props=\"{&quot;335559731&quot;:708}\">\u00a0<\/span><\/p>\n<p><span data-contrast=\"auto\">Asimismo, un <\/span><span data-contrast=\"none\">acelerador lineal que suministra a distancia rayos X de alta energ\u00eda a la regi\u00f3n del tumor del paciente, con una precisi\u00f3n que evita el tejido sano cercano.\u00a0<\/span><span data-ccp-props=\"{&quot;335559731&quot;:708}\">\u00a0<\/span><\/p>\n<p><span data-contrast=\"none\">El equipo, con el que se puede atender a m\u00e1s de 30 personas al d\u00eda, es \u00fatil a fin de tratar c\u00e1ncer de mama, de recto, h\u00edgado, pr\u00f3stata y cerebro, entre otros.\u00a0<\/span><\/p>\n<div id=\"attachment_132999\" style=\"width: 732px\" class=\"wp-caption aligncenter\"><img aria-describedby=\"caption-attachment-132999\" decoding=\"async\" loading=\"lazy\" class=\"size-full wp-image-132999\" src=\"https:\/\/www.uv.mx\/prensa\/files\/2023\/07\/070723-CARLOS-Investigaciones-Medico-Biologicas-4-ok.jpg\" alt=\"\" width=\"722\" height=\"455\" srcset=\"https:\/\/www.uv.mx\/prensa\/files\/2023\/07\/070723-CARLOS-Investigaciones-Medico-Biologicas-4-ok.jpg 722w, https:\/\/www.uv.mx\/prensa\/files\/2023\/07\/070723-CARLOS-Investigaciones-Medico-Biologicas-4-ok-300x189.jpg 300w, https:\/\/www.uv.mx\/prensa\/files\/2023\/07\/070723-CARLOS-Investigaciones-Medico-Biologicas-4-ok-200x125.jpg 200w\" sizes=\"(max-width: 722px) 100vw, 722px\" \/><p id=\"caption-attachment-132999\" class=\"wp-caption-text\">El Rector dialog\u00f3 con personal del IIMB durante la gira de trabajo que realiz\u00f3 en Veracruz<\/p><\/div>\n<p><span data-contrast=\"auto\">El directivo mencion\u00f3 que el IIMB es gestionado por personal de la UV que combina la c\u00e1tedra con la atenci\u00f3n al p\u00fablico; cuenta con dos Cuerpos Acad\u00e9micos (CA): Investigaci\u00f3n, Docencia y Servicio, e Inflamaci\u00f3n y Patolog\u00eda; oferta la Maestr\u00eda en Biomedicina Traslacional, disciplina que tiene por objetivo acelerar la transferencia de los hallazgos de la investigaci\u00f3n b\u00e1sica y aplicarlos en el \u00e1rea cl\u00ednica.<\/span><span data-ccp-props=\"{&quot;335559731&quot;:708}\">\u00a0<\/span><\/p>\n<p><span data-contrast=\"auto\">Coment\u00f3 que los pacientes llegan referidos a trav\u00e9s de distintos convenios o de forma propia; se les realiza un an\u00e1lisis socioecon\u00f3mico con el fin de determinar el costo de los tratamientos, generalmente por debajo de otros sitios similares.\u00a0<\/span><span data-ccp-props=\"{&quot;335559731&quot;:708}\">\u00a0<\/span><\/p>\n<p><span data-contrast=\"auto\">El Instituto de Investigaciones M\u00e9dico Biol\u00f3gicas se localiza en la ciudad de Veracruz, sobre la calle Iturbide, entre 20 de Noviembre y Carmen Serd\u00e1n; la informaci\u00f3n de los servicios que ofrece est\u00e1 disponible en su <\/span><a href=\"https:\/\/www.uv.mx\/veracruz\/iimb\/\"><span data-contrast=\"none\">p\u00e1gina <\/span><i><span data-contrast=\"none\">web<\/span><\/i><\/a><span data-contrast=\"auto\">.\u00a0<\/span><span data-ccp-props=\"{&quot;335559731&quot;:708}\">\u00a0<\/span><\/p>\n<div id=\"attachment_132998\" style=\"width: 732px\" class=\"wp-caption aligncenter\"><img aria-describedby=\"caption-attachment-132998\" decoding=\"async\" loading=\"lazy\" class=\"size-full wp-image-132998\" src=\"https:\/\/www.uv.mx\/prensa\/files\/2023\/07\/070723-CARLOS-Investigaciones-Medico-Biologicas-5-ok.jpg\" alt=\"\" width=\"722\" height=\"534\" srcset=\"https:\/\/www.uv.mx\/prensa\/files\/2023\/07\/070723-CARLOS-Investigaciones-Medico-Biologicas-5-ok.jpg 722w, https:\/\/www.uv.mx\/prensa\/files\/2023\/07\/070723-CARLOS-Investigaciones-Medico-Biologicas-5-ok-300x222.jpg 300w\" sizes=\"(max-width: 722px) 100vw, 722px\" \/><p id=\"caption-attachment-132998\" class=\"wp-caption-text\">Peter Grube Pagola, director del Instituto de Investigaciones M\u00e9dico Biol\u00f3gicas<\/p><\/div>\n","protected":false},"excerpt":{"rendered":"<p>Se inaugur\u00f3 el 7 de enero de 1961, en el ala poniente de la Facultad de Medicina<\/p>\n","protected":false},"author":1810,"featured_media":133005,"comment_status":"closed","ping_status":"closed","sticky":false,"template":"","format":"standard","meta":[],"categories":[45,1,61,32,55],"tags":[12755,4161,6263,484,3706,12753,6419,12754],"_links":{"self":[{"href":"https:\/\/www.uv.mx\/prensa\/wp-json\/wp\/v2\/posts\/132997"}],"collection":[{"href":"https:\/\/www.uv.mx\/prensa\/wp-json\/wp\/v2\/posts"}],"about":[{"href":"https:\/\/www.uv.mx\/prensa\/wp-json\/wp\/v2\/types\/post"}],"author":[{"embeddable":true,"href":"https:\/\/www.uv.mx\/prensa\/wp-json\/wp\/v2\/users\/1810"}],"replies":[{"embeddable":true,"href":"https:\/\/www.uv.mx\/prensa\/wp-json\/wp\/v2\/comments?post=132997"}],"version-history":[{"count":1,"href":"https:\/\/www.uv.mx\/prensa\/wp-json\/wp\/v2\/posts\/132997\/revisions"}],"predecessor-version":[{"id":133164,"href":"https:\/\/www.uv.mx\/prensa\/wp-json\/wp\/v2\/posts\/132997\/revisions\/133164"}],"wp:featuredmedia":[{"embeddable":true,"href":"https:\/\/www.uv.mx\/prensa\/wp-json\/wp\/v2\/media\/133005"}],"wp:attachment":[{"href":"https:\/\/www.uv.mx\/prensa\/wp-json\/wp\/v2\/media?parent=132997"}],"wp:term":[{"taxonomy":"category","embeddable":true,"href":"https:\/\/www.uv.mx\/prensa\/wp-json\/wp\/v2\/categories?post=132997"},{"taxonomy":"post_tag","embeddable":true,"href":"https:\/\/www.uv.mx\/prensa\/wp-json\/wp\/v2\/tags?post=132997"}],"curies":[{"name":"wp","href":"https:\/\/api.w.org\/{rel}","templated":true}]}}