{"id":133114,"date":"2023-08-01T23:45:50","date_gmt":"2023-08-02T04:45:50","guid":{"rendered":"https:\/\/www.uv.mx\/prensa\/?p=133114"},"modified":"2023-08-02T13:41:35","modified_gmt":"2023-08-02T18:41:35","slug":"estres-ansiedad-y-depresion-merman-rendimiento-academico","status":"publish","type":"post","link":"https:\/\/www.uv.mx\/prensa\/general\/estres-ansiedad-y-depresion-merman-rendimiento-academico\/","title":{"rendered":"Estr\u00e9s, ansiedad y depresi\u00f3n merman rendimiento acad\u00e9mico"},"content":{"rendered":"<ul>\n<li data-leveltext=\"\uf0b7\" data-font=\"Symbol\" data-listid=\"2\" data-list-defn-props=\"{&quot;335552541&quot;:1,&quot;335559684&quot;:-2,&quot;335559685&quot;:720,&quot;335559991&quot;:360,&quot;469769226&quot;:&quot;Symbol&quot;,&quot;469769242&quot;:[8226],&quot;469777803&quot;:&quot;left&quot;,&quot;469777804&quot;:&quot;\uf0b7&quot;,&quot;469777815&quot;:&quot;hybridMultilevel&quot;}\" data-aria-posinset=\"1\" data-aria-level=\"1\"><i><span data-contrast=\"none\">Sus caracter\u00edsticas se clasifican de acuerdo a la sintomatolog\u00eda y llegan a compartir criterios de insomnio, fatiga y dificultad de concentraci\u00f3n<\/span><\/i><span data-ccp-props=\"{&quot;134233117&quot;:false,&quot;134233118&quot;:false,&quot;201341983&quot;:0,&quot;335559738&quot;:0,&quot;335559739&quot;:0,&quot;335559740&quot;:240}\">\u00a0<\/span><\/li>\n<li data-leveltext=\"\uf0b7\" data-font=\"Symbol\" data-listid=\"2\" data-list-defn-props=\"{&quot;335552541&quot;:1,&quot;335559684&quot;:-2,&quot;335559685&quot;:720,&quot;335559991&quot;:360,&quot;469769226&quot;:&quot;Symbol&quot;,&quot;469769242&quot;:[8226],&quot;469777803&quot;:&quot;left&quot;,&quot;469777804&quot;:&quot;\uf0b7&quot;,&quot;469777815&quot;:&quot;hybridMultilevel&quot;}\" data-aria-posinset=\"2\" data-aria-level=\"1\"><i><span data-contrast=\"none\">Alumno de Posgrado en Salud P\u00fablica realiz\u00f3 investigaci\u00f3n sobre el tema<\/span><\/i><span data-ccp-props=\"{&quot;134233117&quot;:false,&quot;134233118&quot;:false,&quot;201341983&quot;:0,&quot;335559738&quot;:0,&quot;335559739&quot;:0,&quot;335559740&quot;:240}\">\u00a0<\/span><\/li>\n<\/ul>\n<p><span data-ccp-props=\"{&quot;134233117&quot;:false,&quot;134233118&quot;:false,&quot;201341983&quot;:0,&quot;335559738&quot;:0,&quot;335559739&quot;:0,&quot;335559740&quot;:240}\">\u00a0<\/span><\/p>\n<div id=\"attachment_133085\" style=\"width: 732px\" class=\"wp-caption aligncenter\"><img aria-describedby=\"caption-attachment-133085\" decoding=\"async\" loading=\"lazy\" class=\"size-full wp-image-133085\" src=\"https:\/\/www.uv.mx\/prensa\/files\/2023\/08\/01082023-Couttolenc-Entrevista-Joel-Salinas-1-100k.jpg\" alt=\"Mar\u00eda de Lourdes Mota Morales y Joel Salinas Mu\u00f1oz\" width=\"722\" height=\"482\" srcset=\"https:\/\/www.uv.mx\/prensa\/files\/2023\/08\/01082023-Couttolenc-Entrevista-Joel-Salinas-1-100k.jpg 722w, https:\/\/www.uv.mx\/prensa\/files\/2023\/08\/01082023-Couttolenc-Entrevista-Joel-Salinas-1-100k-300x200.jpg 300w\" sizes=\"(max-width: 722px) 100vw, 722px\" \/><p id=\"caption-attachment-133085\" class=\"wp-caption-text\">Mar\u00eda de Lourdes Mota Morales y Joel Salinas Mu\u00f1oz<\/p><\/div>\n<p>&nbsp;<\/p>\n<p><b><i><span data-contrast=\"none\">Jos\u00e9 Luis Couttolenc Soto<\/span><\/i><\/b><span data-ccp-props=\"{&quot;134233117&quot;:false,&quot;134233118&quot;:false,&quot;201341983&quot;:0,&quot;335559738&quot;:0,&quot;335559739&quot;:0,&quot;335559740&quot;:240}\">\u00a0<\/span><\/p>\n<p><b><i><span data-contrast=\"none\">Fotos: C\u00e9sar Pisil Ramos y cortes\u00eda Joel Salinas<\/span><\/i><\/b><span data-ccp-props=\"{&quot;134233117&quot;:false,&quot;134233118&quot;:false,&quot;201341983&quot;:0,&quot;335559738&quot;:0,&quot;335559739&quot;:0,&quot;335559740&quot;:240}\">\u00a0<\/span><\/p>\n<p><b><i><span data-contrast=\"none\">01\/08\/2023, Xalapa, Ver.- <\/span><\/i><\/b><span data-contrast=\"none\">Los trastornos por ansiedad y depresi\u00f3n son causados en gran medida por el estr\u00e9s, ya sea laboral, emocional, econ\u00f3mico o social, y dentro del \u00e1mbito estudiantil universitario se puede ver reflejado en una baja en el rendimiento acad\u00e9mico, se\u00f1al\u00f3 Joel Salinas Mu\u00f1oz, alumno de la Maestr\u00eda en Salud P\u00fablica de la Universidad Veracruzana (UV).<\/span><span data-ccp-props=\"{&quot;134233117&quot;:false,&quot;134233118&quot;:false,&quot;201341983&quot;:0,&quot;335559738&quot;:0,&quot;335559739&quot;:0,&quot;335559740&quot;:240}\">\u00a0<\/span><\/p>\n<p><span data-contrast=\"none\">Bajo la direcci\u00f3n de Mar\u00eda de Lourdes Mota Morales, investigadora del<a href=\"https:\/\/www.uv.mx\/isp\/\" target=\"_blank\" rel=\"noopener\"> Instituto de Salud P\u00fablica<\/a> (ISP), el estudiante de posgrado realiz\u00f3 una investigaci\u00f3n para conocer el impacto que puede tener el padecimiento en la comunidad estudiantil, en este caso de manera espec\u00edfica en la de las facultades pertenecientes a la Unidad de Ciencias de la Salud.<\/span><span data-ccp-props=\"{&quot;134233117&quot;:false,&quot;134233118&quot;:false,&quot;201341983&quot;:0,&quot;335559738&quot;:0,&quot;335559739&quot;:0,&quot;335559740&quot;:240}\">\u00a0<\/span><\/p>\n<p><span data-contrast=\"none\">Salinas Mu\u00f1oz precis\u00f3 que el estr\u00e9s es una respuesta interna y una experiencia emocional negativa ante eventos o situaciones adversas, que puede generar cambios conductuales, psicol\u00f3gicos y fisiol\u00f3gicos; en tanto, las caracter\u00edsticas de la depresi\u00f3n y ansiedad se clasifican de acuerdo a sus principales sintomatolog\u00edas.<\/span><span data-ccp-props=\"{&quot;134233117&quot;:false,&quot;134233118&quot;:false,&quot;201341983&quot;:0,&quot;335559738&quot;:0,&quot;335559739&quot;:0,&quot;335559740&quot;:240}\">\u00a0<\/span><\/p>\n<p><span data-contrast=\"none\">La investigaci\u00f3n desarrollada por el joven universitario fue cuantitativa, transversal y anal\u00edtica, con el objetivo de determinar la probable asociaci\u00f3n entre estr\u00e9s, ansiedad y depresi\u00f3n con la autoeficacia acad\u00e9mica de la poblaci\u00f3n en estudio.<\/span><span data-ccp-props=\"{&quot;134233117&quot;:false,&quot;134233118&quot;:false,&quot;201341983&quot;:0,&quot;335559738&quot;:0,&quot;335559739&quot;:0,&quot;335559740&quot;:240}\">\u00a0<\/span><\/p>\n<p><span data-contrast=\"none\">Para ello cont\u00f3 con una muestra de 135 participantes (70% mujeres), de los cuales el 77% cursaban el cuarto o sexto semestre de alguna carrera de ciencias de la salud.<\/span><span data-ccp-props=\"{&quot;134233117&quot;:false,&quot;134233118&quot;:false,&quot;201341983&quot;:0,&quot;335559738&quot;:0,&quot;335559739&quot;:0,&quot;335559740&quot;:240}\">\u00a0<\/span><\/p>\n<p><span data-contrast=\"none\">A trav\u00e9s de resultados estad\u00edsticos descriptivos como frecuencia, porcentaje, media y desviaci\u00f3n est\u00e1ndar, desarroll\u00f3 un modelo de ecuaciones estructurales a fin de correlacionar las variables de los tres trastornos con la autoeficacia acad\u00e9mica, encontrando relaciones positivas de estr\u00e9s con la ansiedad y depresi\u00f3n, lo que lleva a asumir que, a mayor presencia de cualquiera de los trastornos, se propicia menor autoeficacia acad\u00e9mica.<\/span><span data-ccp-props=\"{&quot;134233117&quot;:false,&quot;134233118&quot;:false,&quot;201341983&quot;:0,&quot;335559738&quot;:0,&quot;335559739&quot;:0,&quot;335559740&quot;:240}\">\u00a0<\/span><\/p>\n<p><span data-contrast=\"none\">Para reducir los niveles de estr\u00e9s en el organismo, recomend\u00f3 llevar un estilo de vida sana, adecuada alimentaci\u00f3n y practicar actividades relajantes, acciones que ayudan a prevenir padecimientos graves.<\/span><\/p>\n<p>&nbsp;<\/p>\n<div id=\"attachment_133086\" style=\"width: 732px\" class=\"wp-caption aligncenter\"><img aria-describedby=\"caption-attachment-133086\" decoding=\"async\" loading=\"lazy\" class=\"size-full wp-image-133086\" src=\"https:\/\/www.uv.mx\/prensa\/files\/2023\/08\/01082023-Couttolenc-Entrevista-Joel-Salinas-2-100k.jpg\" alt=\"\" width=\"722\" height=\"481\" srcset=\"https:\/\/www.uv.mx\/prensa\/files\/2023\/08\/01082023-Couttolenc-Entrevista-Joel-Salinas-2-100k.jpg 722w, https:\/\/www.uv.mx\/prensa\/files\/2023\/08\/01082023-Couttolenc-Entrevista-Joel-Salinas-2-100k-300x200.jpg 300w\" sizes=\"(max-width: 722px) 100vw, 722px\" \/><p id=\"caption-attachment-133086\" class=\"wp-caption-text\">Trastornos de estr\u00e9s, ansiedad y depresi\u00f3n disminuyen rendimiento acad\u00e9mico de alumnos<\/p><\/div>\n<p>&nbsp;<\/p>\n<p><span data-contrast=\"none\">Joel Salinas Mu\u00f1oz, cirujano dentista de formaci\u00f3n, refiri\u00f3 que cuando conoci\u00f3 el plan de estudios de la Maestr\u00eda en Salud P\u00fablica le atrajo la posibilidad de incursionar en la investigaci\u00f3n, y adem\u00e1s que se pod\u00eda complementar con la parte cl\u00ednica, \u201ceso la hace una maestr\u00eda profesionalizante, por lo que me dije que era el momento para dedicarme a investigar\u201d, apunt\u00f3.<\/span><span data-ccp-props=\"{&quot;134233117&quot;:false,&quot;134233118&quot;:false,&quot;201341983&quot;:0,&quot;335559738&quot;:0,&quot;335559739&quot;:0,&quot;335559740&quot;:240}\">\u00a0<\/span><\/p>\n<p><span data-contrast=\"none\">Por \u00faltimo, mencion\u00f3 que se prepara para la defensa de su tesis de maestr\u00eda \u2013cuyos resultados buscar\u00e1 publicar\u2013, ejercer como cirujano dentista sin descuidar la parte cl\u00ednica y seguir incursionando en la investigaci\u00f3n.<\/span><span data-ccp-props=\"{&quot;134233117&quot;:false,&quot;134233118&quot;:false,&quot;201341983&quot;:0,&quot;335559738&quot;:0,&quot;335559739&quot;:0,&quot;335559740&quot;:240}\">\u00a0<\/span><\/p>\n","protected":false},"excerpt":{"rendered":"<p>Experiencias emocionales ante eventos estresores pueden generar cambios conductuales, psicol\u00f3gicos y fisiol\u00f3gicos<\/p>\n","protected":false},"author":2349,"featured_media":133087,"comment_status":"closed","ping_status":"closed","sticky":false,"template":"","format":"standard","meta":[],"categories":[45,1],"tags":[1776,6263,5081,1089,10883,4162,3480,12790,687,12707,5660,1794],"_links":{"self":[{"href":"https:\/\/www.uv.mx\/prensa\/wp-json\/wp\/v2\/posts\/133114"}],"collection":[{"href":"https:\/\/www.uv.mx\/prensa\/wp-json\/wp\/v2\/posts"}],"about":[{"href":"https:\/\/www.uv.mx\/prensa\/wp-json\/wp\/v2\/types\/post"}],"author":[{"embeddable":true,"href":"https:\/\/www.uv.mx\/prensa\/wp-json\/wp\/v2\/users\/2349"}],"replies":[{"embeddable":true,"href":"https:\/\/www.uv.mx\/prensa\/wp-json\/wp\/v2\/comments?post=133114"}],"version-history":[{"count":1,"href":"https:\/\/www.uv.mx\/prensa\/wp-json\/wp\/v2\/posts\/133114\/revisions"}],"predecessor-version":[{"id":133136,"href":"https:\/\/www.uv.mx\/prensa\/wp-json\/wp\/v2\/posts\/133114\/revisions\/133136"}],"wp:featuredmedia":[{"embeddable":true,"href":"https:\/\/www.uv.mx\/prensa\/wp-json\/wp\/v2\/media\/133087"}],"wp:attachment":[{"href":"https:\/\/www.uv.mx\/prensa\/wp-json\/wp\/v2\/media?parent=133114"}],"wp:term":[{"taxonomy":"category","embeddable":true,"href":"https:\/\/www.uv.mx\/prensa\/wp-json\/wp\/v2\/categories?post=133114"},{"taxonomy":"post_tag","embeddable":true,"href":"https:\/\/www.uv.mx\/prensa\/wp-json\/wp\/v2\/tags?post=133114"}],"curies":[{"name":"wp","href":"https:\/\/api.w.org\/{rel}","templated":true}]}}