{"id":133380,"date":"2023-08-11T18:46:08","date_gmt":"2023-08-11T23:46:08","guid":{"rendered":"https:\/\/www.uv.mx\/prensa\/?p=133380"},"modified":"2023-08-17T13:56:40","modified_gmt":"2023-08-17T18:56:40","slug":"ciclones-tropicales-una-oportunidad-de-recarga-de-acuiferos","status":"publish","type":"post","link":"https:\/\/www.uv.mx\/prensa\/ciencia\/ciclones-tropicales-una-oportunidad-de-recarga-de-acuiferos\/","title":{"rendered":"Ciclones tropicales, una oportunidad de recarga de acu\u00edferos"},"content":{"rendered":"<ul class=\"ul1\">\n<li class=\"li1\"><i>Ricardo S\u00e1nchez Murillo, investigador de la Universidad de Texas, se\u00f1al\u00f3 que con se\u00f1ales de trazadores buscan entender c\u00f3mo se forman, trasladan e impactan en los recursos h\u00eddricos<\/i><\/li>\n<li class=\"li1\"><i>El experto en temas h\u00eddricos ofreci\u00f3 un seminario en la Facultad de Instrumentaci\u00f3n Electr\u00f3nica de la UV<\/i><\/li>\n<\/ul>\n<p>&nbsp;<\/p>\n<div id=\"attachment_133381\" style=\"width: 732px\" class=\"wp-caption aligncenter\"><img aria-describedby=\"caption-attachment-133381\" decoding=\"async\" loading=\"lazy\" class=\"size-full wp-image-133381\" src=\"https:\/\/www.uv.mx\/prensa\/files\/2023\/08\/10082023-Couttolenc-Conferencia-Ricardo-Sanchez-1-100k.jpg\" alt=\"Ricardo S\u00e1nchez Murillo, investigador de la Universidad de Texas, ofreci\u00f3 seminario sobre is\u00f3topos estables en precipitaci\u00f3n\" width=\"722\" height=\"422\" srcset=\"https:\/\/www.uv.mx\/prensa\/files\/2023\/08\/10082023-Couttolenc-Conferencia-Ricardo-Sanchez-1-100k.jpg 722w, https:\/\/www.uv.mx\/prensa\/files\/2023\/08\/10082023-Couttolenc-Conferencia-Ricardo-Sanchez-1-100k-300x175.jpg 300w\" sizes=\"(max-width: 722px) 100vw, 722px\" \/><p id=\"caption-attachment-133381\" class=\"wp-caption-text\">Ricardo S\u00e1nchez Murillo, investigador de la Universidad de Texas, ofreci\u00f3 seminario sobre is\u00f3topos estables en precipitaci\u00f3n<\/p><\/div>\n<p>&nbsp;<\/p>\n<p class=\"p1\"><b><i>Jos\u00e9 Luis Couttolenc Soto<\/i><\/b><\/p>\n<p class=\"p1\"><b><i>Fotos: Omar Portilla Palacios<\/i><\/b><\/p>\n<p class=\"p1\"><b><i>11\/08\/2023, Xalapa, Ver.- <\/i><\/b>Ricardo S\u00e1nchez Murillo, investigador de la Universidad de Texas, en Arlington, opin\u00f3 que debe dejarse de ver a los ciclones tropicales como una amenaza, cuando realmente son ben\u00e9ficos para la recarga de fuentes acu\u00edferas.<\/p>\n<p class=\"p1\">El experto en temas h\u00eddricos estuvo en la <a href=\"https:\/\/www.uv.mx\/instru\/\" target=\"_blank\" rel=\"noopener\">Facultad de Instrumentaci\u00f3n Electr\u00f3nica<\/a> de la Universidad Veracruzana (UV), donde ofreci\u00f3 el seminario presencial-virtual \u201cIs\u00f3topos estables en precipitaci\u00f3n: retos y oportunidades\u201d, como parte del proyecto \u201cMEX 7014 Aplicaci\u00f3n de t\u00e9cnicas de rastreo isot\u00f3pico en un sistema hidrol\u00f3gico ubicado en la zona central del estado de Veracruz, y contribuci\u00f3n al dise\u00f1o de pol\u00edticas locales de gesti\u00f3n del agua\u201d.<\/p>\n<p class=\"p3\">El proyecto es auspiciado por el Organismo Internacional de Energ\u00eda At\u00f3mica y se desarrolla en colaboraci\u00f3n con el Instituto de Geolog\u00eda de la Universidad Nacional Aut\u00f3noma de M\u00e9xico (UNAM) y la Licenciatura en Ciencias Atmosf\u00e9ricas de la UV.<\/p>\n<p class=\"p3\">S\u00e1nchez Murillo destac\u00f3 que es importante aceptar los ciclones tropicales como ben\u00e9ficos, principalmente ante los procesos de sequ\u00eda en muchas regiones en donde se convierten en fuente de recarga sustancial de los acu\u00edferos; \u201cnosotros como especialistas, con las se\u00f1ales de los trazadores, estamos tratando de entender c\u00f3mo se forman, c\u00f3mo se trasladan y c\u00f3mo impactan en los recursos h\u00eddricos, y con eso predecir su comportamiento futuro combinado con el fen\u00f3meno de \u2018El Ni\u00f1o\u2019 o con oscilaciones en los Oc\u00e9anos Pac\u00edfico o Atl\u00e1ntico\u201d.<\/p>\n<p class=\"p3\">Por ello, calific\u00f3 como una buena idea que el uso de trazadores pueda constituirse en una herramienta nueva y \u00fatil para entender procesos atmosf\u00e9ricos y superficiales; destac\u00f3 que con el impulso de estos conocimientos, la UV est\u00e1 en la direcci\u00f3n correcta.<\/p>\n<p class=\"p3\">De origen costarricense, qu\u00edmico de profesi\u00f3n con estudios de posgrado y especializaci\u00f3n en el uso de trazadores ambientales para entender los procesos hidrol\u00f3gicos, el profesor asociado en el Departamento de Ciencias de la Tierra y Ambientales de la Universidad de Texas, dijo que con el tiempo se ha tratado de entender los procesos que originan la lluvia y uno de ellos son los ciclones tropicales.<\/p>\n<p class=\"p3\">Indic\u00f3 que \u00e9ste en particular ha sido poco estudiado por su dificultad de muestreo, debido al riesgo que la actividad representa al estar cerca de ellos; sin embargo, se ha tratado de entender su aporte de lluvia y de recarga en la regi\u00f3n de Mesoam\u00e9rica, incluyendo a M\u00e9xico, y comprender tambi\u00e9n el clima de \u00e9pocas pasadas basado en la se\u00f1al moderna de los ciclones tropicales.<\/p>\n<div id=\"attachment_133382\" style=\"width: 732px\" class=\"wp-caption aligncenter\"><img aria-describedby=\"caption-attachment-133382\" decoding=\"async\" loading=\"lazy\" class=\"size-full wp-image-133382\" src=\"https:\/\/www.uv.mx\/prensa\/files\/2023\/08\/10082023-Couttolenc-Conferencia-Ricardo-Sanchez-2-100k.jpg\" alt=\"Juan Cervantes P\u00e9rez, acad\u00e9mico de la Facultad de Instrumentaci\u00f3n Electr\u00f3nica de la UV\" width=\"722\" height=\"495\" srcset=\"https:\/\/www.uv.mx\/prensa\/files\/2023\/08\/10082023-Couttolenc-Conferencia-Ricardo-Sanchez-2-100k.jpg 722w, https:\/\/www.uv.mx\/prensa\/files\/2023\/08\/10082023-Couttolenc-Conferencia-Ricardo-Sanchez-2-100k-300x206.jpg 300w\" sizes=\"(max-width: 722px) 100vw, 722px\" \/><p id=\"caption-attachment-133382\" class=\"wp-caption-text\">Juan Cervantes P\u00e9rez, acad\u00e9mico de la Facultad de Instrumentaci\u00f3n Electr\u00f3nica de la UV<\/p><\/div>\n<p>&nbsp;<\/p>\n<p class=\"p3\">En relaci\u00f3n al calentamiento global, S\u00e1nchez Murillo explic\u00f3 que los niveles actuales de temperatura ya existieron tiempo atr\u00e1s en el planeta, en donde, por las condiciones c\u00e1lidas, el nivel del mar estuvo por encima de lo que actualmente se ve; sin embargo, es preocupante que por el deshielo de los glaciares y de las zonas de nieve se tenga un escurrimiento superficial importante de agua que ir\u00e1 hacia los oc\u00e9anos incrementando el nivel del mar y podr\u00eda poner en riesgo la sobrevivencia de ciudades costeras.<\/p>\n<p class=\"p3\">Refiri\u00f3 que en Centroam\u00e9rica existen ya lugares en la zona del Golfo de Fonseca, en donde el mar est\u00e1 ya tres o cuatro cuadras dentro de los pueblos, lo que no suced\u00eda desde hace 100 a\u00f1os, y el problema continuar\u00e1 en ascenso por la emisi\u00f3n de gases de efecto invernadero.<\/p>\n<p class=\"p3\">Ante esto, dijo que es necesario el ordenamiento territorial; tomar conciencia de que no se puede continuar expandiendo el turismo hacia zonas ribere\u00f1as; cuidar la extensi\u00f3n de las zonas agr\u00edcolas; restaurar las zonas de manglares que constituyen una barrera natural y una soluci\u00f3n verde. \u201cEl problema es integral y en su soluci\u00f3n debemos participar todos\u201d, sentenci\u00f3 el investigador.<\/p>\n<p class=\"p3\">En el seminario participaron acad\u00e9micos, investigadores, estudiantes, personal de la Comisi\u00f3n Nacional de Agua y p\u00fablico interesado en el tema.<\/p>\n<p class=\"p3\">Estuvieron presentes Pablo Samuel Luna Lozano, director de la entidad acad\u00e9mica sede del seminario; Juan Cervantes P\u00e9rez, acad\u00e9mico organizador, y Alejandra Cort\u00e9s Silva, investigadora del Instituto de Geof\u00edsica de la UNAM.<\/p>\n","protected":false},"excerpt":{"rendered":"<p>Uso de trazadores representa una herramienta nueva y \u00fatil para entender procesos atmosf\u00e9ricos<\/p>\n","protected":false},"author":1775,"featured_media":133383,"comment_status":"closed","ping_status":"closed","sticky":false,"template":"","format":"standard","meta":[],"categories":[45,47,61,6299],"tags":[12937,12938,12354,2126,12939,12941,749,4162,1500,12944,12945,6462,12940,1136,12942,12936,2167,12943,101,11476,404],"_links":{"self":[{"href":"https:\/\/www.uv.mx\/prensa\/wp-json\/wp\/v2\/posts\/133380"}],"collection":[{"href":"https:\/\/www.uv.mx\/prensa\/wp-json\/wp\/v2\/posts"}],"about":[{"href":"https:\/\/www.uv.mx\/prensa\/wp-json\/wp\/v2\/types\/post"}],"author":[{"embeddable":true,"href":"https:\/\/www.uv.mx\/prensa\/wp-json\/wp\/v2\/users\/1775"}],"replies":[{"embeddable":true,"href":"https:\/\/www.uv.mx\/prensa\/wp-json\/wp\/v2\/comments?post=133380"}],"version-history":[{"count":1,"href":"https:\/\/www.uv.mx\/prensa\/wp-json\/wp\/v2\/posts\/133380\/revisions"}],"predecessor-version":[{"id":133656,"href":"https:\/\/www.uv.mx\/prensa\/wp-json\/wp\/v2\/posts\/133380\/revisions\/133656"}],"wp:featuredmedia":[{"embeddable":true,"href":"https:\/\/www.uv.mx\/prensa\/wp-json\/wp\/v2\/media\/133383"}],"wp:attachment":[{"href":"https:\/\/www.uv.mx\/prensa\/wp-json\/wp\/v2\/media?parent=133380"}],"wp:term":[{"taxonomy":"category","embeddable":true,"href":"https:\/\/www.uv.mx\/prensa\/wp-json\/wp\/v2\/categories?post=133380"},{"taxonomy":"post_tag","embeddable":true,"href":"https:\/\/www.uv.mx\/prensa\/wp-json\/wp\/v2\/tags?post=133380"}],"curies":[{"name":"wp","href":"https:\/\/api.w.org\/{rel}","templated":true}]}}