{"id":133474,"date":"2023-08-14T20:13:08","date_gmt":"2023-08-15T01:13:08","guid":{"rendered":"https:\/\/www.uv.mx\/prensa\/?p=133474"},"modified":"2023-08-17T14:26:24","modified_gmt":"2023-08-17T19:26:24","slug":"en-uv-docentes-se-forman-en-competencia-ecosocial-y-educacion","status":"publish","type":"post","link":"https:\/\/www.uv.mx\/prensa\/banner\/en-uv-docentes-se-forman-en-competencia-ecosocial-y-educacion\/","title":{"rendered":"En UV, docentes se forman en competencia ecosocial y educaci\u00f3n"},"content":{"rendered":"<ul class=\"ul1\">\n<li class=\"li1\"><i>Jos\u00e9 Manuel Guti\u00e9rrez Bastida, del Pa\u00eds Vasco, imparte el curso \u201cCompetencia ecosocial y educaci\u00f3n\u201d<\/i><\/li>\n<li class=\"li1\"><i>De forma presencial y virtual, participan formadores de M\u00e9xico y otros pa\u00edses de Am\u00e9rica Latina<\/i><\/li>\n<li class=\"li1\"><i>Lo organiza la C\u00e1tedra UNESCO Educaci\u00f3n para la Ecociudadan\u00eda y la Sustentabilidad y el Instituto de Investigaciones en Educaci\u00f3n<\/i><\/li>\n<\/ul>\n<p>&nbsp;<\/p>\n<div id=\"attachment_133465\" style=\"width: 732px\" class=\"wp-caption aligncenter\"><img aria-describedby=\"caption-attachment-133465\" decoding=\"async\" loading=\"lazy\" class=\"size-full wp-image-133465\" src=\"https:\/\/www.uv.mx\/prensa\/files\/2023\/08\/140823-COMPETENCIA-ECOSOCIAL-1-ok.jpg\" alt=\"La UV reuni\u00f3 a docentes de diversos niveles educativos en el curso \u201cCompetencia ecosocial y educaci\u00f3n\u201d\" width=\"722\" height=\"370\" srcset=\"https:\/\/www.uv.mx\/prensa\/files\/2023\/08\/140823-COMPETENCIA-ECOSOCIAL-1-ok.jpg 722w, https:\/\/www.uv.mx\/prensa\/files\/2023\/08\/140823-COMPETENCIA-ECOSOCIAL-1-ok-300x154.jpg 300w\" sizes=\"(max-width: 722px) 100vw, 722px\" \/><p id=\"caption-attachment-133465\" class=\"wp-caption-text\">La UV reuni\u00f3 a docentes de diversos niveles educativos en el curso \u201cCompetencia ecosocial y educaci\u00f3n\u201d<\/p><\/div>\n<p>&nbsp;<\/p>\n<p class=\"p1\"><b><i>Claudia Peralta V\u00e1zquez<\/i><\/b><\/p>\n<p class=\"p1\"><b><i>Fotos: Omar Portilla Palacios<\/i><\/b><\/p>\n<p class=\"p1\"><b><i>14\/08\/2023, Xalapa, Ver.- <\/i><\/b>La Universidad Veracruzana (UV), a trav\u00e9s de la C\u00e1tedra UNESCO Educaci\u00f3n para la Ecociudadan\u00eda y la Sustentabilidad, adscrita al <a href=\"https:\/\/www.uv.mx\/iie\/\" target=\"_blank\" rel=\"noopener\">Instituto de Investigaciones en Educaci\u00f3n<\/a> (IIE), reuni\u00f3 a 365 docentes de todos los niveles educativos, tanto nacionales como internacionales, en el curso \u201cCompetencia ecosocial y educaci\u00f3n\u201d.<\/p>\n<p class=\"p1\">Del 14 al 18 de agosto, la capacitaci\u00f3n est\u00e1 a cargo de Jos\u00e9 Manuel Guti\u00e9rrez Bastida, especialista en educaci\u00f3n ambiental, procedente de Bilbao, en el Pa\u00eds Vasco, quien fue recibido por Guadalupe Mendoza Zuany, coordinadora de la C\u00e1tedra UNESCO, y Gloria Elena Cruz S\u00e1nchez, directora del IIE.<\/p>\n<p class=\"p1\">En la Sala \u201cMar\u00eda Magdalena Hern\u00e1ndez Alarc\u00f3n\u201d del Centro de Autoacceso de la Unidad de Servicios Bibliotecarios y de Informaci\u00f3n (USBI), las funcionarias tambi\u00e9n dieron la bienvenida, de manera presencial, a participantes procedentes de diversas entidades del pa\u00eds y por v\u00eda virtual a docentes de Colombia, Argentina, Cuba, Espa\u00f1a y Chile.<\/p>\n<p class=\"p3\">La mayor\u00eda son formadores de nivel preescolar y hasta educaci\u00f3n superior, quienes colaboran en organizaciones civiles, instancias gubernamentales, municipios o secretar\u00edas.<\/p>\n<div id=\"attachment_133464\" style=\"width: 732px\" class=\"wp-caption aligncenter\"><img aria-describedby=\"caption-attachment-133464\" decoding=\"async\" loading=\"lazy\" class=\"size-full wp-image-133464\" src=\"https:\/\/www.uv.mx\/prensa\/files\/2023\/08\/140823-COMPETENCIA-ECOSOCIAL-2-ok.jpg\" alt=\"Manuel Guti\u00e9rrez Bastida, especialista en educaci\u00f3n ambiental, imparte el curso virtual y presencial, en la USBI\" width=\"722\" height=\"459\" srcset=\"https:\/\/www.uv.mx\/prensa\/files\/2023\/08\/140823-COMPETENCIA-ECOSOCIAL-2-ok.jpg 722w, https:\/\/www.uv.mx\/prensa\/files\/2023\/08\/140823-COMPETENCIA-ECOSOCIAL-2-ok-300x191.jpg 300w\" sizes=\"(max-width: 722px) 100vw, 722px\" \/><p id=\"caption-attachment-133464\" class=\"wp-caption-text\">Manuel Guti\u00e9rrez Bastida, especialista en educaci\u00f3n ambiental, imparte el curso virtual y presencial, en la USBI<\/p><\/div>\n<p>&nbsp;<\/p>\n<p class=\"p3\">Guadalupe Mendoza destac\u00f3 que este curso se desarrolla en una coyuntura muy especial en M\u00e9xico, en medio de un debate respecto a un plan de estudios de educaci\u00f3n b\u00e1sica sobre los libros de texto gratuitos de primaria y secundaria y su orientaci\u00f3n ideol\u00f3gica.<\/p>\n<p class=\"p3\">\u201cPoco se ha hablado o debatido sobre los fines de la educaci\u00f3n que enarbolan y su consideraci\u00f3n de la crisis socioecol\u00f3gica; este curso puede ser un detonante de esa discusi\u00f3n, de ese an\u00e1lisis sobre si se ha puesto al centro la vida humana, no humana, y del planeta en esta nueva propuesta educativa.\u201d<\/p>\n<p class=\"p3\">Este a\u00f1o, coment\u00f3, la C\u00e1tedra UNESCO modific\u00f3 su nombre para hacer \u00e9nfasis en el rol de la educaci\u00f3n, en la construcci\u00f3n de ecociudadan\u00eda y sustentabilidad, y en su intenci\u00f3n por vincularse con actores educativos y sociales dentro y fuera de la Universidad, en todos los niveles educativos, con la sociedad civil y las instancias gubernamentales.<\/p>\n<p class=\"p3\">Por tanto, exhort\u00f3 a los participantes a vislumbrar formas de colaboraci\u00f3n con la C\u00e1tedra y sus distintas actividades de car\u00e1cter formativo, de investigaci\u00f3n, y de vinculaci\u00f3n para la acci\u00f3n y la transformaci\u00f3n, de la forma de habitar tanto el planeta como cada uno de los contextos espec\u00edficos.<\/p>\n<div id=\"attachment_133463\" style=\"width: 732px\" class=\"wp-caption aligncenter\"><img aria-describedby=\"caption-attachment-133463\" decoding=\"async\" loading=\"lazy\" class=\"size-full wp-image-133463\" src=\"https:\/\/www.uv.mx\/prensa\/files\/2023\/08\/140823-COMPETENCIA-ECOSOCIAL-3-ok.jpg\" alt=\"Las funcionarias universitarias dieron la bienvenida al capacitador, as\u00ed como a los participantes nacionales e internacionales\" width=\"722\" height=\"364\" srcset=\"https:\/\/www.uv.mx\/prensa\/files\/2023\/08\/140823-COMPETENCIA-ECOSOCIAL-3-ok.jpg 722w, https:\/\/www.uv.mx\/prensa\/files\/2023\/08\/140823-COMPETENCIA-ECOSOCIAL-3-ok-300x151.jpg 300w\" sizes=\"(max-width: 722px) 100vw, 722px\" \/><p id=\"caption-attachment-133463\" class=\"wp-caption-text\">Las funcionarias universitarias dieron la bienvenida al capacitador, as\u00ed como a los participantes nacionales e internacionales<\/p><\/div>\n<p>&nbsp;<\/p>\n<p class=\"p3\">Dijo que la respuesta de las y los participantes a la convocatoria del curso es un signo de inter\u00e9s por conocer una propuesta educativa que atienda la apremiante necesidad de abordar la crisis socioecol\u00f3gica de forma transformadora.<\/p>\n<p class=\"p3\">Tambi\u00e9n, es muestra del inter\u00e9s de formarse para propiciar una educaci\u00f3n con enfoque ecosocial, que trascienda los actuales fines de la educaci\u00f3n que no han puesto en el centro de la vida a los seres humanos, seres no humanos y del planeta.<\/p>\n<p class=\"p3\">Al reconocer la presencia de Jos\u00e9 Manuel Guti\u00e9rrez Bastida, m\u00e1ster en educaci\u00f3n ambiental y autor del libro <i>Competencia ecosocial. Crisis global, transici\u00f3n ecosocial y educaci\u00f3n<\/i>, Mendoza Zuany resalt\u00f3 que en la obra se plasman diversas ideas que resuenan con proyectos de M\u00e9xico, de la UV y de sus diferentes facultades, institutos, centro y regiones.<\/p>\n","protected":false},"excerpt":{"rendered":"<p>La C\u00e1tedra UNESCO modific\u00f3 su nombre para hacer \u00e9nfasis en el rol de la educaci\u00f3n y en la construcci\u00f3n de ecociudadan\u00eda y sustentabilidad, destac\u00f3 su coordinadora Guadalupe Mendoza Zuany<\/p>\n","protected":false},"author":1775,"featured_media":133466,"comment_status":"closed","ping_status":"closed","sticky":false,"template":"","format":"standard","meta":[],"categories":[6301,8445,61,6299],"tags":[1631,12973,5365,11151,649,4163,384,7670,611,12330,3136,490,670,12976,12971,294,5003,12970,543,579,12975,8168,139,848,12972,3342,6462,12974,2473,572,279],"_links":{"self":[{"href":"https:\/\/www.uv.mx\/prensa\/wp-json\/wp\/v2\/posts\/133474"}],"collection":[{"href":"https:\/\/www.uv.mx\/prensa\/wp-json\/wp\/v2\/posts"}],"about":[{"href":"https:\/\/www.uv.mx\/prensa\/wp-json\/wp\/v2\/types\/post"}],"author":[{"embeddable":true,"href":"https:\/\/www.uv.mx\/prensa\/wp-json\/wp\/v2\/users\/1775"}],"replies":[{"embeddable":true,"href":"https:\/\/www.uv.mx\/prensa\/wp-json\/wp\/v2\/comments?post=133474"}],"version-history":[{"count":1,"href":"https:\/\/www.uv.mx\/prensa\/wp-json\/wp\/v2\/posts\/133474\/revisions"}],"predecessor-version":[{"id":133674,"href":"https:\/\/www.uv.mx\/prensa\/wp-json\/wp\/v2\/posts\/133474\/revisions\/133674"}],"wp:featuredmedia":[{"embeddable":true,"href":"https:\/\/www.uv.mx\/prensa\/wp-json\/wp\/v2\/media\/133466"}],"wp:attachment":[{"href":"https:\/\/www.uv.mx\/prensa\/wp-json\/wp\/v2\/media?parent=133474"}],"wp:term":[{"taxonomy":"category","embeddable":true,"href":"https:\/\/www.uv.mx\/prensa\/wp-json\/wp\/v2\/categories?post=133474"},{"taxonomy":"post_tag","embeddable":true,"href":"https:\/\/www.uv.mx\/prensa\/wp-json\/wp\/v2\/tags?post=133474"}],"curies":[{"name":"wp","href":"https:\/\/api.w.org\/{rel}","templated":true}]}}