{"id":133532,"date":"2023-08-15T18:10:56","date_gmt":"2023-08-15T23:10:56","guid":{"rendered":"https:\/\/www.uv.mx\/prensa\/?p=133532"},"modified":"2023-08-17T14:24:35","modified_gmt":"2023-08-17T19:24:35","slug":"uv-a-la-vanguardia-en-atencion-a-necesidades-locales-de-sustentabilidad","status":"publish","type":"post","link":"https:\/\/www.uv.mx\/prensa\/regiones\/uv-a-la-vanguardia-en-atencion-a-necesidades-locales-de-sustentabilidad\/","title":{"rendered":"UV a la vanguardia en atenci\u00f3n a necesidades locales de sustentabilidad\u00a0"},"content":{"rendered":"<ul>\n<li data-leveltext=\"\uf0b7\" data-font=\"Symbol\" data-listid=\"2\" data-list-defn-props=\"{&quot;335552541&quot;:1,&quot;335559684&quot;:-2,&quot;335559685&quot;:720,&quot;335559991&quot;:360,&quot;469769226&quot;:&quot;Symbol&quot;,&quot;469769242&quot;:[8226],&quot;469777803&quot;:&quot;left&quot;,&quot;469777804&quot;:&quot;\uf0b7&quot;,&quot;469777815&quot;:&quot;hybridMultilevel&quot;}\" data-aria-posinset=\"1\" data-aria-level=\"1\"><i><span data-contrast=\"auto\">La m\u00e1xima casa de estudio participa en proyecto multidisciplinario \u201cHacia una C\u00f3rdoba Circular\u201d para generar soluciones a problem\u00e1tica de residuos s\u00f3lidos urbanos en el municipio de C\u00f3rdoba<\/span><\/i><span data-ccp-props=\"{&quot;201341983&quot;:0,&quot;335559738&quot;:0,&quot;335559739&quot;:0,&quot;335559740&quot;:240}\">\u00a0<\/span><\/li>\n<\/ul>\n<p><span data-ccp-props=\"{&quot;201341983&quot;:0,&quot;335559738&quot;:0,&quot;335559739&quot;:0,&quot;335559740&quot;:240}\">\u00a0<\/span><\/p>\n<div id=\"attachment_133533\" style=\"width: 732px\" class=\"wp-caption aligncenter\"><img aria-describedby=\"caption-attachment-133533\" decoding=\"async\" loading=\"lazy\" class=\"size-full wp-image-133533\" src=\"https:\/\/www.uv.mx\/prensa\/files\/2023\/08\/150823-DAVID-UV-vanguardia-sustentabilidad-1.jpg\" alt=\"\" width=\"722\" height=\"426\" srcset=\"https:\/\/www.uv.mx\/prensa\/files\/2023\/08\/150823-DAVID-UV-vanguardia-sustentabilidad-1.jpg 722w, https:\/\/www.uv.mx\/prensa\/files\/2023\/08\/150823-DAVID-UV-vanguardia-sustentabilidad-1-300x177.jpg 300w\" sizes=\"(max-width: 722px) 100vw, 722px\" \/><p id=\"caption-attachment-133533\" class=\"wp-caption-text\">En el evento virtual se present\u00f3 informe que da cuenta de 253 necesidades de sustentabilidad expresadas por gobiernos estatales y municipales<\/p><\/div>\n<p><span data-ccp-props=\"{&quot;201341983&quot;:0,&quot;335559738&quot;:0,&quot;335559739&quot;:0,&quot;335559740&quot;:240}\">\u00a0<\/span><\/p>\n<p><b><i><span data-contrast=\"auto\">Redacci\u00f3n Universo<\/span><\/i><\/b><span data-ccp-props=\"{&quot;201341983&quot;:0,&quot;335559738&quot;:0,&quot;335559739&quot;:0,&quot;335559740&quot;:240}\">\u00a0<\/span><\/p>\n<p><b><i><span data-contrast=\"auto\">Fotos: Cortes\u00eda Coordinaci\u00f3n Universitaria para la Sustentabilidad UV<\/span><\/i><\/b><span data-ccp-props=\"{&quot;201341983&quot;:0,&quot;335559738&quot;:0,&quot;335559739&quot;:0,&quot;335559740&quot;:240}\">\u00a0<\/span><\/p>\n<p><b><i><span data-contrast=\"auto\">15\/08\/23 Xalapa, Ver.-<\/span><\/i><\/b><span data-contrast=\"auto\"> La <a href=\"https:\/\/www.uv.mx\/\" target=\"_blank\" rel=\"noopener\">Universidad Veracruzana<\/a> (UV) expuso el proyecto \u201cHacia una C\u00f3rdoba Circular\u201d en el marco del evento de presentaci\u00f3n del informe <\/span><i><span data-contrast=\"auto\">Conociendo necesidades locales de sostenibilidad<\/span><\/i><span data-contrast=\"auto\">, organizado por la Red de Soluciones para el Desarrollo Sostenible (SDSN, por sus siglas en ingl\u00e9s) M\u00e9xico y el Secretariado Ejecutivo del Consejo Nacional de la Agenda 2030.<\/span><span data-ccp-props=\"{&quot;201341983&quot;:0,&quot;335559738&quot;:0,&quot;335559739&quot;:0,&quot;335559740&quot;:240}\">\u00a0<\/span><\/p>\n<p><span data-contrast=\"auto\">En la presentaci\u00f3n virtual participaron, por parte de la UV, Mario Roberto Bernab\u00e9 Guapillo Vargas, vicerrector de la regi\u00f3n Orizaba-C\u00f3rdoba; Laura Bello Benavides, responsable de la Coordinaci\u00f3n Universitaria para la Sustentabilidad (<\/span><i><span data-contrast=\"auto\">Cosustenta<\/span><\/i><span data-contrast=\"auto\">); Jos\u00e9 Antonio Pensado Fern\u00e1ndez, responsable del Programa de Vinculaci\u00f3n basado en el modelo EPIC: EPICS UV, y los coordinadores del proyecto \u201cHacia una C\u00f3rdoba Circular\u201d en la regi\u00f3n Orizaba-C\u00f3rdoba, Francisco Nieves Garnica y Eric Pascal Houbron.<\/span><\/p>\n<p>&nbsp;<\/p>\n<div id=\"attachment_133534\" style=\"width: 732px\" class=\"wp-caption aligncenter\"><img aria-describedby=\"caption-attachment-133534\" decoding=\"async\" loading=\"lazy\" class=\"size-full wp-image-133534\" src=\"https:\/\/www.uv.mx\/prensa\/files\/2023\/08\/150823-DAVID-UV-vanguardia-sustentabilidad-2.jpg\" alt=\"\" width=\"722\" height=\"406\" srcset=\"https:\/\/www.uv.mx\/prensa\/files\/2023\/08\/150823-DAVID-UV-vanguardia-sustentabilidad-2.jpg 722w, https:\/\/www.uv.mx\/prensa\/files\/2023\/08\/150823-DAVID-UV-vanguardia-sustentabilidad-2-300x169.jpg 300w\" sizes=\"(max-width: 722px) 100vw, 722px\" \/><p id=\"caption-attachment-133534\" class=\"wp-caption-text\">El proyecto \u201cHacia una C\u00f3rdoba Circular\u201d es el caso piloto de implementaci\u00f3n de la iniciativa nacional \u201cSoluciones 2030: Impulsando el desarrollo local sostenible\u201d<\/p><\/div>\n<p><span data-ccp-props=\"{&quot;201341983&quot;:0,&quot;335559731&quot;:708,&quot;335559738&quot;:0,&quot;335559739&quot;:0,&quot;335559740&quot;:240}\">\u00a0<\/span><\/p>\n<p><span data-contrast=\"auto\">El proyecto \u201cHacia una C\u00f3rdoba Circular\u201d, realizado por la Cosustenta y la vicerrector\u00eda Orizaba-C\u00f3rdoba, involucra en su primera etapa a profesores y estudiantes de cuatro experiencias educativas de distintos programas educativos (PE) de la regi\u00f3n en el dise\u00f1o de soluciones a necesidades planteadas por el Ayuntamiento de C\u00f3rdoba en materia de gesti\u00f3n y reducci\u00f3n de residuos s\u00f3lidos urbanos, con el apoyo de expertos de la Red SDSN y utilizando el modelo de vinculaci\u00f3n de la Red de Alianzas Educativas para la Innovaci\u00f3n en Comunidades (EPIC, por sus siglas en ingl\u00e9s).<\/span><span data-ccp-props=\"{&quot;201341983&quot;:0,&quot;335559731&quot;:708,&quot;335559738&quot;:0,&quot;335559739&quot;:0,&quot;335559740&quot;:240}\">\u00a0<\/span><\/p>\n<p><span data-contrast=\"auto\">El vicerrector Mario Roberto Guapillo, expres\u00f3 el compromiso que la UV tiene respecto a la sustentabilidad y el bienestar de la comunidad: \u201cEstamos convencidos que los derechos humanos y la sustentabilidad son el \u00fanico camino posible para la supervivencia y convivencia de la especie humana y de todas las especies que habitan el planeta\u201d.<\/span><span data-ccp-props=\"{&quot;201341983&quot;:0,&quot;335559731&quot;:708,&quot;335559738&quot;:0,&quot;335559739&quot;:0,&quot;335559740&quot;:240}\">\u00a0<\/span><\/p>\n<p>&nbsp;<\/p>\n<div id=\"attachment_133535\" style=\"width: 732px\" class=\"wp-caption aligncenter\"><img aria-describedby=\"caption-attachment-133535\" decoding=\"async\" loading=\"lazy\" class=\"size-full wp-image-133535\" src=\"https:\/\/www.uv.mx\/prensa\/files\/2023\/08\/150823-DAVID-UV-vanguardia-sustentabilidad-3.jpg\" alt=\"\" width=\"722\" height=\"406\" srcset=\"https:\/\/www.uv.mx\/prensa\/files\/2023\/08\/150823-DAVID-UV-vanguardia-sustentabilidad-3.jpg 722w, https:\/\/www.uv.mx\/prensa\/files\/2023\/08\/150823-DAVID-UV-vanguardia-sustentabilidad-3-300x169.jpg 300w\" sizes=\"(max-width: 722px) 100vw, 722px\" \/><p id=\"caption-attachment-133535\" class=\"wp-caption-text\">El vicerrector Mario Roberto Guapillo refrend\u00f3 su compromiso de contribuir a la atenci\u00f3n de las problem\u00e1ticas socioambientales de la regi\u00f3n<\/p><\/div>\n<p>&nbsp;<\/p>\n<p><span data-contrast=\"auto\">Asimismo, reiter\u00f3 que la instituci\u00f3n tiene en sus ejes transversales los derechos humanos y la sustentabilidad, los cuales, por medio de la docencia, la investigaci\u00f3n, la vinculaci\u00f3n y la difusi\u00f3n de la cultura, resultan en la formaci\u00f3n de profesionales integrales capaces de dar respuestas a los problemas regionales y nacionales.<\/span><span data-ccp-props=\"{&quot;201341983&quot;:0,&quot;335559731&quot;:708,&quot;335559738&quot;:0,&quot;335559739&quot;:0,&quot;335559740&quot;:240}\">\u00a0<\/span><\/p>\n<p><span data-contrast=\"auto\">Por su parte, Laura Bello Benavides, subray\u00f3 la trayectoria y trabajo que esta casa de estudios tiene en cuanto al fortalecimiento de la sustentabilidad en sus funciones sustantivas y de gesti\u00f3n universitaria.<\/span><\/p>\n<p>&nbsp;<\/p>\n<div id=\"attachment_133536\" style=\"width: 732px\" class=\"wp-caption aligncenter\"><img aria-describedby=\"caption-attachment-133536\" decoding=\"async\" loading=\"lazy\" class=\"size-full wp-image-133536\" src=\"https:\/\/www.uv.mx\/prensa\/files\/2023\/08\/150823-DAVID-UV-vanguardia-sustentabilidad-4.jpg\" alt=\"\" width=\"722\" height=\"406\" srcset=\"https:\/\/www.uv.mx\/prensa\/files\/2023\/08\/150823-DAVID-UV-vanguardia-sustentabilidad-4.jpg 722w, https:\/\/www.uv.mx\/prensa\/files\/2023\/08\/150823-DAVID-UV-vanguardia-sustentabilidad-4-300x169.jpg 300w\" sizes=\"(max-width: 722px) 100vw, 722px\" \/><p id=\"caption-attachment-133536\" class=\"wp-caption-text\">Se present\u00f3 el modelo EPIC como metodolog\u00eda de intervenci\u00f3n del proyecto \u201cHacia una C\u00f3rdoba Circular\u201d<\/p><\/div>\n<p><span data-ccp-props=\"{&quot;201341983&quot;:0,&quot;335559731&quot;:708,&quot;335559738&quot;:0,&quot;335559739&quot;:0,&quot;335559740&quot;:240}\">\u00a0<\/span><\/p>\n<p><span data-contrast=\"auto\">Igualmente, enfatiz\u00f3 la relevancia de que el proyecto de vinculaci\u00f3n \u201cHacia una C\u00f3rdoba Circular\u201d se articule con procesos educativos y de investigaci\u00f3n, siendo esto una fortaleza de la UV.<\/span><span data-ccp-props=\"{&quot;201341983&quot;:0,&quot;335559731&quot;:708,&quot;335559738&quot;:0,&quot;335559739&quot;:0,&quot;335559740&quot;:240}\">\u00a0<\/span><\/p>\n<p><span data-contrast=\"auto\">A la reuni\u00f3n virtual se dieron cita representantes de universidades, del sector privado y de gobiernos estatales y municipales, quienes mostraron gran inter\u00e9s por continuar generando alianzas entre academia y otros sectores de la sociedad para la soluci\u00f3n a necesidades locales de sustentabilidad.<\/span><\/p>\n","protected":false},"excerpt":{"rendered":"<p>El proyecto impulsado por la Coordinaci\u00f3n Universitaria para la Sustentabilidad y la vicerrector\u00eda Orizaba-C\u00f3rdoba atiende las necesidades ambientales expuestas por el ayuntamiento<\/p>\n","protected":false},"author":1869,"featured_media":133537,"comment_status":"closed","ping_status":"closed","sticky":false,"template":"","format":"standard","meta":[],"categories":[45,53,61,32,6299],"tags":[10247,13003,13002,506,13001,12999,12998,13000,13004],"_links":{"self":[{"href":"https:\/\/www.uv.mx\/prensa\/wp-json\/wp\/v2\/posts\/133532"}],"collection":[{"href":"https:\/\/www.uv.mx\/prensa\/wp-json\/wp\/v2\/posts"}],"about":[{"href":"https:\/\/www.uv.mx\/prensa\/wp-json\/wp\/v2\/types\/post"}],"author":[{"embeddable":true,"href":"https:\/\/www.uv.mx\/prensa\/wp-json\/wp\/v2\/users\/1869"}],"replies":[{"embeddable":true,"href":"https:\/\/www.uv.mx\/prensa\/wp-json\/wp\/v2\/comments?post=133532"}],"version-history":[{"count":1,"href":"https:\/\/www.uv.mx\/prensa\/wp-json\/wp\/v2\/posts\/133532\/revisions"}],"predecessor-version":[{"id":133673,"href":"https:\/\/www.uv.mx\/prensa\/wp-json\/wp\/v2\/posts\/133532\/revisions\/133673"}],"wp:featuredmedia":[{"embeddable":true,"href":"https:\/\/www.uv.mx\/prensa\/wp-json\/wp\/v2\/media\/133537"}],"wp:attachment":[{"href":"https:\/\/www.uv.mx\/prensa\/wp-json\/wp\/v2\/media?parent=133532"}],"wp:term":[{"taxonomy":"category","embeddable":true,"href":"https:\/\/www.uv.mx\/prensa\/wp-json\/wp\/v2\/categories?post=133532"},{"taxonomy":"post_tag","embeddable":true,"href":"https:\/\/www.uv.mx\/prensa\/wp-json\/wp\/v2\/tags?post=133532"}],"curies":[{"name":"wp","href":"https:\/\/api.w.org\/{rel}","templated":true}]}}