{"id":133582,"date":"2023-08-16T13:44:41","date_gmt":"2023-08-16T18:44:41","guid":{"rendered":"https:\/\/www.uv.mx\/prensa\/?p=133582"},"modified":"2023-08-17T14:15:34","modified_gmt":"2023-08-17T19:15:34","slug":"estudiante-uv-realiza-estancia-en-canada","status":"publish","type":"post","link":"https:\/\/www.uv.mx\/prensa\/general\/estudiante-uv-realiza-estancia-en-canada\/","title":{"rendered":"Estudiante UV realiza estancia en Canad\u00e1"},"content":{"rendered":"<ul style=\"font-weight: 400\">\n<li data-leveltext=\"\uf0b7\" data-font=\"Symbol\" data-listid=\"3\" data-list-defn-props=\"{&quot;335552541&quot;:1,&quot;335559684&quot;:-2,&quot;335559685&quot;:720,&quot;335559991&quot;:360,&quot;469769226&quot;:&quot;Symbol&quot;,&quot;469769242&quot;:[8226],&quot;469777803&quot;:&quot;left&quot;,&quot;469777804&quot;:&quot;\uf0b7&quot;,&quot;469777815&quot;:&quot;hybridMultilevel&quot;}\" data-aria-posinset=\"1\" data-aria-level=\"1\"><i><span data-contrast=\"auto\">Mariana Su\u00e1rez fue acreedora a una de las cinco becas para realizar una estancia en el Greystone College de la ILSC en Montreal<\/span><\/i><span data-ccp-props=\"{&quot;201341983&quot;:0,&quot;335559739&quot;:0,&quot;335559740&quot;:240}\">\u00a0<\/span><\/li>\n<li data-leveltext=\"\uf0b7\" data-font=\"Symbol\" data-listid=\"3\" data-list-defn-props=\"{&quot;335552541&quot;:1,&quot;335559684&quot;:-2,&quot;335559685&quot;:720,&quot;335559991&quot;:360,&quot;469769226&quot;:&quot;Symbol&quot;,&quot;469769242&quot;:[8226],&quot;469777803&quot;:&quot;left&quot;,&quot;469777804&quot;:&quot;\uf0b7&quot;,&quot;469777815&quot;:&quot;hybridMultilevel&quot;}\" data-aria-posinset=\"2\" data-aria-level=\"1\"><i><span data-contrast=\"auto\">Busca perfeccionar su ingl\u00e9s a trav\u00e9s de practicarlo con nativo-hablantes<\/span><\/i><span data-ccp-props=\"{&quot;201341983&quot;:0,&quot;335559739&quot;:0,&quot;335559740&quot;:240}\">\u00a0<\/span><\/li>\n<\/ul>\n<div id=\"attachment_133585\" style=\"width: 732px\" class=\"wp-caption aligncenter\"><img aria-describedby=\"caption-attachment-133585\" decoding=\"async\" loading=\"lazy\" class=\"size-full wp-image-133585\" src=\"https:\/\/www.uv.mx\/prensa\/files\/2023\/08\/160823-Eduardo-Orizaba-estancia-Canada-2.jpg\" alt=\"\" width=\"722\" height=\"542\" srcset=\"https:\/\/www.uv.mx\/prensa\/files\/2023\/08\/160823-Eduardo-Orizaba-estancia-Canada-2.jpg 722w, https:\/\/www.uv.mx\/prensa\/files\/2023\/08\/160823-Eduardo-Orizaba-estancia-Canada-2-300x225.jpg 300w\" sizes=\"(max-width: 722px) 100vw, 722px\" \/><p id=\"caption-attachment-133585\" class=\"wp-caption-text\">Mariana Su\u00e1rez Vel\u00e1zquez, beneficiaria de una beca para realizar una estancia acad\u00e9mica en Canad\u00e1<\/p><\/div>\n<p>&nbsp;<\/p>\n<p><b><i><span data-contrast=\"auto\">Eduardo Ca\u00f1edo Lom\u00e1n<\/span><\/i><\/b><span data-ccp-props=\"{&quot;134233279&quot;:true,&quot;201341983&quot;:0,&quot;335559739&quot;:0,&quot;335559740&quot;:240}\">\u00a0<\/span><\/p>\n<p><b><i><span data-contrast=\"auto\">16\/08\/2023, Orizaba, Ver.-<\/span><\/i><\/b><span data-contrast=\"auto\"> Mariana Su\u00e1rez Vel\u00e1zquez, estudiante del s\u00e9ptimo periodo del programa educativo de Ingenier\u00eda en Biotecnolog\u00eda de la <a href=\"https:\/\/www.uv.mx\/orizaba\/cq\/\" target=\"_blank\" rel=\"noopener\">Facultad de Ciencias Qu\u00edmicas<\/a> de la Universidad Veracruzana (UV) en la regi\u00f3n Orizaba-C\u00f3rdoba, realiza una estancia en el Greystone College del<\/span> <span data-contrast=\"auto\">International Language Schools of Canada (ILSC) en Montreal.<\/span><span data-ccp-props=\"{&quot;134233279&quot;:true,&quot;201341983&quot;:0,&quot;335559739&quot;:0,&quot;335559740&quot;:240}\">\u00a0<\/span><\/p>\n<p><span data-contrast=\"auto\">La movilidad fue lograda gracias a la convocatoria publicada por Fundaci\u00f3n Televisa, a trav\u00e9s del programa B\u00e9calos English Challenge, y la Asociaci\u00f3n de Bancos de M\u00e9xico; el proceso consist\u00eda en una licencia para aprender ingl\u00e9s por 10 meses, tiempo en el cual los participantes tendr\u00edan acceso a una de las plataformas m\u00e1s innovadoras de educaci\u00f3n en l\u00ednea, y quienes obtuvieran mejores puntajes ser\u00edan entrevistados para tener la posibilidad de realizar una estancia.<\/span><span data-ccp-props=\"{&quot;134233279&quot;:true,&quot;201341983&quot;:0,&quot;335559731&quot;:708,&quot;335559739&quot;:0,&quot;335559740&quot;:240}\">\u00a0<\/span><\/p>\n<p><span data-contrast=\"auto\">\u201cEstuve trabajando arduamente para ser acreedora a este incentivo, desde septiembre de 2022 que se abri\u00f3 la convocatoria y hasta finales de junio de ese a\u00f1o, cuando se me confirm\u00f3 la entrevista, \u00faltimo paso para otorgar la beca\u201d, destac\u00f3 Su\u00e1rez Vel\u00e1zquez, una de las cinco personas que obtuvieron una beca a nivel nacional y quien adem\u00e1s obtuvo el primer lugar nacional durante la etapa de evaluaci\u00f3n.<\/span><span data-ccp-props=\"{&quot;134233279&quot;:true,&quot;201341983&quot;:0,&quot;335559731&quot;:708,&quot;335559739&quot;:0,&quot;335559740&quot;:240}\">\u00a0<\/span><\/p>\n<p><span data-contrast=\"auto\">Cabe se\u00f1alar que su estad\u00eda en el Greystone College ILSC comenz\u00f3 el 13 de agosto y tendr\u00e1 una duraci\u00f3n de cuatro semanas en las que buscar\u00e1 reforzar sus conocimientos en ingl\u00e9s y lograr una mayor confianza al practicarlo con nativo-hablantes. Adem\u00e1s, para reforzar el aprendizaje se alojar\u00e1 con una familia canadiense.<\/span><span data-ccp-props=\"{&quot;134233279&quot;:true,&quot;201341983&quot;:0,&quot;335559731&quot;:708,&quot;335559739&quot;:0,&quot;335559740&quot;:240}\">\u00a0<\/span><\/p>\n<p><span data-contrast=\"auto\">\u201cQuiero conocer muchas culturas porque el programa de Greystone College es internacional, por lo que llegar\u00e1n personas de otras partes del mundo, lo que me facilitar\u00e1 aprender mucho y ampliar mis horizontes y percepci\u00f3n de la vida\u201d, enfatiz\u00f3.<\/span><span data-ccp-props=\"{&quot;134233279&quot;:true,&quot;201341983&quot;:0,&quot;335559731&quot;:708,&quot;335559739&quot;:0,&quot;335559740&quot;:240}\">\u00a0<\/span><\/p>\n<p><span data-contrast=\"auto\">De igual manera, destac\u00f3 que el aprendizaje de idiomas \u2013en este caso el ingl\u00e9s\u2013 es parte fundamental de su formaci\u00f3n, toda vez que \u201cconstantemente tenemos que leer art\u00edculos cient\u00edficos y la informaci\u00f3n m\u00e1s novedosa siempre est\u00e1 en revistas en ingl\u00e9s, por lo que es muy importante contar con una buena formaci\u00f3n en este sentido para estar a la vanguardia y ampliar nuestras posibilidades\u201d.<\/span><span data-ccp-props=\"{&quot;134233279&quot;:true,&quot;201341983&quot;:0,&quot;335559731&quot;:708,&quot;335559739&quot;:0,&quot;335559740&quot;:240}\">\u00a0<\/span><\/p>\n<p><span data-contrast=\"auto\">Para finalizar, agradeci\u00f3 el acompa\u00f1amiento de acad\u00e9micos y autoridades, as\u00ed como a la instituci\u00f3n por apoyar y facilitar el tr\u00e1mite para conseguir este tipo de experiencias.<\/span><span data-ccp-props=\"{&quot;134233279&quot;:true,&quot;201341983&quot;:0,&quot;335559731&quot;:708,&quot;335559739&quot;:0,&quot;335559740&quot;:240}\">\u00a0<\/span><\/p>\n<p><span data-ccp-props=\"{&quot;134233279&quot;:true,&quot;201341983&quot;:0,&quot;335559739&quot;:0,&quot;335559740&quot;:240}\">\u00a0<\/span><\/p>\n","protected":false},"excerpt":{"rendered":"<p>A trav\u00e9s de una convocatoria emitida por Fundaci\u00f3n Televisa y la Asociaci\u00f3n de Bancos de M\u00e9xico, Mariana Su\u00e1rez realiza estancia de cuatro semanas en el Greystone College de la ILSC en Montreal <\/p>\n","protected":false},"author":1810,"featured_media":133604,"comment_status":"closed","ping_status":"closed","sticky":false,"template":"","format":"standard","meta":[],"categories":[1],"tags":[13017,13018,4172,198,13016,13014,13015],"_links":{"self":[{"href":"https:\/\/www.uv.mx\/prensa\/wp-json\/wp\/v2\/posts\/133582"}],"collection":[{"href":"https:\/\/www.uv.mx\/prensa\/wp-json\/wp\/v2\/posts"}],"about":[{"href":"https:\/\/www.uv.mx\/prensa\/wp-json\/wp\/v2\/types\/post"}],"author":[{"embeddable":true,"href":"https:\/\/www.uv.mx\/prensa\/wp-json\/wp\/v2\/users\/1810"}],"replies":[{"embeddable":true,"href":"https:\/\/www.uv.mx\/prensa\/wp-json\/wp\/v2\/comments?post=133582"}],"version-history":[{"count":1,"href":"https:\/\/www.uv.mx\/prensa\/wp-json\/wp\/v2\/posts\/133582\/revisions"}],"predecessor-version":[{"id":133667,"href":"https:\/\/www.uv.mx\/prensa\/wp-json\/wp\/v2\/posts\/133582\/revisions\/133667"}],"wp:featuredmedia":[{"embeddable":true,"href":"https:\/\/www.uv.mx\/prensa\/wp-json\/wp\/v2\/media\/133604"}],"wp:attachment":[{"href":"https:\/\/www.uv.mx\/prensa\/wp-json\/wp\/v2\/media?parent=133582"}],"wp:term":[{"taxonomy":"category","embeddable":true,"href":"https:\/\/www.uv.mx\/prensa\/wp-json\/wp\/v2\/categories?post=133582"},{"taxonomy":"post_tag","embeddable":true,"href":"https:\/\/www.uv.mx\/prensa\/wp-json\/wp\/v2\/tags?post=133582"}],"curies":[{"name":"wp","href":"https:\/\/api.w.org\/{rel}","templated":true}]}}