{"id":133597,"date":"2023-08-16T19:32:32","date_gmt":"2023-08-17T00:32:32","guid":{"rendered":"https:\/\/www.uv.mx\/prensa\/?p=133597"},"modified":"2023-08-17T14:11:10","modified_gmt":"2023-08-17T19:11:10","slug":"maestria-en-salud-publica-uv-impacta-en-el-bienestar-de-la-comunidad","status":"publish","type":"post","link":"https:\/\/www.uv.mx\/prensa\/general\/maestria-en-salud-publica-uv-impacta-en-el-bienestar-de-la-comunidad\/","title":{"rendered":"Maestr\u00eda en Salud P\u00fablica UV impacta en el bienestar de la comunidad"},"content":{"rendered":"<ul>\n<li data-leveltext=\"\uf0b7\" data-font=\"Symbol\" data-listid=\"1\" data-list-defn-props=\"{&quot;335552541&quot;:1,&quot;335559684&quot;:-2,&quot;335559685&quot;:720,&quot;335559991&quot;:360,&quot;469769226&quot;:&quot;Symbol&quot;,&quot;469769242&quot;:[8226],&quot;469777803&quot;:&quot;left&quot;,&quot;469777804&quot;:&quot;\uf0b7&quot;,&quot;469777815&quot;:&quot;hybridMultilevel&quot;}\" data-aria-posinset=\"1\" data-aria-level=\"1\"><i><span data-contrast=\"auto\">Proyectos de investigaci\u00f3n abordan problemas de salud actuales; otros derivan de la pandemia por la COVID-19<\/span><\/i><span data-ccp-props=\"{&quot;201341983&quot;:0,&quot;335559739&quot;:0,&quot;335559740&quot;:240}\">\u00a0<\/span><\/li>\n<li data-leveltext=\"\uf0b7\" data-font=\"Symbol\" data-listid=\"1\" data-list-defn-props=\"{&quot;335552541&quot;:1,&quot;335559684&quot;:-2,&quot;335559685&quot;:720,&quot;335559991&quot;:360,&quot;469769226&quot;:&quot;Symbol&quot;,&quot;469769242&quot;:[8226],&quot;469777803&quot;:&quot;left&quot;,&quot;469777804&quot;:&quot;\uf0b7&quot;,&quot;469777815&quot;:&quot;hybridMultilevel&quot;}\" data-aria-posinset=\"2\" data-aria-level=\"1\"><i><span data-contrast=\"auto\">C\u00e1ncer, obesidad, salud mental y estilos de vida saludable, son algunos de los temas de estudio<\/span><\/i><span data-ccp-props=\"{&quot;201341983&quot;:0,&quot;335559739&quot;:0,&quot;335559740&quot;:240}\">\u00a0<\/span><\/li>\n<li data-leveltext=\"\uf0b7\" data-font=\"Symbol\" data-listid=\"1\" data-list-defn-props=\"{&quot;335552541&quot;:1,&quot;335559684&quot;:-2,&quot;335559685&quot;:720,&quot;335559991&quot;:360,&quot;469769226&quot;:&quot;Symbol&quot;,&quot;469769242&quot;:[8226],&quot;469777803&quot;:&quot;left&quot;,&quot;469777804&quot;:&quot;\uf0b7&quot;,&quot;469777815&quot;:&quot;hybridMultilevel&quot;}\" data-aria-posinset=\"3\" data-aria-level=\"1\"><i><span data-contrast=\"auto\">\u201cSigue siendo un posgrado con alta demanda estudiantil\u201d: Manuel Salvador Luzan\u00eda Valerio, coordinador<\/span><\/i><span data-ccp-props=\"{&quot;201341983&quot;:0,&quot;335559739&quot;:0,&quot;335559740&quot;:240}\">\u00a0<\/span><\/li>\n<\/ul>\n<p><span data-ccp-props=\"{&quot;201341983&quot;:0,&quot;335559739&quot;:0,&quot;335559740&quot;:240}\">\u00a0<\/span><\/p>\n<div id=\"attachment_133598\" style=\"width: 732px\" class=\"wp-caption aligncenter\"><img aria-describedby=\"caption-attachment-133598\" decoding=\"async\" loading=\"lazy\" class=\"size-full wp-image-133598\" src=\"https:\/\/www.uv.mx\/prensa\/files\/2023\/08\/160823-MAESTRIA-SALUD-PUBLICA-1.jpg\" alt=\"\" width=\"722\" height=\"493\" srcset=\"https:\/\/www.uv.mx\/prensa\/files\/2023\/08\/160823-MAESTRIA-SALUD-PUBLICA-1.jpg 722w, https:\/\/www.uv.mx\/prensa\/files\/2023\/08\/160823-MAESTRIA-SALUD-PUBLICA-1-300x205.jpg 300w\" sizes=\"(max-width: 722px) 100vw, 722px\" \/><p id=\"caption-attachment-133598\" class=\"wp-caption-text\">Manuel Salvador Luzan\u00eda Valerio, coordinador de la Maestr\u00eda en Salud P\u00fablica del ISP-UV<\/p><\/div>\n<p><span data-ccp-props=\"{&quot;201341983&quot;:0,&quot;335559739&quot;:0,&quot;335559740&quot;:240}\">\u00a0<\/span><\/p>\n<p><b><i><span data-contrast=\"auto\">Claudia Peralta V\u00e1zquez<\/span><\/i><\/b><span data-ccp-props=\"{&quot;201341983&quot;:0,&quot;335559739&quot;:0,&quot;335559740&quot;:240}\">\u00a0<\/span><\/p>\n<p><b><i><span data-contrast=\"auto\">Fotos: Omar Portilla Palacios (1) y Facebook Maestr\u00eda en Salud P\u00fablica UV (2 y 3)<\/span><\/i><\/b><span data-ccp-props=\"{&quot;201341983&quot;:0,&quot;335559739&quot;:0,&quot;335559740&quot;:240}\">\u00a0<\/span><\/p>\n<p><b><i><span data-contrast=\"auto\">16\/08\/2023, Xalapa, Ver.- <\/span><\/i><\/b><span data-contrast=\"auto\">La Maestr\u00eda en Salud P\u00fablica, adscrita al <a href=\"https:\/\/www.uv.mx\/isp\/\">Instituto de Salud P\u00fablica<\/a> (ISP) de la Universidad Veracruzana (UV), impacta en el bienestar de la poblaci\u00f3n por medio de sus proyectos de investigaci\u00f3n y an\u00e1lisis que abordan problem\u00e1ticas de salud actuales, y otros que derivan de la pandemia por la COVID-19.<\/span><span data-ccp-props=\"{&quot;201341983&quot;:0,&quot;335559739&quot;:0,&quot;335559740&quot;:240}\">\u00a0<\/span><\/p>\n<p><span data-contrast=\"auto\">Manuel Salvador Luzan\u00eda Valerio, coordinador del posgrado, dio a conocer que situaciones de salud como: c\u00e1ncer, obesidad, salud mental y estilos de vida saludable, son algunas de las tem\u00e1ticas desarrolladas por alumnos y alumnas durante su permanencia, la cual tiene una duraci\u00f3n de dos a\u00f1os.<\/span><span data-ccp-props=\"{&quot;201341983&quot;:0,&quot;335559731&quot;:708,&quot;335559739&quot;:0,&quot;335559740&quot;:240}\">\u00a0<\/span><\/p>\n<p><span data-contrast=\"auto\">Resalt\u00f3 la alta demanda de ingreso que caracteriza al programa educativo (PE) adherido al Sistema Nacional de Posgrados (SNP) del Consejo Nacional de Humanidades, Ciencias y Tecnolog\u00edas (<\/span><i><span data-contrast=\"auto\">Conahcyt<\/span><\/i><span data-contrast=\"auto\">). En este sentido, dio a conocer que a partir del ciclo escolar que inicia el 21 de agosto, 27 alumnos y alumnas iniciar\u00e1n su preparaci\u00f3n acad\u00e9mica y 23 estudiantes egresar\u00e1n de sus aulas.<\/span><\/p>\n<p>&nbsp;<\/p>\n<div id=\"attachment_133599\" style=\"width: 732px\" class=\"wp-caption aligncenter\"><img aria-describedby=\"caption-attachment-133599\" decoding=\"async\" loading=\"lazy\" class=\"size-full wp-image-133599\" src=\"https:\/\/www.uv.mx\/prensa\/files\/2023\/08\/160823-MAESTRIA-SALUD-PUBLICA-2.jpg\" alt=\"\" width=\"722\" height=\"542\" srcset=\"https:\/\/www.uv.mx\/prensa\/files\/2023\/08\/160823-MAESTRIA-SALUD-PUBLICA-2.jpg 722w, https:\/\/www.uv.mx\/prensa\/files\/2023\/08\/160823-MAESTRIA-SALUD-PUBLICA-2-300x225.jpg 300w\" sizes=\"(max-width: 722px) 100vw, 722px\" \/><p id=\"caption-attachment-133599\" class=\"wp-caption-text\">Dentro del proceso de titulaci\u00f3n, estudiantes de la Maestr\u00eda en Salud P\u00fablica ya han presentado sus proyectos de investigaci\u00f3n<\/p><\/div>\n<p>&nbsp;<\/p>\n<p><span data-contrast=\"auto\">De estos \u00faltimos, cuatro han logrado titularse por medio de la presentaci\u00f3n de su examen de grado, desde el mes pasado. De aqu\u00ed a diciembre, esperan que la totalidad concluya este proceso.<\/span><span data-ccp-props=\"{&quot;201341983&quot;:0,&quot;335559731&quot;:708,&quot;335559739&quot;:0,&quot;335559740&quot;:240}\">\u00a0<\/span><\/p>\n<p><span data-contrast=\"auto\">Con relaci\u00f3n a los temas de salud que se abordan, Luzan\u00eda Valerio se\u00f1al\u00f3 que, generalmente, la mayor\u00eda cuenta con una propuesta de investigaci\u00f3n que ya desarrollan y se ajusta a las experiencias educativas (EE) del posgrado.<\/span><span data-ccp-props=\"{&quot;201341983&quot;:0,&quot;335559731&quot;:708,&quot;335559739&quot;:0,&quot;335559740&quot;:240}\">\u00a0<\/span><\/p>\n<p><span data-contrast=\"auto\">En cuanto a la oferta laboral, extern\u00f3 que actualmente el panorama es un poco complejo para insertarse en los servicios e instituciones de salud p\u00fablica; sin embargo, muchos han logrado colocarse en organismos privados o de la sociedad civil. \u201cDe esta manera se diversifica el poder acceder a un mercado laboral, porque anteriormente estaban muy enfocados a los servicios de salud\u201d.<\/span><span data-ccp-props=\"{&quot;201341983&quot;:0,&quot;335559731&quot;:708,&quot;335559739&quot;:0,&quot;335559740&quot;:240}\">\u00a0<\/span><\/p>\n<p>&nbsp;<\/p>\n<div id=\"attachment_133600\" style=\"width: 732px\" class=\"wp-caption aligncenter\"><img aria-describedby=\"caption-attachment-133600\" decoding=\"async\" loading=\"lazy\" class=\"size-full wp-image-133600\" src=\"https:\/\/www.uv.mx\/prensa\/files\/2023\/08\/160823-MAESTRIA-SALUD-PUBLICA-3.jpg\" alt=\"\" width=\"722\" height=\"481\" srcset=\"https:\/\/www.uv.mx\/prensa\/files\/2023\/08\/160823-MAESTRIA-SALUD-PUBLICA-3.jpg 722w, https:\/\/www.uv.mx\/prensa\/files\/2023\/08\/160823-MAESTRIA-SALUD-PUBLICA-3-300x200.jpg 300w\" sizes=\"(max-width: 722px) 100vw, 722px\" \/><p id=\"caption-attachment-133600\" class=\"wp-caption-text\">C\u00e1ncer, obesidad, salud mental y estilos de vida saludable, son algunos de los temas de estudio abordados por los estudiantes<\/p><\/div>\n<p>&nbsp;<\/p>\n<p><span data-contrast=\"auto\">Manuel Salvador Luzan\u00eda expuso, adem\u00e1s, que el 80% de los estudiantes que ingresan proceden de \u00e1reas afines a Ciencias de la Salud, entre ellas: Medicina, Nutrici\u00f3n y Enfermer\u00eda. Aunque, de igual forma, se han inscrito de otros campos de conocimiento como Derecho o Administraci\u00f3n, por citar algunos.<\/span><span data-ccp-props=\"{&quot;201341983&quot;:0,&quot;335559731&quot;:708,&quot;335559739&quot;:0,&quot;335559740&quot;:240}\">\u00a0<\/span><\/p>\n<p><span data-contrast=\"auto\">En la actualidad, manifest\u00f3 que uno de los retos que enfrentan tiene que ver con la asignaci\u00f3n de becas del <\/span><i><span data-contrast=\"auto\">Conahcyt<\/span><\/i><span data-contrast=\"auto\">, mismas que han sido recortadas.<\/span><span data-ccp-props=\"{&quot;201341983&quot;:0,&quot;335559731&quot;:708,&quot;335559739&quot;:0,&quot;335559740&quot;:240}\">\u00a0<\/span><\/p>\n<p><span data-contrast=\"auto\">\u201cMuchos de los aspirantes vienen por la obtenci\u00f3n de la beca, es dif\u00edcil iniciar un posgrado si no se cuenta con ese apoyo.\u201d<\/span><span data-ccp-props=\"{&quot;201341983&quot;:0,&quot;335559731&quot;:708,&quot;335559739&quot;:0,&quot;335559740&quot;:240}\">\u00a0<\/span><\/p>\n<p><span data-contrast=\"auto\">No obstante, confi\u00f3 en la permanencia de otros apoyos econ\u00f3micos para los estudiantes, tambi\u00e9n proporcionados por <\/span><i><span data-contrast=\"auto\">Conahcyt<\/span><\/i><span data-contrast=\"auto\">, que tienen que ver con la ejecuci\u00f3n de pr\u00e1cticas profesionales en campo y becas de movilidad nacional e internacional.<\/span><\/p>\n","protected":false},"excerpt":{"rendered":"<p>A partir del ciclo escolar que inicia el 21 de agosto, 27 alumnos y alumnas iniciar\u00e1n su preparaci\u00f3n acad\u00e9mica, y 23 estudiantes egresan de sus aulas<\/p>\n","protected":false},"author":1869,"featured_media":133601,"comment_status":"closed","ping_status":"closed","sticky":false,"template":"","format":"standard","meta":[],"categories":[45,1,61],"tags":[1092,12872,13005,354,100,12812,10883,3480,620,621,394,7881,13013,13028],"_links":{"self":[{"href":"https:\/\/www.uv.mx\/prensa\/wp-json\/wp\/v2\/posts\/133597"}],"collection":[{"href":"https:\/\/www.uv.mx\/prensa\/wp-json\/wp\/v2\/posts"}],"about":[{"href":"https:\/\/www.uv.mx\/prensa\/wp-json\/wp\/v2\/types\/post"}],"author":[{"embeddable":true,"href":"https:\/\/www.uv.mx\/prensa\/wp-json\/wp\/v2\/users\/1869"}],"replies":[{"embeddable":true,"href":"https:\/\/www.uv.mx\/prensa\/wp-json\/wp\/v2\/comments?post=133597"}],"version-history":[{"count":1,"href":"https:\/\/www.uv.mx\/prensa\/wp-json\/wp\/v2\/posts\/133597\/revisions"}],"predecessor-version":[{"id":133662,"href":"https:\/\/www.uv.mx\/prensa\/wp-json\/wp\/v2\/posts\/133597\/revisions\/133662"}],"wp:featuredmedia":[{"embeddable":true,"href":"https:\/\/www.uv.mx\/prensa\/wp-json\/wp\/v2\/media\/133601"}],"wp:attachment":[{"href":"https:\/\/www.uv.mx\/prensa\/wp-json\/wp\/v2\/media?parent=133597"}],"wp:term":[{"taxonomy":"category","embeddable":true,"href":"https:\/\/www.uv.mx\/prensa\/wp-json\/wp\/v2\/categories?post=133597"},{"taxonomy":"post_tag","embeddable":true,"href":"https:\/\/www.uv.mx\/prensa\/wp-json\/wp\/v2\/tags?post=133597"}],"curies":[{"name":"wp","href":"https:\/\/api.w.org\/{rel}","templated":true}]}}