{"id":133789,"date":"2023-08-21T16:34:50","date_gmt":"2023-08-21T21:34:50","guid":{"rendered":"https:\/\/www.uv.mx\/prensa\/?p=133789"},"modified":"2023-08-29T13:43:16","modified_gmt":"2023-08-29T18:43:16","slug":"las-matematicas-una-herramienta-esencial-en-diversos-campos","status":"publish","type":"post","link":"https:\/\/www.uv.mx\/prensa\/general\/las-matematicas-una-herramienta-esencial-en-diversos-campos\/","title":{"rendered":"Las matem\u00e1ticas, una herramienta esencial en diversos campos"},"content":{"rendered":"<p>&nbsp;<\/p>\n<ul>\n<li data-leveltext=\"\uf0b7\" data-font=\"Symbol\" data-listid=\"1\" data-list-defn-props=\"{&quot;335551671&quot;:23,&quot;335552541&quot;:1,&quot;335559684&quot;:-2,&quot;335559685&quot;:465,&quot;335559991&quot;:360,&quot;469769226&quot;:&quot;Symbol&quot;,&quot;469769242&quot;:[8226],&quot;469777803&quot;:&quot;left&quot;,&quot;469777804&quot;:&quot;\uf0b7&quot;,&quot;469777815&quot;:&quot;hybridMultilevel&quot;}\" data-aria-posinset=\"23\" data-aria-level=\"1\"><i><span data-contrast=\"none\">Jos\u00e9 Rigoberto Gabriel Arg\u00fcelles, Premio al Decano 2023 en el \u00c1rea Acad\u00e9mica T\u00e9cnica, ofreci\u00f3 la charla \u201cAplicaci\u00f3n de las matem\u00e1ticas\u201d, dentro del programa \u201cLa palabra y los decanos\u201d<\/span><\/i><span data-ccp-props=\"{&quot;201341983&quot;:0,&quot;335559739&quot;:0,&quot;335559740&quot;:240}\">\u00a0<\/span><\/li>\n<\/ul>\n<p>&nbsp;<\/p>\n<div id=\"attachment_133783\" style=\"width: 732px\" class=\"wp-caption aligncenter\"><a href=\"https:\/\/www.uv.mx\/prensa\/files\/2023\/08\/21082023-Couttolenc-1-Conferencia-sobre-matematicas-1.jpg\"><img aria-describedby=\"caption-attachment-133783\" decoding=\"async\" loading=\"lazy\" class=\"size-full wp-image-133783\" src=\"https:\/\/www.uv.mx\/prensa\/files\/2023\/08\/21082023-Couttolenc-1-Conferencia-sobre-matematicas-1.jpg\" alt=\"\" width=\"722\" height=\"391\" srcset=\"https:\/\/www.uv.mx\/prensa\/files\/2023\/08\/21082023-Couttolenc-1-Conferencia-sobre-matematicas-1.jpg 722w, https:\/\/www.uv.mx\/prensa\/files\/2023\/08\/21082023-Couttolenc-1-Conferencia-sobre-matematicas-1-300x162.jpg 300w\" sizes=\"(max-width: 722px) 100vw, 722px\" \/><\/a><p id=\"caption-attachment-133783\" class=\"wp-caption-text\">Jos\u00e9 Rigoberto Gabriel Arg\u00fcelles, Premio al Decano 2023, ofreci\u00f3 una charla sobre las aplicaciones de las matem\u00e1ticas<\/p><\/div>\n<p>&nbsp;<\/p>\n<p><b><i><span data-contrast=\"none\">Jos\u00e9 Luis Couttolenc Soto<\/span><\/i><\/b><span data-ccp-props=\"{&quot;201341983&quot;:0,&quot;335559739&quot;:0,&quot;335559740&quot;:240}\">\u00a0<\/span><\/p>\n<p><b><i><span data-contrast=\"none\">Fotos: Omar Portilla Palacios<\/span><\/i><\/b><span data-ccp-props=\"{&quot;201341983&quot;:0,&quot;335559739&quot;:0,&quot;335559740&quot;:240}\">\u00a0<\/span><\/p>\n<p><b><i><span data-contrast=\"none\">21\/08\/2023, Xalapa, Ver.- <\/span><\/i><\/b><span data-contrast=\"none\">Las matem\u00e1ticas son una herramienta esencial en muchas \u00e1reas del quehacer y el conocimiento, entre las que se encuentran las ciencias naturales y las aplicadas, humanidades, medicina, ciencias sociales y algunas otras con las que, en apariencia, no est\u00e1n vinculadas, como las artes.<\/span><span data-ccp-props=\"{&quot;201341983&quot;:0,&quot;335559739&quot;:0,&quot;335559740&quot;:240}\">\u00a0<\/span><\/p>\n<p><span data-contrast=\"none\">Lo anterior lo expuso Jos\u00e9 Rigoberto Gabriel Arg\u00fcelles, ganador del Premio al Decano 2023 en el <a href=\"https:\/\/www.uv.mx\/tecnica\/\" target=\"_blank\" rel=\"noopener\">\u00c1rea Acad\u00e9mica T\u00e9cnica<\/a> de la Universidad Veracruzana (UV), quien\u00a0particip\u00f3 en el Programa \u201cLa palabra y los decanos\u201d, organizado por la Secretar\u00eda Acad\u00e9mica, en el que ofreci\u00f3 la charla \u201cAlgunas aplicaciones de las matem\u00e1ticas\u201d.<\/span><span data-ccp-props=\"{&quot;201341983&quot;:0,&quot;335559739&quot;:0,&quot;335559740&quot;:240}\">\u00a0<\/span><\/p>\n<p><span data-contrast=\"none\">En su exposici\u00f3n, efectuada en modalidad h\u00edbrida, el acad\u00e9mico e investigador, adscrito a la Facultad de Matem\u00e1ticas, mencion\u00f3 que desde \u00e9pocas remotas esta ciencia ha tenido diversas aplicaciones: cartograf\u00eda y relojes para la navegaci\u00f3n; c\u00e1lculo y medici\u00f3n de la latitud, longitud y altura; dise\u00f1o y aplicaci\u00f3n del GPS (sistema de posicionamiento global, por sus siglas en ingl\u00e9s); criptograf\u00eda para romper n\u00fameros, as\u00ed como encriptar mensajes y transacciones; falsificaci\u00f3n de obras a trav\u00e9s de ecuaciones diferenciales; redes sociales; problemas de distribuci\u00f3n de autos; compra de art\u00edculos por internet; tomograf\u00edas por medio de c\u00e1lculos variables y comparaci\u00f3n de im\u00e1genes.<\/span><span data-ccp-props=\"{&quot;201341983&quot;:0,&quot;335559739&quot;:0,&quot;335559740&quot;:240}\">\u00a0<\/span><\/p>\n<p>&nbsp;<\/p>\n<div id=\"attachment_133784\" style=\"width: 732px\" class=\"wp-caption aligncenter\"><a href=\"https:\/\/www.uv.mx\/prensa\/files\/2023\/08\/21082023-Couttolenc-1-Conferencia-sobre-matematicas-2.jpg\"><img aria-describedby=\"caption-attachment-133784\" decoding=\"async\" loading=\"lazy\" class=\"size-full wp-image-133784\" src=\"https:\/\/www.uv.mx\/prensa\/files\/2023\/08\/21082023-Couttolenc-1-Conferencia-sobre-matematicas-2.jpg\" alt=\"\" width=\"722\" height=\"394\" srcset=\"https:\/\/www.uv.mx\/prensa\/files\/2023\/08\/21082023-Couttolenc-1-Conferencia-sobre-matematicas-2.jpg 722w, https:\/\/www.uv.mx\/prensa\/files\/2023\/08\/21082023-Couttolenc-1-Conferencia-sobre-matematicas-2-300x164.jpg 300w\" sizes=\"(max-width: 722px) 100vw, 722px\" \/><\/a><p id=\"caption-attachment-133784\" class=\"wp-caption-text\">Alumnos de las cinco regiones universitarias conocieron que las matem\u00e1ticas tienen una aplicaci\u00f3n esencial en diversos campos del conocimiento<\/p><\/div>\n<p>&nbsp;<\/p>\n<p><span data-contrast=\"none\">Destac\u00f3 que son importantes en la vida diaria puesto que ayudan a resolver problemas, tomar decisiones y crear nuevas posibilidades, adem\u00e1s de que permiten apreciar la naturaleza, la m\u00fasica, el arte y la ciencia.<\/span><span data-ccp-props=\"{&quot;201341983&quot;:0,&quot;335559739&quot;:0,&quot;335559740&quot;:240}\">\u00a0<\/span><\/p>\n<p><span data-contrast=\"none\">Gabriel Arg\u00fcelles refiri\u00f3 que las matem\u00e1ticas aplicadas, rama destinada a la aplicaci\u00f3n del conocimiento en otros \u00e1mbitos, inspiran y hacen uso de los nuevos descubrimientos matem\u00e1ticos que, en ocasiones, conducen al desarrollo de nuevas disciplinas.<\/span><span data-ccp-props=\"{&quot;201341983&quot;:0,&quot;335559739&quot;:0,&quot;335559740&quot;:240}\">\u00a0<\/span><\/p>\n<p><span data-contrast=\"none\">Desde su perspectiva, esta ciencia representa la capacidad del individuo para formular, emplear e interpretarla en distintos contextos que incluyen el razonamiento, la utilizaci\u00f3n de conceptos, procedimientos, herramientas y hechos matem\u00e1ticos para describir, explicar y predecir fen\u00f3menos.<\/span><span data-ccp-props=\"{&quot;201341983&quot;:0,&quot;335559739&quot;:0,&quot;335559740&quot;:240}\">\u00a0<\/span><\/p>\n<p><span data-contrast=\"none\">Agreg\u00f3 que su evaluaci\u00f3n indaga el dominio de aprendizajes matem\u00e1ticos del nivel educativo correspondiente, as\u00ed como la capacidad para emplearlos y transformarlos en herramientas que permitan a los alumnos comprender, interpretar, analizar y dar soluci\u00f3n a problemas de su entorno y de otros campos disciplinares.<\/span><span data-ccp-props=\"{&quot;201341983&quot;:0,&quot;335559739&quot;:0,&quot;335559740&quot;:240}\">\u00a0<\/span><\/p>\n<p>&nbsp;<\/p>\n<div id=\"attachment_133785\" style=\"width: 732px\" class=\"wp-caption aligncenter\"><a href=\"https:\/\/www.uv.mx\/prensa\/files\/2023\/08\/21082023-Couttolenc-1-Conferencia-sobre-matematicas-3.jpg\"><img aria-describedby=\"caption-attachment-133785\" decoding=\"async\" loading=\"lazy\" class=\"size-full wp-image-133785\" src=\"https:\/\/www.uv.mx\/prensa\/files\/2023\/08\/21082023-Couttolenc-1-Conferencia-sobre-matematicas-3.jpg\" alt=\"\" width=\"722\" height=\"416\" srcset=\"https:\/\/www.uv.mx\/prensa\/files\/2023\/08\/21082023-Couttolenc-1-Conferencia-sobre-matematicas-3.jpg 722w, https:\/\/www.uv.mx\/prensa\/files\/2023\/08\/21082023-Couttolenc-1-Conferencia-sobre-matematicas-3-300x173.jpg 300w\" sizes=\"(max-width: 722px) 100vw, 722px\" \/><\/a><p id=\"caption-attachment-133785\" class=\"wp-caption-text\">En la geolocalizaci\u00f3n las matem\u00e1ticas tienen un papel importante, destac\u00f3 el Premio al Decano 2023<\/p><\/div>\n<p>&nbsp;<\/p>\n<p><span data-contrast=\"none\">Indic\u00f3 que <\/span><span data-contrast=\"auto\">da al estudiante una formaci\u00f3n s\u00f3lida, al dotarlo de un conjunto de conocimientos y habilidades que le permiten abordar el estudio de conceptos y soluciones te\u00f3ricas de problemas relacionados con las ciencias b\u00e1sicas, desarrollando en ellos herramientas y habilidades matem\u00e1ticas, l\u00f3gico-espaciales y de razonamiento para escudri\u00f1ar escenarios, analizar datos y comprender fen\u00f3menos f\u00edsicos y qu\u00edmicos al igual que en la soluci\u00f3n de problemas de ingenier\u00eda.<\/span><span data-ccp-props=\"{&quot;201341983&quot;:0,&quot;335559739&quot;:0,&quot;335559740&quot;:240}\">\u00a0<\/span><\/p>\n<p><span data-contrast=\"auto\">Al t\u00e9rmino de su exposici\u00f3n, Jos\u00e9 Rigoberto Gabriel Arg\u00fcelles sostuvo un intercambio de impresiones con alumnos y acad\u00e9micos de las cinco regiones universitarias, a quienes despej\u00f3 dudas sobre el tema de la charla.<\/span><span data-ccp-props=\"{&quot;201341983&quot;:0,&quot;335559739&quot;:0,&quot;335559740&quot;:240}\">\u00a0<\/span><\/p>\n<p><span data-ccp-props=\"{&quot;201341983&quot;:0,&quot;335559739&quot;:0,&quot;335559740&quot;:240}\">\u00a0<\/span><\/p>\n","protected":false},"excerpt":{"rendered":"<p>Constituye una ciencia importante en la vida diaria que ayuda a deducir cantidades, magnitudes y propiedades desconocidas<\/p>\n","protected":false},"author":1809,"featured_media":133786,"comment_status":"closed","ping_status":"closed","sticky":false,"template":"","format":"standard","meta":[],"categories":[45,47,1,61],"tags":[1784,13077,6625,13078,4162,1779,13076,12553,13075,2459],"_links":{"self":[{"href":"https:\/\/www.uv.mx\/prensa\/wp-json\/wp\/v2\/posts\/133789"}],"collection":[{"href":"https:\/\/www.uv.mx\/prensa\/wp-json\/wp\/v2\/posts"}],"about":[{"href":"https:\/\/www.uv.mx\/prensa\/wp-json\/wp\/v2\/types\/post"}],"author":[{"embeddable":true,"href":"https:\/\/www.uv.mx\/prensa\/wp-json\/wp\/v2\/users\/1809"}],"replies":[{"embeddable":true,"href":"https:\/\/www.uv.mx\/prensa\/wp-json\/wp\/v2\/comments?post=133789"}],"version-history":[{"count":1,"href":"https:\/\/www.uv.mx\/prensa\/wp-json\/wp\/v2\/posts\/133789\/revisions"}],"predecessor-version":[{"id":134067,"href":"https:\/\/www.uv.mx\/prensa\/wp-json\/wp\/v2\/posts\/133789\/revisions\/134067"}],"wp:featuredmedia":[{"embeddable":true,"href":"https:\/\/www.uv.mx\/prensa\/wp-json\/wp\/v2\/media\/133786"}],"wp:attachment":[{"href":"https:\/\/www.uv.mx\/prensa\/wp-json\/wp\/v2\/media?parent=133789"}],"wp:term":[{"taxonomy":"category","embeddable":true,"href":"https:\/\/www.uv.mx\/prensa\/wp-json\/wp\/v2\/categories?post=133789"},{"taxonomy":"post_tag","embeddable":true,"href":"https:\/\/www.uv.mx\/prensa\/wp-json\/wp\/v2\/tags?post=133789"}],"curies":[{"name":"wp","href":"https:\/\/api.w.org\/{rel}","templated":true}]}}