{"id":134045,"date":"2023-08-29T14:34:42","date_gmt":"2023-08-29T19:34:42","guid":{"rendered":"https:\/\/www.uv.mx\/prensa\/?p=134045"},"modified":"2023-08-30T15:47:07","modified_gmt":"2023-08-30T20:47:07","slug":"educacion-esencial-para-maximizar-impacto-de-lactancia-materna","status":"publish","type":"post","link":"https:\/\/www.uv.mx\/prensa\/general\/educacion-esencial-para-maximizar-impacto-de-lactancia-materna\/","title":{"rendered":"Educaci\u00f3n, esencial para maximizar impacto de lactancia materna"},"content":{"rendered":"<ul>\n<li data-leveltext=\"\uf0b7\" data-font=\"Symbol\" data-listid=\"6\" data-list-defn-props=\"{&quot;335552541&quot;:1,&quot;335559684&quot;:-2,&quot;335559685&quot;:720,&quot;335559991&quot;:360,&quot;469769226&quot;:&quot;Symbol&quot;,&quot;469769242&quot;:[8226],&quot;469777803&quot;:&quot;left&quot;,&quot;469777804&quot;:&quot;\uf0b7&quot;,&quot;469777815&quot;:&quot;hybridMultilevel&quot;}\" data-aria-posinset=\"1\" data-aria-level=\"1\"><i><span data-contrast=\"auto\">Asegur\u00f3 Rub\u00ed Viveros Contreras, del Centro de Investigaciones Biom\u00e9dicas de la Universidad Veracruzana<\/span><\/i><span data-ccp-props=\"{}\">\u00a0<\/span><\/li>\n<li data-leveltext=\"\uf0b7\" data-font=\"Symbol\" data-listid=\"6\" data-list-defn-props=\"{&quot;335552541&quot;:1,&quot;335559684&quot;:-2,&quot;335559685&quot;:720,&quot;335559991&quot;:360,&quot;469769226&quot;:&quot;Symbol&quot;,&quot;469769242&quot;:[8226],&quot;469777803&quot;:&quot;left&quot;,&quot;469777804&quot;:&quot;\uf0b7&quot;,&quot;469777815&quot;:&quot;hybridMultilevel&quot;}\" data-aria-posinset=\"2\" data-aria-level=\"1\"><i><span data-contrast=\"auto\">La docente coordina la segunda edici\u00f3n del Diplomado en Lactancia Materna y Salud, que se llevar\u00e1 a cabo de agosto de 2023 a febrero de 2024<\/span><\/i><span data-ccp-props=\"{}\">\u00a0<\/span><\/li>\n<\/ul>\n<p><span data-ccp-props=\"{}\">\u00a0<\/span><\/p>\n<div id=\"attachment_134075\" style=\"width: 732px\" class=\"wp-caption aligncenter\"><img aria-describedby=\"caption-attachment-134075\" decoding=\"async\" loading=\"lazy\" class=\"size-full wp-image-134075\" src=\"https:\/\/www.uv.mx\/prensa\/files\/2023\/08\/Diplo-Lact-Materna.jpg\" alt=\"\" width=\"722\" height=\"482\" srcset=\"https:\/\/www.uv.mx\/prensa\/files\/2023\/08\/Diplo-Lact-Materna.jpg 722w, https:\/\/www.uv.mx\/prensa\/files\/2023\/08\/Diplo-Lact-Materna-300x200.jpg 300w\" sizes=\"(max-width: 722px) 100vw, 722px\" \/><p id=\"caption-attachment-134075\" class=\"wp-caption-text\">El diplomado est\u00e1 dirigido a profesionistas, estudiantes y p\u00fablico en general interesado en el tema de la lactancia materna<\/p><\/div>\n<p><span data-ccp-props=\"{}\">\u00a0<\/span><\/p>\n<p><b><i><span data-contrast=\"auto\">Carlos Hugo Hermida Rosales<\/span><\/i><\/b><span data-ccp-props=\"{}\">\u00a0<\/span><\/p>\n<p><b><i><span data-contrast=\"auto\">Fotos: C\u00e9sar Pisil Ramos<\/span><\/i><\/b><span data-ccp-props=\"{}\">\u00a0<\/span><\/p>\n<p><span data-ccp-props=\"{}\">\u00a0<\/span><b><i><span data-contrast=\"auto\">29\/08\/2023, Xalapa, Ver.-<\/span><\/i><\/b><span data-contrast=\"auto\"> \u201cLa educaci\u00f3n es un componente esencial para maximizar el impacto de la lactancia materna en la salud p\u00fablica, y la implementaci\u00f3n de programas educativos puede marcar una diferencia significativa en su establecimiento y continuidad\u201d, asegur\u00f3 Rub\u00ed Viveros Contreras, en el inicio de la segunda edici\u00f3n del Diplomado en Lactancia Materna y Salud, ofrecido por el <a href=\"https:\/\/www.uv.mx\/cib\/\" target=\"_blank\" rel=\"noopener\">Centro de Investigaciones Biom\u00e9dicas<\/a> (CIB) de la Universidad Veracruzana (UV).<\/span><span data-ccp-props=\"{}\">\u00a0<\/span><\/p>\n<p><span data-contrast=\"auto\">La inauguraci\u00f3n de esta capacitaci\u00f3n fue realizada a trav\u00e9s de <\/span><i><span data-contrast=\"auto\">Zoom<\/span><\/i><span data-contrast=\"auto\"> por Arturo Aguilar Ye, titular de la Direcci\u00f3n General del \u00c1rea Acad\u00e9mica de Ciencias de la Salud, quien destac\u00f3 la importancia de que la UV forme recursos humanos capaces de atender una necesidad social, como lo es la lactancia materna.<\/span><\/p>\n<p>&nbsp;<\/p>\n<div id=\"attachment_134025\" style=\"width: 732px\" class=\"wp-caption aligncenter\"><img aria-describedby=\"caption-attachment-134025\" decoding=\"async\" loading=\"lazy\" class=\"size-full wp-image-134025\" src=\"https:\/\/www.uv.mx\/prensa\/files\/2023\/08\/280823-CARLOS-Diplomado-Lactancia-2-100k.jpg\" alt=\"\" width=\"722\" height=\"482\" srcset=\"https:\/\/www.uv.mx\/prensa\/files\/2023\/08\/280823-CARLOS-Diplomado-Lactancia-2-100k.jpg 722w, https:\/\/www.uv.mx\/prensa\/files\/2023\/08\/280823-CARLOS-Diplomado-Lactancia-2-100k-300x200.jpg 300w\" sizes=\"(max-width: 722px) 100vw, 722px\" \/><p id=\"caption-attachment-134025\" class=\"wp-caption-text\">Rub\u00ed Viveros Contreras<\/p><\/div>\n<p>&nbsp;<\/p>\n<p><span data-contrast=\"auto\">El diplomado se encuentra dirigido a profesionistas, estudiantes de licenciatura o carrera t\u00e9cnica, y p\u00fablico en general interesado en el tema y sus beneficios para la madre y el infante.\u00a0<\/span><span data-ccp-props=\"{&quot;335559731&quot;:708}\">\u00a0<\/span><\/p>\n<p><span data-contrast=\"auto\">Se impartir\u00e1 de agosto de 2023 a febrero de 2024, y consta de 132 horas \u2013la mayor\u00eda de manera virtual\u2013 divididas en tres ejes tem\u00e1ticos: Fundamentos de la lactancia materna; La pr\u00e1ctica de la lactancia materna y el amamantamiento en situaciones especiales, y T\u00f3picos selectos en la lactancia materna.\u00a0<\/span><span data-ccp-props=\"{&quot;335559731&quot;:708}\">\u00a0<\/span><\/p>\n<p><span data-contrast=\"auto\">Cuenta con un enfoque multidisciplinario; los docentes son 18 profesionistas de diversas \u00e1reas: nutrici\u00f3n, psiquiatr\u00eda m\u00e9dica e incluso legal.\u00a0\u00a0<\/span><span data-ccp-props=\"{&quot;335559731&quot;:708}\">\u00a0<\/span><\/p>\n<p><span data-contrast=\"auto\">Rub\u00ed Viveros manifest\u00f3 que al brindar conocimiento preciso sobre t\u00e9cnicas de lactancia, se podr\u00e1n erradicar mitos y abordar desaf\u00edos comunes, al empoderar a las madres para tomar decisiones informadas y exitosas en el proceso de esta pr\u00e1ctica.<\/span><\/p>\n<p>&nbsp;<\/p>\n<div id=\"attachment_134026\" style=\"width: 732px\" class=\"wp-caption aligncenter\"><img aria-describedby=\"caption-attachment-134026\" decoding=\"async\" loading=\"lazy\" class=\"size-full wp-image-134026\" src=\"https:\/\/www.uv.mx\/prensa\/files\/2023\/08\/280823-CARLOS-Diplomado-Lactancia-3-100k.jpg\" alt=\"\" width=\"722\" height=\"482\" srcset=\"https:\/\/www.uv.mx\/prensa\/files\/2023\/08\/280823-CARLOS-Diplomado-Lactancia-3-100k.jpg 722w, https:\/\/www.uv.mx\/prensa\/files\/2023\/08\/280823-CARLOS-Diplomado-Lactancia-3-100k-300x200.jpg 300w\" sizes=\"(max-width: 722px) 100vw, 722px\" \/><p id=\"caption-attachment-134026\" class=\"wp-caption-text\">Jos\u00e9 Enrique Meza Alvarado<\/p><\/div>\n<p>&nbsp;<\/p>\n<p><span data-contrast=\"auto\">Jos\u00e9 Enrique Meza Alvarado, catedr\u00e1tico del CIB e instructor del diplomado, coment\u00f3 que la investigaci\u00f3n en torno a la lactancia materna es muy escasa, y las mujeres enfrentan muchas dificultades al llevarla a cabo, al no existir pol\u00edticas p\u00fablicas para su fomento.<\/span><span data-ccp-props=\"{&quot;335559731&quot;:708}\">\u00a0<\/span><\/p>\n<p><span data-contrast=\"auto\">\u201cTodo lo anterior ocasiona que se abandone y sea suplantada por f\u00f3rmulas l\u00e1cteas, cuando deber\u00eda ser exclusiva hasta los seis meses de edad de los peque\u00f1os\u201d, enfatiz\u00f3.<\/span><span data-ccp-props=\"{&quot;335559731&quot;:708}\">\u00a0<\/span><\/p>\n<p><span data-contrast=\"auto\">Anayeli Garc\u00eda Hern\u00e1ndez, nutri\u00f3loga y estudiante del diplomado, resalt\u00f3 la importancia de que la UV fortalezca esta \u00e1rea de conocimiento porque dar\u00e1 la oportunidad de mejorar las pr\u00e1cticas cl\u00ednicas en torno a ella.<\/span><\/p>\n<p>&nbsp;<\/p>\n<div id=\"attachment_134027\" style=\"width: 732px\" class=\"wp-caption aligncenter\"><img aria-describedby=\"caption-attachment-134027\" decoding=\"async\" loading=\"lazy\" class=\"size-full wp-image-134027\" src=\"https:\/\/www.uv.mx\/prensa\/files\/2023\/08\/280823-CARLOS-Diplomado-Lactancia-4-100k.jpg\" alt=\"\" width=\"722\" height=\"482\" srcset=\"https:\/\/www.uv.mx\/prensa\/files\/2023\/08\/280823-CARLOS-Diplomado-Lactancia-4-100k.jpg 722w, https:\/\/www.uv.mx\/prensa\/files\/2023\/08\/280823-CARLOS-Diplomado-Lactancia-4-100k-300x200.jpg 300w\" sizes=\"(max-width: 722px) 100vw, 722px\" \/><p id=\"caption-attachment-134027\" class=\"wp-caption-text\">Anayeli Garc\u00eda Hern\u00e1ndez, nutri\u00f3loga y estudiante del diplomado<\/p><\/div>\n<p>&nbsp;<\/p>\n<p><span data-contrast=\"auto\">En la inauguraci\u00f3n de la segunda edici\u00f3n del Diplomado en Lactancia Materna y Salud tambi\u00e9n estuvieron: Roberto Zenteno Cuevas, director general de Investigaciones y Rossana Citlali Zepeda Hern\u00e1ndez, coordinadora del CIB.<\/span><span data-ccp-props=\"{&quot;335559731&quot;:708}\">\u00a0<\/span><\/p>\n","protected":false},"excerpt":{"rendered":"<p>La implementaci\u00f3n de programas educativos puede marcar diferencia para su establecimiento y continuidad\u00a0\u00a0<\/p>\n","protected":false},"author":2349,"featured_media":134076,"comment_status":"closed","ping_status":"closed","sticky":false,"template":"","format":"standard","meta":[],"categories":[45,47,1,61],"tags":[617,4161,12757,6263,75,13173,4572,13174],"_links":{"self":[{"href":"https:\/\/www.uv.mx\/prensa\/wp-json\/wp\/v2\/posts\/134045"}],"collection":[{"href":"https:\/\/www.uv.mx\/prensa\/wp-json\/wp\/v2\/posts"}],"about":[{"href":"https:\/\/www.uv.mx\/prensa\/wp-json\/wp\/v2\/types\/post"}],"author":[{"embeddable":true,"href":"https:\/\/www.uv.mx\/prensa\/wp-json\/wp\/v2\/users\/2349"}],"replies":[{"embeddable":true,"href":"https:\/\/www.uv.mx\/prensa\/wp-json\/wp\/v2\/comments?post=134045"}],"version-history":[{"count":1,"href":"https:\/\/www.uv.mx\/prensa\/wp-json\/wp\/v2\/posts\/134045\/revisions"}],"predecessor-version":[{"id":134114,"href":"https:\/\/www.uv.mx\/prensa\/wp-json\/wp\/v2\/posts\/134045\/revisions\/134114"}],"wp:featuredmedia":[{"embeddable":true,"href":"https:\/\/www.uv.mx\/prensa\/wp-json\/wp\/v2\/media\/134076"}],"wp:attachment":[{"href":"https:\/\/www.uv.mx\/prensa\/wp-json\/wp\/v2\/media?parent=134045"}],"wp:term":[{"taxonomy":"category","embeddable":true,"href":"https:\/\/www.uv.mx\/prensa\/wp-json\/wp\/v2\/categories?post=134045"},{"taxonomy":"post_tag","embeddable":true,"href":"https:\/\/www.uv.mx\/prensa\/wp-json\/wp\/v2\/tags?post=134045"}],"curies":[{"name":"wp","href":"https:\/\/api.w.org\/{rel}","templated":true}]}}