{"id":134080,"date":"2023-08-29T16:13:36","date_gmt":"2023-08-29T21:13:36","guid":{"rendered":"https:\/\/www.uv.mx\/prensa\/?p=134080"},"modified":"2023-08-30T15:43:26","modified_gmt":"2023-08-30T20:43:26","slug":"investigadora-uv-dicto-conferencias-en-universidades-brasilenas","status":"publish","type":"post","link":"https:\/\/www.uv.mx\/prensa\/general\/investigadora-uv-dicto-conferencias-en-universidades-brasilenas\/","title":{"rendered":"Investigadora UV dict\u00f3 conferencias en universidades brasile\u00f1as"},"content":{"rendered":"<ul>\n<li data-leveltext=\"\uf0b7\" data-font=\"Symbol\" data-listid=\"1\" data-list-defn-props=\"{&quot;335552541&quot;:1,&quot;335559684&quot;:-2,&quot;335559685&quot;:720,&quot;335559991&quot;:360,&quot;469769226&quot;:&quot;Symbol&quot;,&quot;469769242&quot;:[8226],&quot;469777803&quot;:&quot;left&quot;,&quot;469777804&quot;:&quot;\uf0b7&quot;,&quot;469777815&quot;:&quot;hybridMultilevel&quot;}\" data-aria-posinset=\"1\" data-aria-level=\"1\"><i><span data-contrast=\"auto\">Yuribia Vel\u00e1zquez, del Instituto de Antropolog\u00eda, particip\u00f3 como observadora internacional en la Segunda Caravana de la Red de Cocinas Comunitarias<\/span><\/i><span data-ccp-props=\"{}\">\u00a0<\/span><\/li>\n<li data-leveltext=\"\uf0b7\" data-font=\"Symbol\" data-listid=\"1\" data-list-defn-props=\"{&quot;335552541&quot;:1,&quot;335559684&quot;:-2,&quot;335559685&quot;:720,&quot;335559991&quot;:360,&quot;469769226&quot;:&quot;Symbol&quot;,&quot;469769242&quot;:[8226],&quot;469777803&quot;:&quot;left&quot;,&quot;469777804&quot;:&quot;\uf0b7&quot;,&quot;469777815&quot;:&quot;hybridMultilevel&quot;}\" data-aria-posinset=\"2\" data-aria-level=\"1\"><i><span data-contrast=\"auto\">Abord\u00f3 tem\u00e1ticas como la antropolog\u00eda de la alimentaci\u00f3n y los v\u00ednculos entre la antropolog\u00eda y la historia<\/span><\/i><span data-ccp-props=\"{}\">\u00a0<\/span><\/li>\n<\/ul>\n<p><span data-ccp-props=\"{}\">\u00a0<\/span><\/p>\n<div id=\"attachment_134028\" style=\"width: 732px\" class=\"wp-caption aligncenter\"><img aria-describedby=\"caption-attachment-134028\" decoding=\"async\" loading=\"lazy\" class=\"size-full wp-image-134028\" src=\"https:\/\/www.uv.mx\/prensa\/files\/2023\/08\/280823-PAOLA-Entrevista-Yuribia-Velazquez-1-100k.jpg\" alt=\"\" width=\"722\" height=\"482\" srcset=\"https:\/\/www.uv.mx\/prensa\/files\/2023\/08\/280823-PAOLA-Entrevista-Yuribia-Velazquez-1-100k.jpg 722w, https:\/\/www.uv.mx\/prensa\/files\/2023\/08\/280823-PAOLA-Entrevista-Yuribia-Velazquez-1-100k-300x200.jpg 300w\" sizes=\"(max-width: 722px) 100vw, 722px\" \/><p id=\"caption-attachment-134028\" class=\"wp-caption-text\">Yuribia Vel\u00e1zquez, investigadora adscrita al Instituto de Antropolog\u00eda habl\u00f3 sobre su visita acad\u00e9mica a Brasil<\/p><\/div>\n<p><span data-ccp-props=\"{}\">\u00a0<\/span><\/p>\n<p><b><i><span data-contrast=\"auto\">Paola Cort\u00e9s P\u00e9rez<\/span><\/i><\/b><span data-ccp-props=\"{}\">\u00a0<\/span><\/p>\n<p><b><i><span data-contrast=\"auto\">Fotos:<\/span><\/i><\/b> <b><i><span data-contrast=\"auto\">Omar Portilla Palacios y Cortes\u00eda Yuribia Vel\u00e1zquez<\/span><\/i><\/b><span data-ccp-props=\"{}\">\u00a0<\/span><\/p>\n<p><span data-ccp-props=\"{}\">\u00a0<\/span><b><i><span data-contrast=\"auto\">29\/08\/2023, Xalapa, Ver.-<\/span><\/i><\/b><span data-contrast=\"auto\"> Yuribia Vel\u00e1zquez Galindo, investigadora del <a href=\"https:\/\/www.uv.mx\/ida\/\" target=\"_blank\" rel=\"noopener\">Instituto de Antropolog\u00eda<\/a> de la Universidad Veracruzana (UV), fue invitada a impartir conferencias magistrales para inaugurar las actividades educativas del Instituto de Humanidades de la Universidad de Integraci\u00f3n Internacional de la Lusofon\u00eda Afro-Brasile\u00f1a (UNILAB), as\u00ed como de programas de posgrados en la Universidad Estatal de Cear\u00e1 (UECE) y la Universidad Federal de Cear\u00e1 (UFCE).<\/span><span data-ccp-props=\"{}\">\u00a0<\/span><\/p>\n<p><span data-contrast=\"auto\">Las invitaciones tuvieron como objetivo iniciar un di\u00e1logo acad\u00e9mico respecto a los enfoques te\u00f3rico-metodol\u00f3gicos y las tem\u00e1ticas de investigaci\u00f3n que actualmente desarrolla: las onto-epistemolog\u00edas ind\u00edgenas, la antropolog\u00eda de la alimentaci\u00f3n y los v\u00ednculos entre la antropolog\u00eda y la historia.<\/span><span data-ccp-props=\"{&quot;335559731&quot;:708}\">\u00a0<\/span><\/p>\n<p><span data-contrast=\"auto\">La primera pl\u00e1tica, detall\u00f3, se dio en el marco del inicio de las clases del posgrado de Antropolog\u00eda de la UFCE; ah\u00ed, habl\u00f3 del desarrollo de la antropolog\u00eda en M\u00e9xico y, en particular, del tipo de antropolog\u00eda que ella realiza en el Instituto de Antropolog\u00eda de la UV, donde destac\u00f3 la importancia de generar investigaci\u00f3n b\u00e1sica, as\u00ed como del potencial de la investigaci\u00f3n-acci\u00f3n-participativa y el di\u00e1logo de saberes para generar conocimiento en pro de la sustentabilidad de la vida en el planeta.<\/span><span data-ccp-props=\"{&quot;335559731&quot;:708}\">\u00a0<\/span><\/p>\n<p><span data-contrast=\"auto\">En la segunda conferencia, que tuvo lugar en el aula magna de la Coordinaci\u00f3n del Programa de Posgrado en Historia de la UECE, se reflexion\u00f3 en torno al enfoque de la etnohistoria, la cual propone una integraci\u00f3n entre la antropolog\u00eda y la historia.<\/span><\/p>\n<p>&nbsp;<\/p>\n<div id=\"attachment_134029\" style=\"width: 443px\" class=\"wp-caption aligncenter\"><img aria-describedby=\"caption-attachment-134029\" decoding=\"async\" loading=\"lazy\" class=\"size-full wp-image-134029\" src=\"https:\/\/www.uv.mx\/prensa\/files\/2023\/08\/280823-PAOLA-Entrevista-Yuribia-Velazquez-2-100k.jpg\" alt=\"\" width=\"433\" height=\"289\" srcset=\"https:\/\/www.uv.mx\/prensa\/files\/2023\/08\/280823-PAOLA-Entrevista-Yuribia-Velazquez-2-100k.jpg 433w, https:\/\/www.uv.mx\/prensa\/files\/2023\/08\/280823-PAOLA-Entrevista-Yuribia-Velazquez-2-100k-300x200.jpg 300w\" sizes=\"(max-width: 433px) 100vw, 433px\" \/><p id=\"caption-attachment-134029\" class=\"wp-caption-text\">La acad\u00e9mica dict\u00f3 tres conferencias magistrales en universidades brasile\u00f1as<\/p><\/div>\n<p>&nbsp;<\/p>\n<p><span data-contrast=\"auto\">\u201cPara ellos era importante conocer la perspectiva de la etnohistoria, c\u00f3mo y con qu\u00e9 herramientas desarrollamos esta disciplina en M\u00e9xico para comprender los procesos de larga duraci\u00f3n que transforman a las poblaciones, pero, a la vez, permiten el mantenimiento de ciertas continuidades culturales, sobre todo en poblaciones de tradici\u00f3n ind\u00edgena.\u201d<\/span><span data-ccp-props=\"{&quot;335559731&quot;:708}\">\u00a0<\/span><\/p>\n<p><span data-contrast=\"auto\">La tercera conferencia magistral la imparti\u00f3 en el Instituto de Humanidades de la UNILAB, donde disert\u00f3 acerca del an\u00e1lisis de las poblaciones ind\u00edgenas, la manera en que conceptualizan y viven su realidad y la posibilidad de generar propuestas de desarrollo en t\u00e9rminos de los actores.<\/span><span data-ccp-props=\"{&quot;335559731&quot;:708}\">\u00a0<\/span><\/p>\n<p><span data-contrast=\"auto\">\u201cTuvimos la oportunidad de dialogar con investigadores y estudiantes, intercambiar experiencias sobre c\u00f3mo se trabajan estos temas en ambos pa\u00edses, fue una experiencia muy significativa.<\/span><span data-ccp-props=\"{&quot;335559731&quot;:708}\">\u00a0<\/span><\/p>\n<p><span data-contrast=\"auto\">\u201dEn todas las conferencias, los asistentes mostraron inter\u00e9s por conocer el tipo de antropolog\u00eda que se realiza en la UV por considerarla novedosa y con perspectivas actuales para enfocar problemas que no son nuevos, desde una mirada multi y transdisciplinaria.\u201d<\/span><span data-ccp-props=\"{&quot;335559731&quot;:708}\">\u00a0<\/span><\/p>\n<p><span data-contrast=\"auto\">La acad\u00e9mica cont\u00f3 que, como especialista en el tema alimentario, fue invitada como observadora internacional para participar en la Segunda Caravana de la Red de Cocinas Comunitarias de Grande Bom Jardim de Cear\u00e1, Brasil. Enfatiz\u00f3 que esta red es un ejemplo de vinculaci\u00f3n universitaria ya que articula la investigaci\u00f3n acad\u00e9mica y la labor social con poblaciones marginadas y organizaciones de la sociedad civil en la soluci\u00f3n al hambre. Actualmente, busca el reconocimiento legal para acceder a apoyos gubernamentales y garantizar su permanencia.<\/span><\/p>\n<p>&nbsp;<\/p>\n<div id=\"attachment_134031\" style=\"width: 732px\" class=\"wp-caption aligncenter\"><img aria-describedby=\"caption-attachment-134031\" decoding=\"async\" loading=\"lazy\" class=\"size-full wp-image-134031\" src=\"https:\/\/www.uv.mx\/prensa\/files\/2023\/08\/280823-PAOLA-Entrevista-Yuribia-Velazquez-4-100k.jpg\" alt=\"\" width=\"722\" height=\"482\" srcset=\"https:\/\/www.uv.mx\/prensa\/files\/2023\/08\/280823-PAOLA-Entrevista-Yuribia-Velazquez-4-100k.jpg 722w, https:\/\/www.uv.mx\/prensa\/files\/2023\/08\/280823-PAOLA-Entrevista-Yuribia-Velazquez-4-100k-300x200.jpg 300w\" sizes=\"(max-width: 722px) 100vw, 722px\" \/><p id=\"caption-attachment-134031\" class=\"wp-caption-text\">Comparti\u00f3 experiencias acad\u00e9micas con la Red de Cocinas Comunitarias de Grande Bom Jardim<\/p><\/div>\n<p>&nbsp;<\/p>\n<p><span data-contrast=\"auto\">Yuribia Vel\u00e1zquez dijo que es fundamental el intercambio acad\u00e9mico, nacional o internacional, es decir, la actualizaci\u00f3n docente parte de estos di\u00e1logos e intercambios que permiten analizar las diferentes perspectivas que se tienen para abordar las problem\u00e1ticas comunes de pa\u00edses de Am\u00e9rica Latina.<\/span><span data-ccp-props=\"{&quot;335559731&quot;:708}\">\u00a0<\/span><\/p>\n<p><span data-contrast=\"auto\">Por \u00faltimo, la investigadora de la UV comparti\u00f3 que ya est\u00e1n en pl\u00e1ticas para formalizar la colaboraci\u00f3n acad\u00e9mica de manera general entre la UV y la UNILAB, particularmente entre el Instituto de Antropolog\u00eda y el Instituto de Humanidades.<\/span><\/p>\n","protected":false},"excerpt":{"rendered":"<p>El intercambio y la movilidad acad\u00e9mica con universidades latinoamericanas son fundamentales para analizar, desde diferentes perspectivas, problem\u00e1ticas comunes, coment\u00f3 la universitaria\u00a0<\/p>\n","protected":false},"author":2349,"featured_media":134050,"comment_status":"closed","ping_status":"closed","sticky":false,"template":"","format":"standard","meta":[],"categories":[11,13,1,8455,6299],"tags":[523,9991,2344,13184,8380,13185,73,7059,13183,445,13186,6462,4164,13182,13181],"_links":{"self":[{"href":"https:\/\/www.uv.mx\/prensa\/wp-json\/wp\/v2\/posts\/134080"}],"collection":[{"href":"https:\/\/www.uv.mx\/prensa\/wp-json\/wp\/v2\/posts"}],"about":[{"href":"https:\/\/www.uv.mx\/prensa\/wp-json\/wp\/v2\/types\/post"}],"author":[{"embeddable":true,"href":"https:\/\/www.uv.mx\/prensa\/wp-json\/wp\/v2\/users\/2349"}],"replies":[{"embeddable":true,"href":"https:\/\/www.uv.mx\/prensa\/wp-json\/wp\/v2\/comments?post=134080"}],"version-history":[{"count":1,"href":"https:\/\/www.uv.mx\/prensa\/wp-json\/wp\/v2\/posts\/134080\/revisions"}],"predecessor-version":[{"id":134112,"href":"https:\/\/www.uv.mx\/prensa\/wp-json\/wp\/v2\/posts\/134080\/revisions\/134112"}],"wp:featuredmedia":[{"embeddable":true,"href":"https:\/\/www.uv.mx\/prensa\/wp-json\/wp\/v2\/media\/134050"}],"wp:attachment":[{"href":"https:\/\/www.uv.mx\/prensa\/wp-json\/wp\/v2\/media?parent=134080"}],"wp:term":[{"taxonomy":"category","embeddable":true,"href":"https:\/\/www.uv.mx\/prensa\/wp-json\/wp\/v2\/categories?post=134080"},{"taxonomy":"post_tag","embeddable":true,"href":"https:\/\/www.uv.mx\/prensa\/wp-json\/wp\/v2\/tags?post=134080"}],"curies":[{"name":"wp","href":"https:\/\/api.w.org\/{rel}","templated":true}]}}