{"id":134097,"date":"2023-09-02T07:55:39","date_gmt":"2023-09-02T12:55:39","guid":{"rendered":"https:\/\/www.uv.mx\/prensa\/?p=134097"},"modified":"2023-09-05T11:34:17","modified_gmt":"2023-09-05T16:34:17","slug":"archivo-de-gonzalez-de-la-parra-ya-es-patrimonio-de-la-nacion","status":"publish","type":"post","link":"https:\/\/www.uv.mx\/prensa\/general\/archivo-de-gonzalez-de-la-parra-ya-es-patrimonio-de-la-nacion\/","title":{"rendered":"Archivo de Gonz\u00e1lez de la Parra ya es Patrimonio de la Naci\u00f3n"},"content":{"rendered":"<p><span data-ccp-props=\"{&quot;201341983&quot;:0,&quot;335559739&quot;:0,&quot;335559740&quot;:240}\">\u00a0<\/span><\/p>\n<ul>\n<li data-leveltext=\"\uf0b7\" data-font=\"Symbol\" data-listid=\"3\" data-list-defn-props=\"{&quot;335551671&quot;:28,&quot;335552541&quot;:1,&quot;335559684&quot;:-2,&quot;335559685&quot;:720,&quot;335559991&quot;:360,&quot;469769226&quot;:&quot;Symbol&quot;,&quot;469769242&quot;:[8226],&quot;469777803&quot;:&quot;left&quot;,&quot;469777804&quot;:&quot;\uf0b7&quot;,&quot;469777815&quot;:&quot;hybridMultilevel&quot;}\" data-aria-posinset=\"28\" data-aria-level=\"1\"><i><span data-contrast=\"none\">El trabajo del fot\u00f3grafo fallecido en 2012 ha sido donado a la Fototeca Nacional<\/span><\/i><span data-ccp-props=\"{&quot;201341983&quot;:0,&quot;335559739&quot;:0,&quot;335559740&quot;:240}\">\u00a0<\/span><\/li>\n<li data-leveltext=\"\uf0b7\" data-font=\"Symbol\" data-listid=\"3\" data-list-defn-props=\"{&quot;335551671&quot;:28,&quot;335552541&quot;:1,&quot;335559684&quot;:-2,&quot;335559685&quot;:720,&quot;335559991&quot;:360,&quot;469769226&quot;:&quot;Symbol&quot;,&quot;469769242&quot;:[8226],&quot;469777803&quot;:&quot;left&quot;,&quot;469777804&quot;:&quot;\uf0b7&quot;,&quot;469777815&quot;:&quot;hybridMultilevel&quot;}\" data-aria-posinset=\"28\" data-aria-level=\"1\"><i><span data-contrast=\"none\">Luego de 11 a\u00f1os se logr\u00f3 incluir el acervo fotogr\u00e1fico en los archivos del INAH<\/span><\/i><span data-ccp-props=\"{&quot;201341983&quot;:0,&quot;335559739&quot;:0,&quot;335559740&quot;:240}\">\u00a0<\/span><\/li>\n<\/ul>\n<div id=\"attachment_134098\" style=\"width: 732px\" class=\"wp-caption aligncenter\"><img aria-describedby=\"caption-attachment-134098\" decoding=\"async\" loading=\"lazy\" class=\"size-full wp-image-134098\" src=\"https:\/\/www.uv.mx\/prensa\/files\/2023\/08\/30-08-23-PACHECO-Archivo-patrimonio-Foto-1.jpg\" alt=\"\" width=\"722\" height=\"464\" srcset=\"https:\/\/www.uv.mx\/prensa\/files\/2023\/08\/30-08-23-PACHECO-Archivo-patrimonio-Foto-1.jpg 722w, https:\/\/www.uv.mx\/prensa\/files\/2023\/08\/30-08-23-PACHECO-Archivo-patrimonio-Foto-1-300x193.jpg 300w\" sizes=\"(max-width: 722px) 100vw, 722px\" \/><p id=\"caption-attachment-134098\" class=\"wp-caption-text\">Entrega simb\u00f3lica de la donaci\u00f3n a la Fototeca Nacional del INAH<\/p><\/div>\n<p><b><i><span data-contrast=\"none\">Redacci\u00f3n Universo<\/span><\/i><\/b><span data-ccp-props=\"{&quot;201341983&quot;:0,&quot;335559739&quot;:0,&quot;335559740&quot;:240}\">\u00a0<\/span><\/p>\n<p><b><i><span data-contrast=\"none\">Fotos: Cortes\u00eda INAH e Instituto de Artes Pl\u00e1sticas<\/span><\/i><\/b><\/p>\n<p><b><i><span data-contrast=\"none\">02\/09\/2023, Xalapa, Ver.- <\/span><\/i><\/b><span data-contrast=\"none\">El archivo fotogr\u00e1fico de Manuel Gonz\u00e1lez de la Parra ha pasado a convertirse en Patrimonio de la Naci\u00f3n, al ser incluido en la Fototeca Nacional del Instituto Nacional de Antropolog\u00eda e Historia (INAH), as\u00ed lo dio a conocer la familia de quien por m\u00e1s de 25 a\u00f1os labor\u00f3 como profesor y fot\u00f3grafo del \u00c1rea Acad\u00e9mica de Artes de la Universidad Veracruzana (UV), adem\u00e1s de fungir como director del <a href=\"https:\/\/www.uv.mx\/iap\/\" target=\"_blank\" rel=\"noopener\">Instituto de Artes Pl\u00e1sticas<\/a> al momento de su deceso.<\/span><span data-ccp-props=\"{&quot;201341983&quot;:0,&quot;335559739&quot;:0,&quot;335559740&quot;:240}\">\u00a0<\/span><\/p>\n<p><span data-contrast=\"none\">En el comunicado oficial del INAH, los familiares del artista agradecieron la inclusi\u00f3n del acervo de Gonz\u00e1lez de la Parra a la Fototeca Nacional, al tiempo que reconocen la iniciativa de los universitarios David Maawad, Jorge Acevedo y Alberto Toval\u00edn, quienes despu\u00e9s de su muerte \u2013en 2012\u2013 propusieron la entrega en donaci\u00f3n, producto de su intenso trabajo art\u00edstico.<\/span><\/p>\n<p>&nbsp;<\/p>\n<div id=\"attachment_134245\" style=\"width: 732px\" class=\"wp-caption aligncenter\"><img aria-describedby=\"caption-attachment-134245\" decoding=\"async\" loading=\"lazy\" class=\"size-full wp-image-134245\" src=\"https:\/\/www.uv.mx\/prensa\/files\/2023\/08\/280823-PACHECO-Archivo-patrimonio-2.jpg\" alt=\"\" width=\"722\" height=\"542\" srcset=\"https:\/\/www.uv.mx\/prensa\/files\/2023\/08\/280823-PACHECO-Archivo-patrimonio-2.jpg 722w, https:\/\/www.uv.mx\/prensa\/files\/2023\/08\/280823-PACHECO-Archivo-patrimonio-2-300x225.jpg 300w\" sizes=\"(max-width: 722px) 100vw, 722px\" \/><p id=\"caption-attachment-134245\" class=\"wp-caption-text\">Gonz\u00e1lez de la Parra retrat\u00f3 las costumbres y familias de comunidades como Xico y Coyolillo<\/p><\/div>\n<p>&nbsp;<\/p>\n<p><span data-contrast=\"none\">En el marco del 24 Encuentro Nacional de Fototecas se destac\u00f3 que, despu\u00e9s de 11 a\u00f1os, por fin se concret\u00f3 el sue\u00f1o de incorporar la obra de Gonz\u00e1lez de la Parra a la Fototeca, al tiempo que se se\u00f1ala en el comunicado la labor de revisi\u00f3n y organizaci\u00f3n del archivo, a cargo de Jorge Acevedo.<\/span><span data-ccp-props=\"{&quot;201341983&quot;:0,&quot;335559731&quot;:708,&quot;335559739&quot;:0,&quot;335559740&quot;:240}\">\u00a0<\/span><\/p>\n<p><span data-contrast=\"none\">El legado fotogr\u00e1fico de Gonz\u00e1lez de la Parra seguramente ser\u00e1 punto de referencia e investigaci\u00f3n humanista y pl\u00e1stica para nuevas generaciones. D<\/span><span data-contrast=\"auto\">esde 1991 retrat\u00f3 la vida cotidiana en las comunidades cercanas a Xico, registrando sus fiestas y costumbres, todo lo cual fue captado como miembro cercano de su poblaci\u00f3n.<\/span><span data-ccp-props=\"{&quot;201341983&quot;:0,&quot;335559731&quot;:708,&quot;335559739&quot;:0,&quot;335559740&quot;:240}\">\u00a0<\/span><\/p>\n<p>&nbsp;<\/p>\n<div id=\"attachment_134246\" style=\"width: 732px\" class=\"wp-caption aligncenter\"><img aria-describedby=\"caption-attachment-134246\" decoding=\"async\" loading=\"lazy\" class=\"size-full wp-image-134246\" src=\"https:\/\/www.uv.mx\/prensa\/files\/2023\/08\/280823-PACHECO-Archivo-patrimonio-3.jpg\" alt=\"\" width=\"722\" height=\"542\" srcset=\"https:\/\/www.uv.mx\/prensa\/files\/2023\/08\/280823-PACHECO-Archivo-patrimonio-3.jpg 722w, https:\/\/www.uv.mx\/prensa\/files\/2023\/08\/280823-PACHECO-Archivo-patrimonio-3-300x225.jpg 300w\" sizes=\"(max-width: 722px) 100vw, 722px\" \/><p id=\"caption-attachment-134246\" class=\"wp-caption-text\">Su obra registr\u00f3 la vida cotidiana en labores del campo<\/p><\/div>\n<p>&nbsp;<\/p>\n<p><span data-contrast=\"auto\">Tambi\u00e9n incursion\u00f3 hacia otras poblaciones del estado de Veracruz, documentando el trabajo y festejos tradicionales de etnias de origen afro en Coyolillo y asentamientos cercanos a Minatitl\u00e1n.<\/span><span data-ccp-props=\"{&quot;201341983&quot;:0,&quot;335559731&quot;:708,&quot;335559739&quot;:0,&quot;335559740&quot;:240}\">\u00a0<\/span><\/p>\n<p><span data-contrast=\"auto\">Tuvo la oportunidad de viajar a Colombia (Cartagena y Tumaco), donde ubic\u00f3 las similitudes entre las comunidades de la tercera ra\u00edz, tanto veracruzanas como colombianas. Producto de esta labor es la publicaci\u00f3n del libro <\/span><i><span data-contrast=\"auto\">Luces de ra\u00edz negra<\/span><\/i><span data-contrast=\"auto\">, editado por el Fondo Nacional para la Cultura y las Artes, la UV, el Instituto Veracruzano de la Cultura (<\/span><i><span data-contrast=\"auto\">Ivec<\/span><\/i><span data-contrast=\"auto\">) y el Instituto de Investigaci\u00f3n para el Desarrollo (IRD, por sus siglas en franc\u00e9s) de Francia, en 2004. Previamente, en 1987 se publica <\/span><i><span data-contrast=\"auto\">Xico, una sierra y su gente<\/span><\/i><span data-contrast=\"auto\">, editado por el gobierno del estado de Veracruz a trav\u00e9s deI <\/span><i><span data-contrast=\"auto\">Ivec<\/span><\/i><span data-contrast=\"auto\"> y el IRD.<\/span><\/p>\n<p>&nbsp;<\/p>\n<div id=\"attachment_134247\" style=\"width: 732px\" class=\"wp-caption aligncenter\"><img aria-describedby=\"caption-attachment-134247\" decoding=\"async\" loading=\"lazy\" class=\"size-full wp-image-134247\" src=\"https:\/\/www.uv.mx\/prensa\/files\/2023\/08\/280823-PACHECO-Archivo-patrimonio-4.jpg\" alt=\"\" width=\"722\" height=\"542\" srcset=\"https:\/\/www.uv.mx\/prensa\/files\/2023\/08\/280823-PACHECO-Archivo-patrimonio-4.jpg 722w, https:\/\/www.uv.mx\/prensa\/files\/2023\/08\/280823-PACHECO-Archivo-patrimonio-4-300x225.jpg 300w\" sizes=\"(max-width: 722px) 100vw, 722px\" \/><p id=\"caption-attachment-134247\" class=\"wp-caption-text\">Visit\u00f3 Colombia, donde retrat\u00f3 a la poblaci\u00f3n afrodescendiente<\/p><\/div>\n","protected":false},"excerpt":{"rendered":"<p>Despu\u00e9s de 11 a\u00f1os de proponer la donaci\u00f3n, el INAH ha tomado en custodia el archivo del fot\u00f3grafo universitario, que incluye registros de la poblaci\u00f3n de origen africano en Veracruz <\/p>\n","protected":false},"author":1810,"featured_media":134249,"comment_status":"closed","ping_status":"closed","sticky":false,"template":"","format":"standard","meta":[],"categories":[11,47,1],"tags":[450,13073,2076,13187,1121,10649,13188,13189],"_links":{"self":[{"href":"https:\/\/www.uv.mx\/prensa\/wp-json\/wp\/v2\/posts\/134097"}],"collection":[{"href":"https:\/\/www.uv.mx\/prensa\/wp-json\/wp\/v2\/posts"}],"about":[{"href":"https:\/\/www.uv.mx\/prensa\/wp-json\/wp\/v2\/types\/post"}],"author":[{"embeddable":true,"href":"https:\/\/www.uv.mx\/prensa\/wp-json\/wp\/v2\/users\/1810"}],"replies":[{"embeddable":true,"href":"https:\/\/www.uv.mx\/prensa\/wp-json\/wp\/v2\/comments?post=134097"}],"version-history":[{"count":1,"href":"https:\/\/www.uv.mx\/prensa\/wp-json\/wp\/v2\/posts\/134097\/revisions"}],"predecessor-version":[{"id":134325,"href":"https:\/\/www.uv.mx\/prensa\/wp-json\/wp\/v2\/posts\/134097\/revisions\/134325"}],"wp:featuredmedia":[{"embeddable":true,"href":"https:\/\/www.uv.mx\/prensa\/wp-json\/wp\/v2\/media\/134249"}],"wp:attachment":[{"href":"https:\/\/www.uv.mx\/prensa\/wp-json\/wp\/v2\/media?parent=134097"}],"wp:term":[{"taxonomy":"category","embeddable":true,"href":"https:\/\/www.uv.mx\/prensa\/wp-json\/wp\/v2\/categories?post=134097"},{"taxonomy":"post_tag","embeddable":true,"href":"https:\/\/www.uv.mx\/prensa\/wp-json\/wp\/v2\/tags?post=134097"}],"curies":[{"name":"wp","href":"https:\/\/api.w.org\/{rel}","templated":true}]}}