{"id":134137,"date":"2023-08-30T20:38:12","date_gmt":"2023-08-31T01:38:12","guid":{"rendered":"https:\/\/www.uv.mx\/prensa\/?p=134137"},"modified":"2023-08-31T14:59:39","modified_gmt":"2023-08-31T19:59:39","slug":"uv-acredito-y-reacredito-siete-programas-educativos-por-su-calidad","status":"publish","type":"post","link":"https:\/\/www.uv.mx\/prensa\/regiones\/uv-acredito-y-reacredito-siete-programas-educativos-por-su-calidad\/","title":{"rendered":"UV acredit\u00f3 y reacredit\u00f3 siete programas educativos por su calidad"},"content":{"rendered":"<ul class=\"ul1\">\n<li class=\"li1\"><i>Tres en las regiones Veracruz, Coatzacoalcos-Minatitl\u00e1n y Poza Rica-Tuxpan, y cuatro en la de Xalapa<\/i><\/li>\n<li class=\"li1\"><i>La Licenciatura en Derecho con Enfoque de Pluralismo Jur\u00eddico obtuvo doble acreditaci\u00f3n, nacional e internacional<\/i><\/li>\n<\/ul>\n<p>&nbsp;<\/p>\n<div id=\"attachment_134117\" style=\"width: 732px\" class=\"wp-caption aligncenter\"><img aria-describedby=\"caption-attachment-134117\" decoding=\"async\" loading=\"lazy\" class=\"size-full wp-image-134117\" src=\"https:\/\/www.uv.mx\/prensa\/files\/2023\/08\/300823-PAOLA-UV-acredito-PE-1.jpg\" alt=\"La UV recibi\u00f3 siete constancias de acreditaci\u00f3n y reacreditaci\u00f3n de calidad para igual n\u00famero de PE en sus diferentes regiones\" width=\"722\" height=\"481\" srcset=\"https:\/\/www.uv.mx\/prensa\/files\/2023\/08\/300823-PAOLA-UV-acredito-PE-1.jpg 722w, https:\/\/www.uv.mx\/prensa\/files\/2023\/08\/300823-PAOLA-UV-acredito-PE-1-300x200.jpg 300w\" sizes=\"(max-width: 722px) 100vw, 722px\" \/><p id=\"caption-attachment-134117\" class=\"wp-caption-text\">UV recibi\u00f3 siete constancias de acreditaci\u00f3n y reacreditaci\u00f3n de calidad a igual n\u00famero de PE en sus diferentes regiones<\/p><\/div>\n<p>&nbsp;<\/p>\n<p class=\"p1\"><b><i>Paola Cort\u00e9s P\u00e9rez<\/i><\/b><\/p>\n<p class=\"p1\"><b><i>Fotos: Luis Fernando Fern\u00e1ndez<\/i><\/b><\/p>\n<p class=\"p1\"><b><i>30\/08\/2023, Xalapa, Ver.-<\/i><\/b> La <a href=\"https:\/\/www.uv.mx\/\" target=\"_blank\" rel=\"noopener\">Universidad Veracruzana<\/a> (UV) recibi\u00f3 siete constancias de acreditaci\u00f3n y reacreditaci\u00f3n de calidad para igual n\u00famero de programas educativos (PE) de licenciatura, entre ellos destaca el de la Licenciatura en Derecho con Enfoque de Pluralismo Jur\u00eddico<i> <\/i>que obtuvo doble acreditaci\u00f3n \u2013nacional e internacional\u2013.<\/p>\n<p class=\"p3\">El evento protocolario se realiz\u00f3 en la sala anexa de Tlaqn\u00e1, Centro Cultural, con la presencia del rector Mart\u00edn Aguilar S\u00e1nchez, acompa\u00f1ado de titulares de las Secretar\u00edas Acad\u00e9mica, de Administraci\u00f3n y Finanzas, y de Desarrollo Institucional: Juan Ortiz Escamilla, Lizbeth Viveros Cancino y Jaqueline Jongitud Zamora, respectivamente.<\/p>\n<p class=\"p3\">De los organismos acreditadores asistieron: Benito Guill\u00e9n Niemeyer, presidente del Consejo Nacional para la Ense\u00f1anza e Investigaci\u00f3n en Psicolog\u00eda, A.C.; David Rodr\u00edguez de la Pe\u00f1a, secretario del Consejo de Acreditaci\u00f3n en Ciencias Administrativas, Contables y Afines, A.C.; Jos\u00e9 Alberto Gayt\u00e1n Garc\u00eda, vocal ejecutivo de los Comit\u00e9s de Ciencias Sociales y Administrativas y Artes, Educaci\u00f3n y Humanidades, y Luis Fernando Peniche Giordan, director general del Consejo para la Acreditaci\u00f3n de la Ense\u00f1anza del Derecho, A.C.; Ver\u00f3nica Boeta Madera, presidenta del Consejo Nacional para la Ense\u00f1anza e Investigaci\u00f3n en Psicolog\u00eda, A.C., asisti\u00f3 v\u00eda <i>Zoom<\/i>.<\/p>\n<div id=\"attachment_134118\" style=\"width: 732px\" class=\"wp-caption aligncenter\"><img aria-describedby=\"caption-attachment-134118\" decoding=\"async\" loading=\"lazy\" class=\"size-full wp-image-134118\" src=\"https:\/\/www.uv.mx\/prensa\/files\/2023\/08\/300823-PAOLA-UV-acredito-PE-2.jpg\" alt=\"La Licenciatura en Derecho con Enfoque de Pluralismo Jur\u00eddico de la UV-Intercultural sede Totonacapan recibi\u00f3 acreditaci\u00f3n nacional e internacional\" width=\"722\" height=\"481\" srcset=\"https:\/\/www.uv.mx\/prensa\/files\/2023\/08\/300823-PAOLA-UV-acredito-PE-2.jpg 722w, https:\/\/www.uv.mx\/prensa\/files\/2023\/08\/300823-PAOLA-UV-acredito-PE-2-300x200.jpg 300w\" sizes=\"(max-width: 722px) 100vw, 722px\" \/><p id=\"caption-attachment-134118\" class=\"wp-caption-text\">La Licenciatura en Derecho con Enfoque de Pluralismo Jur\u00eddico de la UV-Intercultural sede Totonacapan recibi\u00f3 acreditaci\u00f3n nacional e internacional<\/p><\/div>\n<p>&nbsp;<\/p>\n<p class=\"p3\">Los PE de licenciatura reconocidos por su calidad fueron: Psicolog\u00eda y Geograf\u00eda, de la regi\u00f3n Xalapa, as\u00ed como Log\u00edstica Internacional y Aduanas, de la regi\u00f3n Veracruz.<\/p>\n<p class=\"p3\">El PE de la Licenciatura en Derecho con Enfoque de Pluralismo Jur\u00eddico de la Universidad Veracruzana Intercultural, sede Totonacapan, obtuvo acreditaci\u00f3n nacional e internacional. Cabe mencionar que con este logro el \u00c1rea Acad\u00e9mica de Humanidades certific\u00f3 la calidad del 100% de sus PE.<\/p>\n<div id=\"attachment_134119\" style=\"width: 732px\" class=\"wp-caption aligncenter\"><img aria-describedby=\"caption-attachment-134119\" decoding=\"async\" loading=\"lazy\" class=\"size-full wp-image-134119\" src=\"https:\/\/www.uv.mx\/prensa\/files\/2023\/08\/300823-PAOLA-UV-acredito-PE-3.jpg\" alt=\"Mart\u00edn Aguilar dijo que la calidad educativa se construye y planifica\" width=\"722\" height=\"481\" srcset=\"https:\/\/www.uv.mx\/prensa\/files\/2023\/08\/300823-PAOLA-UV-acredito-PE-3.jpg 722w, https:\/\/www.uv.mx\/prensa\/files\/2023\/08\/300823-PAOLA-UV-acredito-PE-3-300x200.jpg 300w\" sizes=\"(max-width: 722px) 100vw, 722px\" \/><p id=\"caption-attachment-134119\" class=\"wp-caption-text\">Mart\u00edn Aguilar dijo que la calidad educativa se construye y planifica<\/p><\/div>\n<p>&nbsp;<\/p>\n<p class=\"p3\">Los PE que recibieron reacreditaci\u00f3n son: Estudios de Jazz y Pedagog\u00eda del Sistema de Ense\u00f1anza Abierta, en la regi\u00f3n Xalapa, adem\u00e1s de Gesti\u00f3n y Direcci\u00f3n de Negocios, regi\u00f3n Coatzacoalcos-Minatitl\u00e1n.<\/p>\n<p class=\"p3\">Al respecto, el Rector mencion\u00f3 que la calidad educativa se construye y planifica, es un ejercicio de renovaci\u00f3n constante que implica la puesta en obra de una educaci\u00f3n en curso, abierta a otras miradas y planteamientos propositivos.<\/p>\n<div id=\"attachment_134120\" style=\"width: 732px\" class=\"wp-caption aligncenter\"><img aria-describedby=\"caption-attachment-134120\" decoding=\"async\" loading=\"lazy\" class=\"size-full wp-image-134120\" src=\"https:\/\/www.uv.mx\/prensa\/files\/2023\/08\/300823-PAOLA-UV-acredito-PE-4.jpg\" alt=\"El PE de Log\u00edstica Internacional y Aduanas, de la regi\u00f3n Veracruz, recibi\u00f3 acreditaci\u00f3n por calidad educativa\" width=\"722\" height=\"481\" srcset=\"https:\/\/www.uv.mx\/prensa\/files\/2023\/08\/300823-PAOLA-UV-acredito-PE-4.jpg 722w, https:\/\/www.uv.mx\/prensa\/files\/2023\/08\/300823-PAOLA-UV-acredito-PE-4-300x200.jpg 300w\" sizes=\"(max-width: 722px) 100vw, 722px\" \/><p id=\"caption-attachment-134120\" class=\"wp-caption-text\">El PE de Log\u00edstica Internacional y Aduanas, de la regi\u00f3n Veracruz, recibi\u00f3 acreditaci\u00f3n por calidad educativa<\/p><\/div>\n<p>&nbsp;<\/p>\n<p class=\"p3\">Se\u00f1al\u00f3 que el desaf\u00edo de los PE es consolidar la calidad de su propuesta educativa y construir sobre las lecciones emanadas de un razonamiento sistem\u00e1tico.<\/p>\n<p class=\"p3\">\u201cFelicito a los programas por la acreditaci\u00f3n y reacreditaci\u00f3n, ya que superar un escrutinio de esta naturaleza implica horas de trabajo elaborado, matizado y colaborativo, y el hecho de que lo hayan culminado con \u00e9xito evidencia todo su potencial como programa acad\u00e9mico y modelo de una comunidad de aprendizaje verdaderamente funcional.\u201d<\/p>\n<div id=\"attachment_134116\" style=\"width: 732px\" class=\"wp-caption aligncenter\"><img aria-describedby=\"caption-attachment-134116\" decoding=\"async\" loading=\"lazy\" class=\"size-full wp-image-134116\" src=\"https:\/\/www.uv.mx\/prensa\/files\/2023\/08\/300823-PAOLA-UV-acredito-PE-5.jpg\" alt=\"A la ceremonia asistieron funcionarios y directivos de la UV, as\u00ed como acad\u00e9micos y estudiantes de los PE reconocidos\" width=\"722\" height=\"481\" srcset=\"https:\/\/www.uv.mx\/prensa\/files\/2023\/08\/300823-PAOLA-UV-acredito-PE-5.jpg 722w, https:\/\/www.uv.mx\/prensa\/files\/2023\/08\/300823-PAOLA-UV-acredito-PE-5-300x200.jpg 300w\" sizes=\"(max-width: 722px) 100vw, 722px\" \/><p id=\"caption-attachment-134116\" class=\"wp-caption-text\">A la ceremonia asistieron funcionarios y directivos de la UV, as\u00ed como acad\u00e9micos y estudiantes de los PE reconocidos<\/p><\/div>\n<p>&nbsp;<\/p>\n<p class=\"p3\">Los representantes de los organismos acreditadores, nacionales e internacionales reconocieron el compromiso de la UV y su comunidad por buscar la excelencia de sus programas educativos, y destacaron que las constancias son el resultado de un largo proceso que se gesta en el d\u00eda a d\u00eda, el cual impulsa la mejora continua.<\/p>\n<p class=\"p3\">Subrayaron que una universidad de calidad tiene relaci\u00f3n estrecha con el cuidado que pone en cada una de sus actividades, en beneficio de la formaci\u00f3n profesional de sus estudiantes.<\/p>\n<p class=\"p3\">En tanto, a trav\u00e9s de la plataforma <i>Zoom<\/i>, los vicerrectores de las regiones Coatzacoalcos-Minatitl\u00e1n, Poza Rica-Tuxpan y Veracruz: Georgina Hern\u00e1ndez R\u00edos, Liliana Cuervo L\u00f3pez y Rub\u00e9n Edel Navarro, respectivamente, felicitaron y reconocieron el trabajo realizado por las comunidades de las facultades involucradas.<\/p>\n<p class=\"p3\">A la ceremonia asistieron titulares de las direcciones generales de las seis \u00e1reas acad\u00e9micas y administrativas; integrantes de las Comisiones Acad\u00e9micas de Evaluaci\u00f3n de cada PE; acad\u00e9micos, estudiantes y personal de las facultades.<\/p>\n","protected":false},"excerpt":{"rendered":"<p>Los organismos acreditadores, nacionales e internacionales, reconocieron el trabajo y empe\u00f1o de todos los integrantes de la Universidad Veracruzana por buscar la mejora de los programas educativos de licenciatura<\/p>\n","protected":false},"author":1775,"featured_media":134121,"comment_status":"closed","ping_status":"closed","sticky":false,"template":"","format":"standard","meta":[],"categories":[47,61,5174,32,8444],"tags":[3650,857,510,1576,13211,8135,8351,3495,13210,6592,4164,13212,7373,506,622,9160],"_links":{"self":[{"href":"https:\/\/www.uv.mx\/prensa\/wp-json\/wp\/v2\/posts\/134137"}],"collection":[{"href":"https:\/\/www.uv.mx\/prensa\/wp-json\/wp\/v2\/posts"}],"about":[{"href":"https:\/\/www.uv.mx\/prensa\/wp-json\/wp\/v2\/types\/post"}],"author":[{"embeddable":true,"href":"https:\/\/www.uv.mx\/prensa\/wp-json\/wp\/v2\/users\/1775"}],"replies":[{"embeddable":true,"href":"https:\/\/www.uv.mx\/prensa\/wp-json\/wp\/v2\/comments?post=134137"}],"version-history":[{"count":1,"href":"https:\/\/www.uv.mx\/prensa\/wp-json\/wp\/v2\/posts\/134137\/revisions"}],"predecessor-version":[{"id":134166,"href":"https:\/\/www.uv.mx\/prensa\/wp-json\/wp\/v2\/posts\/134137\/revisions\/134166"}],"wp:featuredmedia":[{"embeddable":true,"href":"https:\/\/www.uv.mx\/prensa\/wp-json\/wp\/v2\/media\/134121"}],"wp:attachment":[{"href":"https:\/\/www.uv.mx\/prensa\/wp-json\/wp\/v2\/media?parent=134137"}],"wp:term":[{"taxonomy":"category","embeddable":true,"href":"https:\/\/www.uv.mx\/prensa\/wp-json\/wp\/v2\/categories?post=134137"},{"taxonomy":"post_tag","embeddable":true,"href":"https:\/\/www.uv.mx\/prensa\/wp-json\/wp\/v2\/tags?post=134137"}],"curies":[{"name":"wp","href":"https:\/\/api.w.org\/{rel}","templated":true}]}}