{"id":134146,"date":"2023-08-31T12:21:06","date_gmt":"2023-08-31T17:21:06","guid":{"rendered":"https:\/\/www.uv.mx\/prensa\/?p=134146"},"modified":"2023-08-31T14:55:22","modified_gmt":"2023-08-31T19:55:22","slug":"nivel-educativo-de-la-uv-reconocido-en-todo-el-pais-karla-hernandez","status":"publish","type":"post","link":"https:\/\/www.uv.mx\/prensa\/general\/nivel-educativo-de-la-uv-reconocido-en-todo-el-pais-karla-hernandez\/","title":{"rendered":"Nivel educativo de la UV, reconocido en todo el pa\u00eds: Karla Hern\u00e1ndez"},"content":{"rendered":"<ul>\n<li data-leveltext=\"\uf0b7\" data-font=\"Symbol\" data-listid=\"6\" data-list-defn-props=\"{&quot;335552541&quot;:1,&quot;335559684&quot;:-2,&quot;335559685&quot;:720,&quot;335559991&quot;:360,&quot;469769226&quot;:&quot;Symbol&quot;,&quot;469769242&quot;:[8226],&quot;469777803&quot;:&quot;left&quot;,&quot;469777804&quot;:&quot;\uf0b7&quot;,&quot;469777815&quot;:&quot;hybridMultilevel&quot;}\" data-aria-posinset=\"1\" data-aria-level=\"1\"><i><span data-contrast=\"auto\">Karla Aketzalli Hern\u00e1ndez Contreras cursa el Doctorado en Investigaciones Cerebrales de la Universidad Veracruzana<\/span><\/i><span data-ccp-props=\"{}\">\u00a0<\/span><\/li>\n<li data-leveltext=\"\uf0b7\" data-font=\"Symbol\" data-listid=\"6\" data-list-defn-props=\"{&quot;335552541&quot;:1,&quot;335559684&quot;:-2,&quot;335559685&quot;:720,&quot;335559991&quot;:360,&quot;469769226&quot;:&quot;Symbol&quot;,&quot;469769242&quot;:[8226],&quot;469777803&quot;:&quot;left&quot;,&quot;469777804&quot;:&quot;\uf0b7&quot;,&quot;469777815&quot;:&quot;hybridMultilevel&quot;}\" data-aria-posinset=\"2\" data-aria-level=\"1\"><i><span data-contrast=\"auto\">La joven fue laureada con el Premio Municipal de la Juventud 2023, por el Ayuntamiento de Xalapa<\/span><\/i><span data-ccp-props=\"{}\">\u00a0<\/span><\/li>\n<\/ul>\n<p><span data-ccp-props=\"{}\">\u00a0<\/span><\/p>\n<div id=\"attachment_134056\" style=\"width: 732px\" class=\"wp-caption aligncenter\"><img aria-describedby=\"caption-attachment-134056\" decoding=\"async\" loading=\"lazy\" class=\"size-full wp-image-134056\" src=\"https:\/\/www.uv.mx\/prensa\/files\/2023\/08\/290823-Estudiante-Premio-Municipal-Juventud-1-OK.jpg\" alt=\"\" width=\"722\" height=\"513\" srcset=\"https:\/\/www.uv.mx\/prensa\/files\/2023\/08\/290823-Estudiante-Premio-Municipal-Juventud-1-OK.jpg 722w, https:\/\/www.uv.mx\/prensa\/files\/2023\/08\/290823-Estudiante-Premio-Municipal-Juventud-1-OK-300x213.jpg 300w\" sizes=\"(max-width: 722px) 100vw, 722px\" \/><p id=\"caption-attachment-134056\" class=\"wp-caption-text\">Karla Aketzalli Hern\u00e1ndez Contreras<\/p><\/div>\n<p>&nbsp;<\/p>\n<p><b><i><span data-contrast=\"auto\">Carlos Hugo Hermida Rosales<\/span><\/i><\/b><span data-ccp-props=\"{}\">\u00a0<\/span><\/p>\n<p><b><i><span data-contrast=\"auto\">Fotos: Omar Portilla Palacios y cortes\u00eda Karla Hern\u00e1ndez Contreras<\/span><\/i><\/b><\/p>\n<p><span data-ccp-props=\"{}\">\u00a0<\/span><b><i><span data-contrast=\"auto\">31\/08\/2023. Xalapa, Ver<\/span><\/i><\/b><span data-contrast=\"auto\">. \u201cLa formaci\u00f3n que he recibido dentro de la Universidad Veracruzana (UV) es un aut\u00e9ntico tesoro, pues la calidad de su nivel educativo se reconoce en todo el pa\u00eds\u201d, afirm\u00f3 Karla Aketzalli Hern\u00e1ndez Contreras, alumna del <a href=\"https:\/\/www.uv.mx\/dic\/\" target=\"_blank\" rel=\"noopener\">Doctorado en Investigaciones Cerebrales<\/a> de esta casa de estudios.<\/span><span data-ccp-props=\"{}\">\u00a0<\/span><\/p>\n<p><span data-contrast=\"auto\">Por su trayectoria, la joven fue galardonada por el Ayuntamiento de Xalapa con el Premio Municipal de la Juventud 2023.<\/span><span data-ccp-props=\"{&quot;335559731&quot;:708}\">\u00a0<\/span><\/p>\n<p><span data-contrast=\"auto\">Entre su quehacer destaca la colaboraci\u00f3n en diversos art\u00edculos donde aborda el tema de la enfermedad de Alzheimer,<\/span> <span data-contrast=\"auto\">y han sido<\/span> <span data-contrast=\"auto\">publicados en plataformas internacionales como <\/span><i><span data-contrast=\"auto\">Sciencedirect<\/span><\/i><span data-contrast=\"auto\"> y en la <\/span><i><span data-contrast=\"auto\">Revista Peruana de Divulgaci\u00f3n Cient\u00edfica en Gen\u00e9tica y Biolog\u00eda Molecular<\/span><\/i><span data-contrast=\"auto\">.<\/span><span data-ccp-props=\"{&quot;335559731&quot;:708}\">\u00a0<\/span><\/p>\n<p><span data-contrast=\"auto\">Karla Hern\u00e1ndez determin\u00f3 estudiar la Licenciatura en Medicina en la UV, debido a que sus pap\u00e1s se formaron en facultades de esta instituci\u00f3n educativa: Derecho e Ingenier\u00eda.\u00a0<\/span><span data-ccp-props=\"{&quot;335559731&quot;:708}\">\u00a0<\/span><\/p>\n<p><span data-contrast=\"auto\">Desde muy joven se orient\u00f3 al \u00e1rea de ciencias de la salud, y aun cuando su carrera se enfoca hacia lo cl\u00ednico eligi\u00f3 realizar su servicio social en el Centro de Investigaciones Cerebrales, bajo la gu\u00eda de Gonzalo Emiliano Aranda Abreu, quien ahora es su asesor de tesis doctoral.\u00a0<\/span><span data-ccp-props=\"{&quot;335559731&quot;:708}\">\u00a0<\/span><\/p>\n<p><span data-contrast=\"auto\">La estudiante comparti\u00f3 que aunque la investigaci\u00f3n b\u00e1sica siempre llam\u00f3 su atenci\u00f3n, el inter\u00e9s creci\u00f3 a ra\u00edz de un \u201cVerano de la Ciencia\u201d en la Universidad Aut\u00f3noma de San Luis Potos\u00ed, pues la experiencia cambi\u00f3 su visi\u00f3n acad\u00e9mica, cultural y social.<\/span><\/p>\n<p>&nbsp;<\/p>\n<div id=\"attachment_134055\" style=\"width: 732px\" class=\"wp-caption aligncenter\"><img aria-describedby=\"caption-attachment-134055\" decoding=\"async\" loading=\"lazy\" class=\"size-full wp-image-134055\" src=\"https:\/\/www.uv.mx\/prensa\/files\/2023\/08\/290823-Estudiante-Premio-Municipal-Juventud-2-OK.jpg\" alt=\"\" width=\"722\" height=\"717\" srcset=\"https:\/\/www.uv.mx\/prensa\/files\/2023\/08\/290823-Estudiante-Premio-Municipal-Juventud-2-OK.jpg 722w, https:\/\/www.uv.mx\/prensa\/files\/2023\/08\/290823-Estudiante-Premio-Municipal-Juventud-2-OK-300x298.jpg 300w, https:\/\/www.uv.mx\/prensa\/files\/2023\/08\/290823-Estudiante-Premio-Municipal-Juventud-2-OK-150x150.jpg 150w, https:\/\/www.uv.mx\/prensa\/files\/2023\/08\/290823-Estudiante-Premio-Municipal-Juventud-2-OK-120x120.jpg 120w\" sizes=\"(max-width: 722px) 100vw, 722px\" \/><p id=\"caption-attachment-134055\" class=\"wp-caption-text\">Al ingresar al posgrado decidi\u00f3 trabajar una l\u00ednea de investigaci\u00f3n que aborda la relaci\u00f3n del Alzheimer con la diabetes mellitus<\/p><\/div>\n<p>&nbsp;<\/p>\n<p><span data-contrast=\"auto\">Al ingresar al posgrado decidi\u00f3 trabajar una l\u00ednea de investigaci\u00f3n que aborda la relaci\u00f3n del Alzheimer con la diabetes mellitus, enfermedades que representan un gran desaf\u00edo para el sector salud.\u00a0<\/span><span data-ccp-props=\"{&quot;335559731&quot;:708}\">\u00a0<\/span><\/p>\n<p><span data-contrast=\"auto\">\u201cEste proyecto me da la oportunidad de estudiar las neurociencias y de poner mi grano de arena al analizar un par de padecimientos que a\u00fan no tienen cura\u201d, manifest\u00f3.<\/span><span data-ccp-props=\"{&quot;335559731&quot;:708}\">\u00a0<\/span><\/p>\n<p><span data-contrast=\"auto\">Karla Hern\u00e1ndez declar\u00f3 que le gusta mucho realizar divulgaci\u00f3n cient\u00edfica y acudir a congresos como ponente; entre sus participaciones destaca la coordinaci\u00f3n y organizaci\u00f3n de la actividad \u201cCartas a un cient\u00edfico\u201d, desarrollada por el Instituto de Investigaciones Cerebrales en abril de 2022.<\/span><span data-ccp-props=\"{&quot;335559731&quot;:708}\">\u00a0<\/span><\/p>\n<p><span data-contrast=\"auto\">Adem\u00e1s de 60 horas de trabajo voluntario en junio del mismo a\u00f1o en el Programa Adopte un Talento del Instituto de Ciencias Nucleares de la Universidad Nacional Aut\u00f3noma de M\u00e9xico, y su papel de facilitadora del taller \u201cEl <\/span><i><span data-contrast=\"auto\">chat<\/span><\/i><span data-contrast=\"auto\"> de las neuronas\u201d, impartido en el Telebachillerato Colonia Higueras.\u00a0<\/span><span data-ccp-props=\"{&quot;335559731&quot;:708}\">\u00a0<\/span><\/p>\n<p><span data-contrast=\"auto\">Recibir el Premio Municipal de la Juventud 2023 represent\u00f3 una palmada en la espalda, que le motiva a esforzarse y balancear adecuadamente todas las \u00e1reas de su vida.<\/span><span data-ccp-props=\"{&quot;335559731&quot;:708}\">\u00a0<\/span><\/p>\n<p><span data-contrast=\"auto\">\u201cSoy mam\u00e1 de un peque\u00f1o y equilibrar la maternidad con mi familia, escuela e investigaci\u00f3n, es un reto enorme que a veces se dificulta\u201d, enfatiz\u00f3.<\/span><\/p>\n<p>&nbsp;<\/p>\n<div id=\"attachment_134054\" style=\"width: 732px\" class=\"wp-caption aligncenter\"><img aria-describedby=\"caption-attachment-134054\" decoding=\"async\" loading=\"lazy\" class=\"size-full wp-image-134054\" src=\"https:\/\/www.uv.mx\/prensa\/files\/2023\/08\/290823-Estudiante-Premio-Municipal-Juventud-3-OK.jpg\" alt=\"\" width=\"722\" height=\"542\" srcset=\"https:\/\/www.uv.mx\/prensa\/files\/2023\/08\/290823-Estudiante-Premio-Municipal-Juventud-3-OK.jpg 722w, https:\/\/www.uv.mx\/prensa\/files\/2023\/08\/290823-Estudiante-Premio-Municipal-Juventud-3-OK-300x225.jpg 300w\" sizes=\"(max-width: 722px) 100vw, 722px\" \/><p id=\"caption-attachment-134054\" class=\"wp-caption-text\">Realiz\u00f3 una estancia en la Escuela Superior de Medicina del Instituto Polit\u00e9cnico Nacional<\/p><\/div>\n<p>&nbsp;<\/p>\n<p><span data-contrast=\"auto\">Entre los planes de la universitaria est\u00e1 estudiar un postdoctorado en M\u00e9xico o el extranjero, aunque no descarta la opci\u00f3n de ejercer la medicina\u00a0<\/span><span data-ccp-props=\"{&quot;335559731&quot;:708}\">\u00a0<\/span><\/p>\n<p><span data-contrast=\"auto\">\u201cSer doctor es una responsabilidad muy grande, pues antes que enfermedades atendemos personas con una amplia variedad de emociones, pensamientos y creencias, y por ello debemos saber interactuar y no deshumanizarnos\u201d, mencion\u00f3.\u00a0<\/span><span data-ccp-props=\"{&quot;335559731&quot;:708}\">\u00a0<\/span><\/p>\n<p><span data-contrast=\"auto\">La doctorante comparti\u00f3 que le motiva la posibilidad de inspirar a otras mujeres a incursionar en la investigaci\u00f3n cient\u00edfica, por eso trabaja arduamente para mostrarles que no es imposible hacerlo.<\/span><\/p>\n","protected":false},"excerpt":{"rendered":"<p>La estudiante de posgrado destac\u00f3 la formaci\u00f3n que ha recibido en la Universidad Veracruzana\u00a0<\/p>\n","protected":false},"author":2349,"featured_media":134057,"comment_status":"closed","ping_status":"closed","sticky":false,"template":"","format":"standard","meta":[],"categories":[45,47,1,51],"tags":[4161,519,4665,797,3867,13214,5442,10968,6462,13213,1148],"_links":{"self":[{"href":"https:\/\/www.uv.mx\/prensa\/wp-json\/wp\/v2\/posts\/134146"}],"collection":[{"href":"https:\/\/www.uv.mx\/prensa\/wp-json\/wp\/v2\/posts"}],"about":[{"href":"https:\/\/www.uv.mx\/prensa\/wp-json\/wp\/v2\/types\/post"}],"author":[{"embeddable":true,"href":"https:\/\/www.uv.mx\/prensa\/wp-json\/wp\/v2\/users\/2349"}],"replies":[{"embeddable":true,"href":"https:\/\/www.uv.mx\/prensa\/wp-json\/wp\/v2\/comments?post=134146"}],"version-history":[{"count":1,"href":"https:\/\/www.uv.mx\/prensa\/wp-json\/wp\/v2\/posts\/134146\/revisions"}],"predecessor-version":[{"id":134164,"href":"https:\/\/www.uv.mx\/prensa\/wp-json\/wp\/v2\/posts\/134146\/revisions\/134164"}],"wp:featuredmedia":[{"embeddable":true,"href":"https:\/\/www.uv.mx\/prensa\/wp-json\/wp\/v2\/media\/134057"}],"wp:attachment":[{"href":"https:\/\/www.uv.mx\/prensa\/wp-json\/wp\/v2\/media?parent=134146"}],"wp:term":[{"taxonomy":"category","embeddable":true,"href":"https:\/\/www.uv.mx\/prensa\/wp-json\/wp\/v2\/categories?post=134146"},{"taxonomy":"post_tag","embeddable":true,"href":"https:\/\/www.uv.mx\/prensa\/wp-json\/wp\/v2\/tags?post=134146"}],"curies":[{"name":"wp","href":"https:\/\/api.w.org\/{rel}","templated":true}]}}