{"id":134156,"date":"2023-08-31T15:54:37","date_gmt":"2023-08-31T20:54:37","guid":{"rendered":"https:\/\/www.uv.mx\/prensa\/?p=134156"},"modified":"2023-09-01T14:17:31","modified_gmt":"2023-09-01T19:17:31","slug":"uv-reacredito-ocho-programas-educativos-del-area-tecnica","status":"publish","type":"post","link":"https:\/\/www.uv.mx\/prensa\/general\/uv-reacredito-ocho-programas-educativos-del-area-tecnica\/","title":{"rendered":"UV reacredit\u00f3 ocho programas educativos del \u00c1rea T\u00e9cnica\u00a0"},"content":{"rendered":"<ul>\n<li data-leveltext=\"\uf0b7\" data-font=\"Symbol\" data-listid=\"6\" data-list-defn-props=\"{&quot;335552541&quot;:1,&quot;335559684&quot;:-2,&quot;335559685&quot;:720,&quot;335559991&quot;:360,&quot;469769226&quot;:&quot;Symbol&quot;,&quot;469769242&quot;:[8226],&quot;469777803&quot;:&quot;left&quot;,&quot;469777804&quot;:&quot;\uf0b7&quot;,&quot;469777815&quot;:&quot;hybridMultilevel&quot;}\" data-aria-posinset=\"1\" data-aria-level=\"1\"><i><span data-contrast=\"auto\">En la regi\u00f3n Xalapa fueron reacreditados los PE de Ingenier\u00eda Ambiental, en Alimentos, El\u00e9ctrica y Mec\u00e1nica; en Veracruz los de Ingenier\u00eda Qu\u00edmica y en Electr\u00f3nica y Comunicaciones, y en Poza Rica-Tuxpan los de Ingenier\u00eda Petrolera e Industrial<\/span><\/i><span data-ccp-props=\"{}\">\u00a0<\/span><\/li>\n<li data-leveltext=\"\uf0b7\" data-font=\"Symbol\" data-listid=\"6\" data-list-defn-props=\"{&quot;335552541&quot;:1,&quot;335559684&quot;:-2,&quot;335559685&quot;:720,&quot;335559991&quot;:360,&quot;469769226&quot;:&quot;Symbol&quot;,&quot;469769242&quot;:[8226],&quot;469777803&quot;:&quot;left&quot;,&quot;469777804&quot;:&quot;\uf0b7&quot;,&quot;469777815&quot;:&quot;hybridMultilevel&quot;}\" data-aria-posinset=\"2\" data-aria-level=\"1\"><i><span data-contrast=\"auto\">El rector Mart\u00edn Aguilar declar\u00f3 que la mejora de la calidad del sistema educativo debe ser una cuesti\u00f3n central en la agenda del M\u00e9xico de hoy<\/span><\/i><span data-ccp-props=\"{}\">\u00a0<\/span><\/li>\n<\/ul>\n<p><span data-ccp-props=\"{&quot;335559685&quot;:360}\">\u00a0<\/span><\/p>\n<div id=\"attachment_134183\" style=\"width: 732px\" class=\"wp-caption aligncenter\"><img aria-describedby=\"caption-attachment-134183\" decoding=\"async\" loading=\"lazy\" class=\"size-full wp-image-134183\" src=\"https:\/\/www.uv.mx\/prensa\/files\/2023\/08\/310823-CARLOS-Acreditacion-PE-Tecnica-2222.jpg\" alt=\"\" width=\"722\" height=\"482\" srcset=\"https:\/\/www.uv.mx\/prensa\/files\/2023\/08\/310823-CARLOS-Acreditacion-PE-Tecnica-2222.jpg 722w, https:\/\/www.uv.mx\/prensa\/files\/2023\/08\/310823-CARLOS-Acreditacion-PE-Tecnica-2222-300x200.jpg 300w\" sizes=\"(max-width: 722px) 100vw, 722px\" \/><p id=\"caption-attachment-134183\" class=\"wp-caption-text\">Mart\u00edn Aguilar mencion\u00f3 que el Programa de Trabajo 2021-2025 cultiva un compromiso serio con la educaci\u00f3n<\/p><\/div>\n<p><span data-ccp-props=\"{}\">\u00a0<\/span><\/p>\n<p><b><i><span data-contrast=\"auto\">Carlos Hugo Hermida Rosales<\/span><\/i><\/b><span data-ccp-props=\"{}\">\u00a0<\/span><\/p>\n<p><b><i><span data-contrast=\"auto\">Fotos: C\u00e9sar Pisil Ramos<\/span><\/i><\/b><span data-ccp-props=\"{}\">\u00a0<\/span><\/p>\n<p><b><i><span data-contrast=\"auto\">31\/08\/2023, Xalapa, Ver.-<\/span><\/i><\/b><span data-contrast=\"auto\"> \u201cLa mejora de la calidad del sistema educativo tiene que ser una cuesti\u00f3n central en la agenda del M\u00e9xico de hoy\u201d, declar\u00f3 Mart\u00edn Aguilar S\u00e1nchez, rector de la <a href=\"https:\/\/www.uv.mx\/\" target=\"_blank\" rel=\"noopener\">Universidad Veracruzana<\/a> (UV), en la ceremonia de entrega de reacreditaciones a ocho Programas Educativos (PE) del \u00c1rea Acad\u00e9mica T\u00e9cnica de las regiones Xalapa, Veracruz y Poza Rica-Tuxpan, por parte del Consejo de Acreditaci\u00f3n de la Ense\u00f1anza de la Ingenier\u00eda, A.C. (<\/span><i><span data-contrast=\"auto\">Cacei<\/span><\/i><span data-contrast=\"auto\">).<\/span><span data-ccp-props=\"{}\">\u00a0<\/span><\/p>\n<p><span data-contrast=\"auto\">El acto se llev\u00f3 a cabo en la sala anexa de Tlaqn\u00e1, Centro Cultural. Se otorg\u00f3 la reacreditaci\u00f3n a los PE de Ingenier\u00eda Ambiental, en Alimentos, El\u00e9ctrica y Mec\u00e1nica, de la regi\u00f3n Xalapa; Ingenier\u00eda Qu\u00edmica y en Electr\u00f3nica y Comunicaciones, de Veracruz, e Ingenier\u00eda Petrolera, e Industrial, de Poza Rica-Tuxpan.\u00a0<\/span><span data-ccp-props=\"{&quot;335559731&quot;:708}\">\u00a0<\/span><\/p>\n<p><span data-contrast=\"auto\">Mart\u00edn Aguilar mencion\u00f3 que al diagnosticar la multitud de desaf\u00edos de la UV, el Programa de Trabajo 2021-2025 \u201cPor una transformaci\u00f3n integral\u201d dedica espacio a cultivar un compromiso serio con la educaci\u00f3n.<\/span><span data-ccp-props=\"{&quot;335559731&quot;:708}\">\u00a0<\/span><\/p>\n<p><span data-contrast=\"auto\">Coment\u00f3 que la obtenci\u00f3n de las ocho reacreditaciones es la culminaci\u00f3n de un proceso de evaluaci\u00f3n largo y complejo, y reconoci\u00f3 los esfuerzos de acad\u00e9micos, estudiantes y personal administrativo, a fin de garantizar la adopci\u00f3n de estrategias encaminadas a la restauraci\u00f3n de la calidad.\u00a0<\/span><span data-ccp-props=\"{&quot;335559731&quot;:708}\">\u00a0<\/span><\/p>\n<p><span data-contrast=\"auto\">\u201cEste logro refrenda el hist\u00f3rico dinamismo del \u00c1rea T\u00e9cnica de la Universidad\u201d, manifest\u00f3.<\/span><\/p>\n<p>&nbsp;<\/p>\n<div id=\"attachment_134159\" style=\"width: 732px\" class=\"wp-caption aligncenter\"><img aria-describedby=\"caption-attachment-134159\" decoding=\"async\" loading=\"lazy\" class=\"size-full wp-image-134159\" src=\"https:\/\/www.uv.mx\/prensa\/files\/2023\/08\/310823-CARLOS-Acreditacion-PE-Tecnica-3.jpg\" alt=\"\" width=\"722\" height=\"482\" srcset=\"https:\/\/www.uv.mx\/prensa\/files\/2023\/08\/310823-CARLOS-Acreditacion-PE-Tecnica-3.jpg 722w, https:\/\/www.uv.mx\/prensa\/files\/2023\/08\/310823-CARLOS-Acreditacion-PE-Tecnica-3-300x200.jpg 300w\" sizes=\"(max-width: 722px) 100vw, 722px\" \/><p id=\"caption-attachment-134159\" class=\"wp-caption-text\">Arturo V\u00e1zquez Honorato afirm\u00f3 que la evaluaci\u00f3n de la calidad permite identificar \u00e1reas de oportunidad<\/p><\/div>\n<p><span data-ccp-props=\"{&quot;335559731&quot;:708}\">\u00a0<\/span><\/p>\n<p><span data-contrast=\"auto\">El Rector enfatiz\u00f3 que en un contexto donde la necesidad de nuevo conocimiento y el cultivo de destrezas y saberes se han expandido notablemente, contar con un sistema de educaci\u00f3n s\u00f3lido y bien organizado es un gran activo para el desarrollo.<\/span><span data-ccp-props=\"{&quot;335559731&quot;:708}\">\u00a0<\/span><\/p>\n<p><span data-contrast=\"auto\">Luis Arturo V\u00e1zquez Honorato, director general del \u00c1rea Acad\u00e9mica T\u00e9cnica, mencion\u00f3 que la visi\u00f3n de la Universidad es formar profesionales cualificados \u00e9ticamente, comprometidos y con sentido humanista para transitar hacia la sustentabilidad y el desarrollo institucional.<\/span><span data-ccp-props=\"{&quot;335559731&quot;:708}\">\u00a0<\/span><\/p>\n<p><span data-contrast=\"auto\">\u201cLa evaluaci\u00f3n de la calidad de los programas educativos nos lleva de la mano a identificar \u00e1reas de oportunidad, y las observaciones de organismos certificadores nos ofrecen una mirada distinta que permite elevar est\u00e1ndares y rectificar el buen rumbo del aprendizaje otorgado\u201d, afirm\u00f3.<\/span><span data-ccp-props=\"{&quot;335559731&quot;:708}\">\u00a0<\/span><\/p>\n<p><span data-contrast=\"auto\">Jos\u00e9 Humberto Lor\u00eda Arcila, director general del <\/span><i><span data-contrast=\"auto\">Cacei<\/span><\/i><span data-contrast=\"auto\">, resalt\u00f3 el firme compromiso de la UV con la calidad y mejora continua, como parte de una filosof\u00eda de vida que transmite a sus estudiantes.\u00a0<\/span><span data-ccp-props=\"{&quot;335559731&quot;:708}\">\u00a0<\/span><\/p>\n<p><span data-contrast=\"auto\">Destac\u00f3 que los ocho programas reacreditados fueron evaluados bajo est\u00e1ndares internacionales, y ello brindar\u00e1 a sus egresados facilidades para realizar movilidad profesional a otros pa\u00edses.<\/span><\/p>\n<p>&nbsp;<\/p>\n<div id=\"attachment_134160\" style=\"width: 732px\" class=\"wp-caption aligncenter\"><img aria-describedby=\"caption-attachment-134160\" decoding=\"async\" loading=\"lazy\" class=\"size-full wp-image-134160\" src=\"https:\/\/www.uv.mx\/prensa\/files\/2023\/08\/310823-CARLOS-Acreditacion-PE-Tecnica-4.jpg\" alt=\"\" width=\"722\" height=\"482\" srcset=\"https:\/\/www.uv.mx\/prensa\/files\/2023\/08\/310823-CARLOS-Acreditacion-PE-Tecnica-4.jpg 722w, https:\/\/www.uv.mx\/prensa\/files\/2023\/08\/310823-CARLOS-Acreditacion-PE-Tecnica-4-300x200.jpg 300w\" sizes=\"(max-width: 722px) 100vw, 722px\" \/><p id=\"caption-attachment-134160\" class=\"wp-caption-text\">Jos\u00e9 Humberto Lor\u00eda Arcila, director general del <em>Cacei<\/em><\/p><\/div>\n<p><span data-ccp-props=\"{&quot;335559731&quot;:708}\">\u00a0<\/span><\/p>\n<p><span data-contrast=\"none\">Rub\u00e9n Edel Navarro, vicerrector de la regi\u00f3n Veracruz, agradeci\u00f3 al <\/span><i><span data-contrast=\"auto\">Cacei <\/span><\/i><span data-contrast=\"none\">por la ense\u00f1anza otorgada, y reconoci\u00f3 el gran esfuerzo del equipo de acad\u00e9micos de los PE de <\/span><span data-contrast=\"auto\">Ingenier\u00eda Qu\u00edmica y en Electr\u00f3nica y Comunicaciones,<\/span><span data-contrast=\"none\"> por sistematizar las evidencias que permitieron obtener las reacreditaciones.<\/span><span data-ccp-props=\"{&quot;335559731&quot;:708}\">\u00a0<\/span><\/p>\n<p><span data-contrast=\"none\">Por su parte, Liliana Cuervo L\u00f3pez, vicerrectora de la regi\u00f3n Poza Riza-Tuxpan, enfatiz\u00f3 la importancia econ\u00f3mica, social y ambiental de las carreras universitarias de <\/span><span data-contrast=\"auto\">Ingenier\u00eda Petrolera e Industrial, y la necesidad de mejorar su ejercicio profesional.<\/span><span data-ccp-props=\"{&quot;335559731&quot;:708}\">\u00a0<\/span><\/p>\n<p><span data-contrast=\"auto\">Al recibir la constancia de reacreditaci\u00f3n de los PE de las Ingenier\u00edas Ambiental y en Alimentos, Liliana Dom\u00ednguez Ca\u00f1edo, directora de la Facultad de Ciencias Qu\u00edmicas, manifest\u00f3 estar satisfecha pero no conforme, pues piensa buscar la calidad todos los d\u00edas.\u00a0<\/span><span data-ccp-props=\"{&quot;335559731&quot;:708}\">\u00a0<\/span><\/p>\n<p><span data-contrast=\"auto\">Francisco Rica\u00f1o Herrera, director de la Facultad de Ingenier\u00eda Mec\u00e1nica y El\u00e9ctrica \u2013donde est\u00e1n adscritos los PE de las Ingenier\u00edas El\u00e9ctrica y Mec\u00e1nica\u2013, coment\u00f3 que la obtenci\u00f3n del par de reacreditaciones es resultado del fuerte compromiso con la rendici\u00f3n de cuentas, asumido con la sociedad a la cual se deben.<\/span><span data-ccp-props=\"{&quot;335559731&quot;:708}\">\u00a0<\/span><\/p>\n<p><span data-contrast=\"auto\">De la regi\u00f3n Veracruz, H\u00e9ctor Porragas Beltr\u00e1n, titular de la Facultad de Ingenier\u00eda Mec\u00e1nica y Electr\u00f3nica, asegur\u00f3 que la reacreditaci\u00f3n del PE de Ingenier\u00eda en Electr\u00f3nica y Comunicaciones fue producto de un esfuerzo colaborativo de toda la comunidad de la entidad acad\u00e9mica a su cargo.<\/span><span data-ccp-props=\"{&quot;335559731&quot;:708}\">\u00a0<\/span><\/p>\n<p>&nbsp;<\/p>\n<div id=\"attachment_134161\" style=\"width: 732px\" class=\"wp-caption aligncenter\"><img aria-describedby=\"caption-attachment-134161\" decoding=\"async\" loading=\"lazy\" class=\"size-full wp-image-134161\" src=\"https:\/\/www.uv.mx\/prensa\/files\/2023\/08\/310823-CARLOS-Acreditacion-PE-Tecnica-5.jpg\" alt=\"\" width=\"722\" height=\"482\" srcset=\"https:\/\/www.uv.mx\/prensa\/files\/2023\/08\/310823-CARLOS-Acreditacion-PE-Tecnica-5.jpg 722w, https:\/\/www.uv.mx\/prensa\/files\/2023\/08\/310823-CARLOS-Acreditacion-PE-Tecnica-5-300x200.jpg 300w\" sizes=\"(max-width: 722px) 100vw, 722px\" \/><p id=\"caption-attachment-134161\" class=\"wp-caption-text\">Autoridades universitarias entregaron las constancias de reacreditaci\u00f3n a los titulares de las facultades<\/p><\/div>\n<p>&nbsp;<\/p>\n<p><span data-contrast=\"auto\">A su vez, Yolanda Lagunes Paredes, directora de la Facultad de Ciencias Qu\u00edmicas, destac\u00f3 el trabajo emotivo realizado por toda la comunidad adscrita al PE de Ingenier\u00eda Qu\u00edmica.\u00a0<\/span><span data-ccp-props=\"{&quot;335559731&quot;:708}\">\u00a0<\/span><\/p>\n<p><span data-contrast=\"auto\">En su intervenci\u00f3n, Javier Calder\u00f3n S\u00e1nchez, titular de la Facultad de Ingenier\u00eda Mec\u00e1nica y El\u00e9ctrica de Poza Rica-Tuxpan, manifest\u00f3 que la reacreditaci\u00f3n del PE en Ingenier\u00eda Industrial es el resultado de muchos a\u00f1os de ardua labor, y se comprometi\u00f3 a trabajar con calidad a fin de alcanzar la excelencia.\u00a0<\/span><span data-ccp-props=\"{&quot;335559731&quot;:708}\">\u00a0<\/span><\/p>\n<p><span data-contrast=\"auto\">Finalmente, Ernesto Gallardo Cast\u00e1n, director de la Facultad de Ciencias Qu\u00edmicas en dicha regi\u00f3n, coment\u00f3 que la carrera universitaria de Ingenier\u00eda Petrolera ver\u00e1 la evaluaci\u00f3n como un proceso continuo y una oportunidad para elevar su nivel educativo.\u00a0<\/span><span data-ccp-props=\"{&quot;335559731&quot;:708}\">\u00a0<\/span><\/p>\n<p><span data-contrast=\"auto\">En la ceremonia de entrega de reacreditaciones tambi\u00e9n estuvieron: Juan Ortiz Escamilla, Lizbeth Viveros Cancino y Jaqueline Jongitud Zamora, secretarios Acad\u00e9mico, de Administraci\u00f3n y Finanzas, y de Desarrollo Institucional, respectivamente, adem\u00e1s de Norma Lagunes L\u00f3pez, encargada de la Direcci\u00f3n de Planeaci\u00f3n Institucional.<\/span><\/p>\n","protected":false},"excerpt":{"rendered":"<p>Las reacreditaciones son la culminaci\u00f3n de un proceso largo y complejo, por lo que el Rector reconoci\u00f3 los esfuerzos de acad\u00e9micos, estudiantes y personal administrativo de los programas educativos\u00a0<\/p>\n","protected":false},"author":1869,"featured_media":134172,"comment_status":"closed","ping_status":"closed","sticky":false,"template":"","format":"standard","meta":[],"categories":[52,47,1,54,61,5174,32,55],"tags":[9192,1784,510,4161,681,6263,4764,1163,13223,1164,13224,5905,4464,1162,506,13222,7258],"_links":{"self":[{"href":"https:\/\/www.uv.mx\/prensa\/wp-json\/wp\/v2\/posts\/134156"}],"collection":[{"href":"https:\/\/www.uv.mx\/prensa\/wp-json\/wp\/v2\/posts"}],"about":[{"href":"https:\/\/www.uv.mx\/prensa\/wp-json\/wp\/v2\/types\/post"}],"author":[{"embeddable":true,"href":"https:\/\/www.uv.mx\/prensa\/wp-json\/wp\/v2\/users\/1869"}],"replies":[{"embeddable":true,"href":"https:\/\/www.uv.mx\/prensa\/wp-json\/wp\/v2\/comments?post=134156"}],"version-history":[{"count":1,"href":"https:\/\/www.uv.mx\/prensa\/wp-json\/wp\/v2\/posts\/134156\/revisions"}],"predecessor-version":[{"id":134241,"href":"https:\/\/www.uv.mx\/prensa\/wp-json\/wp\/v2\/posts\/134156\/revisions\/134241"}],"wp:featuredmedia":[{"embeddable":true,"href":"https:\/\/www.uv.mx\/prensa\/wp-json\/wp\/v2\/media\/134172"}],"wp:attachment":[{"href":"https:\/\/www.uv.mx\/prensa\/wp-json\/wp\/v2\/media?parent=134156"}],"wp:term":[{"taxonomy":"category","embeddable":true,"href":"https:\/\/www.uv.mx\/prensa\/wp-json\/wp\/v2\/categories?post=134156"},{"taxonomy":"post_tag","embeddable":true,"href":"https:\/\/www.uv.mx\/prensa\/wp-json\/wp\/v2\/tags?post=134156"}],"curies":[{"name":"wp","href":"https:\/\/api.w.org\/{rel}","templated":true}]}}