{"id":134273,"date":"2023-09-04T17:13:37","date_gmt":"2023-09-04T22:13:37","guid":{"rendered":"https:\/\/www.uv.mx\/prensa\/?p=134273"},"modified":"2023-09-05T11:23:38","modified_gmt":"2023-09-05T16:23:38","slug":"uv-fortalece-colaboracion-con-la-iu-digital-de-antioquia-colombia","status":"publish","type":"post","link":"https:\/\/www.uv.mx\/prensa\/regiones\/uv-fortalece-colaboracion-con-la-iu-digital-de-antioquia-colombia\/","title":{"rendered":"UV fortalece colaboraci\u00f3n con la IU Digital de Antioquia, Colombia"},"content":{"rendered":"<ul>\n<li data-leveltext=\"\uf0b7\" data-font=\"Symbol\" data-listid=\"4\" data-list-defn-props=\"{&quot;335552541&quot;:1,&quot;335559684&quot;:-2,&quot;335559685&quot;:720,&quot;335559991&quot;:360,&quot;469769226&quot;:&quot;Symbol&quot;,&quot;469769242&quot;:[8226],&quot;469777803&quot;:&quot;left&quot;,&quot;469777804&quot;:&quot;\uf0b7&quot;,&quot;469777815&quot;:&quot;hybridMultilevel&quot;}\" data-aria-posinset=\"1\" data-aria-level=\"1\"><i><span data-contrast=\"auto\">\u201cLa alianza demuestra el compromiso constante de colaboraci\u00f3n acad\u00e9mica\u201d: Rub\u00e9n Edel Navarro, vicerrector de la regi\u00f3n Veracruz<\/span><\/i><span data-ccp-props=\"{&quot;201341983&quot;:0,&quot;335559739&quot;:0,&quot;335559740&quot;:240}\">\u00a0<\/span><\/li>\n<li data-leveltext=\"\uf0b7\" data-font=\"Symbol\" data-listid=\"4\" data-list-defn-props=\"{&quot;335552541&quot;:1,&quot;335559684&quot;:-2,&quot;335559685&quot;:720,&quot;335559991&quot;:360,&quot;469769226&quot;:&quot;Symbol&quot;,&quot;469769242&quot;:[8226],&quot;469777803&quot;:&quot;left&quot;,&quot;469777804&quot;:&quot;\uf0b7&quot;,&quot;469777815&quot;:&quot;hybridMultilevel&quot;}\" data-aria-posinset=\"2\" data-aria-level=\"1\"><i><span data-contrast=\"auto\">\u201cLa educaci\u00f3n superior es una sola y requiere espacios de cooperaci\u00f3n para su integraci\u00f3n y fortalecimiento\u201d: Jasson Alberto de la Rosa, rector de IU Digital<\/span><\/i><span data-ccp-props=\"{&quot;201341983&quot;:0,&quot;335559739&quot;:0,&quot;335559740&quot;:240}\">\u00a0<\/span><\/li>\n<\/ul>\n<p><span data-ccp-props=\"{&quot;201341983&quot;:0,&quot;335559739&quot;:0,&quot;335559740&quot;:240}\">\u00a0<\/span><\/p>\n<div id=\"attachment_134274\" style=\"width: 732px\" class=\"wp-caption aligncenter\"><img aria-describedby=\"caption-attachment-134274\" decoding=\"async\" loading=\"lazy\" class=\"size-full wp-image-134274\" src=\"https:\/\/www.uv.mx\/prensa\/files\/2023\/09\/010923-Blanca-IU-Digital-Antioquia-Colombia-1.jpg\" alt=\"\" width=\"722\" height=\"454\" srcset=\"https:\/\/www.uv.mx\/prensa\/files\/2023\/09\/010923-Blanca-IU-Digital-Antioquia-Colombia-1.jpg 722w, https:\/\/www.uv.mx\/prensa\/files\/2023\/09\/010923-Blanca-IU-Digital-Antioquia-Colombia-1-300x189.jpg 300w, https:\/\/www.uv.mx\/prensa\/files\/2023\/09\/010923-Blanca-IU-Digital-Antioquia-Colombia-1-200x125.jpg 200w\" sizes=\"(max-width: 722px) 100vw, 722px\" \/><p id=\"caption-attachment-134274\" class=\"wp-caption-text\">Autoridades universitarias, acad\u00e9micos y estudiantes con los representantes de IU Digital de Colombia<\/p><\/div>\n<p><span data-ccp-props=\"{&quot;201341983&quot;:0,&quot;335559739&quot;:0,&quot;335559740&quot;:240}\">\u00a0<\/span><\/p>\n<p><b><i><span data-contrast=\"auto\">Blanca Gonz\u00e1lez y Shuguey Enr\u00edquez<\/span><\/i><\/b><span data-ccp-props=\"{&quot;134233279&quot;:true,&quot;201341983&quot;:0,&quot;335559739&quot;:0,&quot;335559740&quot;:240}\">\u00a0<\/span><\/p>\n<p><b><i><span data-contrast=\"auto\">Fotos: Aracely Hern\u00e1ndez<\/span><\/i><\/b><span data-ccp-props=\"{&quot;134233279&quot;:true,&quot;201341983&quot;:0,&quot;335559739&quot;:0,&quot;335559740&quot;:240}\">\u00a0<\/span><\/p>\n<p><span data-ccp-props=\"{&quot;134233279&quot;:true,&quot;201341983&quot;:0,&quot;335559739&quot;:0,&quot;335559740&quot;:240}\">\u00a0<\/span><\/p>\n<p><b><i><span data-contrast=\"auto\">04\/09\/2023, Boca del R\u00edo, Ver.-<\/span><\/i><\/b><span data-contrast=\"auto\"> La <a href=\"https:\/\/www.uv.mx\/veracruz\/\" target=\"_blank\" rel=\"noopener\">regi\u00f3n Veracruz<\/a> de la Universidad Veracruzana (UV) recibi\u00f3 la visita de Jasson Alberto de la Rosa Isaza y Jorge Alberto G\u00f3mez L\u00f3pez, rector y vicerrector acad\u00e9mico de la Instituci\u00f3n Universitaria Digital (IU Digital) de Antioquia, Colombia, respectivamente.<\/span><span data-ccp-props=\"{&quot;134233279&quot;:true,&quot;201341983&quot;:0,&quot;335559739&quot;:0,&quot;335559740&quot;:240}\">\u00a0<\/span><\/p>\n<p><span data-contrast=\"auto\">La finalidad del encuentro, que se realiz\u00f3 en la sala de videoconferencias de la Unidad de Servicios Bibliotecarios y de Informaci\u00f3n (USBI), fue renovar el convenio general de cooperaci\u00f3n que la UV mantiene, a trav\u00e9s de la Facultad de Administraci\u00f3n, con la IU Digital desde 2019.<\/span><span data-ccp-props=\"{&quot;134233279&quot;:true,&quot;201341983&quot;:0,&quot;335559731&quot;:708,&quot;335559739&quot;:0,&quot;335559740&quot;:240}\">\u00a0<\/span><\/p>\n<p><span data-contrast=\"auto\">El vicerrector Rub\u00e9n Edel Navarro destac\u00f3 que esta alianza demuestra el compromiso constante de colaboraci\u00f3n acad\u00e9mica entre ambas instituciones, en busca de coadyuvar a la excelencia educativa.<\/span><\/p>\n<p>&nbsp;<\/p>\n<div id=\"attachment_134275\" style=\"width: 732px\" class=\"wp-caption aligncenter\"><img aria-describedby=\"caption-attachment-134275\" decoding=\"async\" loading=\"lazy\" class=\"size-full wp-image-134275\" src=\"https:\/\/www.uv.mx\/prensa\/files\/2023\/09\/010923-Blanca-IU-Digital-Antioquia-Colombia-2.jpg\" alt=\"\" width=\"722\" height=\"481\" srcset=\"https:\/\/www.uv.mx\/prensa\/files\/2023\/09\/010923-Blanca-IU-Digital-Antioquia-Colombia-2.jpg 722w, https:\/\/www.uv.mx\/prensa\/files\/2023\/09\/010923-Blanca-IU-Digital-Antioquia-Colombia-2-300x200.jpg 300w\" sizes=\"(max-width: 722px) 100vw, 722px\" \/><p id=\"caption-attachment-134275\" class=\"wp-caption-text\">Jos\u00e9 Luis S\u00e1nchez Leyva, director general del \u00c1rea Acad\u00e9mica Econ\u00f3mico-Administrativa de la UV, en su mensaje<\/p><\/div>\n<p>&nbsp;<\/p>\n<p><span data-contrast=\"auto\">\u201cEn espec\u00edfico, nos proponemos llevar a cabo intercambios de informaci\u00f3n y materiales; promover el intercambio de estudiantes, profesores y personal administrativo; organizar seminarios y conferencias conjuntas, y explorar otras formas de colaboraci\u00f3n que enriquezcan a las respectivas comunidades acad\u00e9micas\u201d, apunt\u00f3.<\/span><\/p>\n<p><span data-contrast=\"auto\">En su intervenci\u00f3n, Jos\u00e9 Luis S\u00e1nchez Leyva, director general del \u00c1rea Acad\u00e9mica Econ\u00f3mico-Administrativa de la UV, se\u00f1al\u00f3 que la direcci\u00f3n a su cargo trabaja en equipo con las vicerrector\u00edas para fortalecer cada una de las acciones y cumplir las metas de trabajo de la Rector\u00eda.<\/span><span data-ccp-props=\"{&quot;134233279&quot;:true,&quot;201341983&quot;:0,&quot;335559731&quot;:708,&quot;335559739&quot;:0,&quot;335559740&quot;:240}\">\u00a0<\/span><\/p>\n<p><span data-contrast=\"auto\">\u201cEn el tema de la vinculaci\u00f3n e internacionalizaci\u00f3n, ver lo que est\u00e1n haciendo otras universidades, en este caso la IU Digital, es importante, ya que tambi\u00e9n nuestra Universidad est\u00e1 mirando hacia los programas educativos virtuales, aunque ya se ven\u00eda trabajando este tema, pero en la pandemia de COVID-19 se agudiz\u00f3 este ejercicio\u201d, explic\u00f3.<\/span><\/p>\n<p>&nbsp;<\/p>\n<div id=\"attachment_134276\" style=\"width: 732px\" class=\"wp-caption aligncenter\"><img aria-describedby=\"caption-attachment-134276\" decoding=\"async\" loading=\"lazy\" class=\"size-full wp-image-134276\" src=\"https:\/\/www.uv.mx\/prensa\/files\/2023\/09\/010923-Blanca-IU-Digital-Antioquia-Colombia-3.jpg\" alt=\"\" width=\"722\" height=\"481\" srcset=\"https:\/\/www.uv.mx\/prensa\/files\/2023\/09\/010923-Blanca-IU-Digital-Antioquia-Colombia-3.jpg 722w, https:\/\/www.uv.mx\/prensa\/files\/2023\/09\/010923-Blanca-IU-Digital-Antioquia-Colombia-3-300x200.jpg 300w\" sizes=\"(max-width: 722px) 100vw, 722px\" \/><p id=\"caption-attachment-134276\" class=\"wp-caption-text\">Rub\u00e9n Edel Navarro, vicerrector de la regi\u00f3n Veracruz, durante su presentaci\u00f3n<\/p><\/div>\n<p>&nbsp;<\/p>\n<p><span data-contrast=\"auto\">Por su parte, De la Rosa Isaza destac\u00f3 que la educaci\u00f3n superior es una sola y requiere espacios de cooperaci\u00f3n para su integraci\u00f3n y fortalecimiento, por ello agradeci\u00f3 el recibimiento y la posibilidad de afianzar el lazo que les une a la UV. \u201cSepan que en la IU Digital de Antioquia y en nuestro pa\u00eds siempre ser\u00e1n bienvenidos\u201d, sentenci\u00f3.<\/span><span data-ccp-props=\"{&quot;134233279&quot;:true,&quot;201341983&quot;:0,&quot;335559731&quot;:708,&quot;335559739&quot;:0,&quot;335559740&quot;:240}\">\u00a0<\/span><\/p>\n<p><span data-contrast=\"auto\">En el marco del evento, en el patio central de la USBI, estudiantes y profesores del programa educativo de Administraci\u00f3n Tur\u00edstica llevaron a cabo una muestra gastron\u00f3mica y cultural de las siete regiones del estado de Veracruz; posteriormente, el grupo Nematatl\u00edn y el Ballet Folkl\u00f3rico del Puerto de Veracruz realizaron una presentaci\u00f3n art\u00edstica.<\/span><\/p>\n<p>&nbsp;<\/p>\n<div id=\"attachment_134277\" style=\"width: 732px\" class=\"wp-caption aligncenter\"><img aria-describedby=\"caption-attachment-134277\" decoding=\"async\" loading=\"lazy\" class=\"size-full wp-image-134277\" src=\"https:\/\/www.uv.mx\/prensa\/files\/2023\/09\/010923-Blanca-IU-Digital-Antioquia-Colombia-4.jpg\" alt=\"\" width=\"722\" height=\"481\" srcset=\"https:\/\/www.uv.mx\/prensa\/files\/2023\/09\/010923-Blanca-IU-Digital-Antioquia-Colombia-4.jpg 722w, https:\/\/www.uv.mx\/prensa\/files\/2023\/09\/010923-Blanca-IU-Digital-Antioquia-Colombia-4-300x200.jpg 300w\" sizes=\"(max-width: 722px) 100vw, 722px\" \/><p id=\"caption-attachment-134277\" class=\"wp-caption-text\">Alumnos y profesores de Administraci\u00f3n Tur\u00edstica realizaron una presentaci\u00f3n sobre el estado de Veracruz y sus siete regiones<\/p><\/div>\n<p>&nbsp;<\/p>\n<p><span data-contrast=\"auto\">Para concluir, en la Facultad de Administraci\u00f3n se efectu\u00f3 una reuni\u00f3n en la que autoridades de la UV y la IU Digital presentaron los acuerdos de renovaci\u00f3n del convenio, as\u00ed como propuestas de trabajo por parte de docentes e integrantes de cuerpos acad\u00e9micos.<\/span><span data-ccp-props=\"{&quot;134233279&quot;:true,&quot;201341983&quot;:0,&quot;335559731&quot;:708,&quot;335559739&quot;:0,&quot;335559740&quot;:240}\">\u00a0<\/span><\/p>\n<p><span data-contrast=\"auto\">En las actividades el Vicerrector estuvo acompa\u00f1ado de Claudia Beatriz Enr\u00edquez Hern\u00e1ndez y Sergio Federico Toledo Barrios, titulares de las Secretar\u00edas Regionales Acad\u00e9mica y de Administraci\u00f3n y Finanzas, respectivamente; Dora Emilia Aguirre Bautista, directora de la Facultad de Administraci\u00f3n, y Beatriz Eugenia Salas Parada, secretaria Acad\u00e9mica de dicha entidad.<\/span><span data-ccp-props=\"{&quot;134233279&quot;:true,&quot;201341983&quot;:0,&quot;335559731&quot;:708,&quot;335559739&quot;:0,&quot;335559740&quot;:240}\">\u00a0<\/span><\/p>\n","protected":false},"excerpt":{"rendered":"<p>Las instituciones renovaron su convenio general de cooperaci\u00f3n, que esta casa de estudios sign\u00f3 a trav\u00e9s de la Facultad de Administraci\u00f3n de la regi\u00f3n Veracruz<\/p>\n","protected":false},"author":1869,"featured_media":134278,"comment_status":"closed","ping_status":"closed","sticky":false,"template":"","format":"standard","meta":[],"categories":[47,8455,61,32,55],"tags":[5674,5542,1787,10333,384,2419,354,2731,13249,13250,4974,10109,269],"_links":{"self":[{"href":"https:\/\/www.uv.mx\/prensa\/wp-json\/wp\/v2\/posts\/134273"}],"collection":[{"href":"https:\/\/www.uv.mx\/prensa\/wp-json\/wp\/v2\/posts"}],"about":[{"href":"https:\/\/www.uv.mx\/prensa\/wp-json\/wp\/v2\/types\/post"}],"author":[{"embeddable":true,"href":"https:\/\/www.uv.mx\/prensa\/wp-json\/wp\/v2\/users\/1869"}],"replies":[{"embeddable":true,"href":"https:\/\/www.uv.mx\/prensa\/wp-json\/wp\/v2\/comments?post=134273"}],"version-history":[{"count":1,"href":"https:\/\/www.uv.mx\/prensa\/wp-json\/wp\/v2\/posts\/134273\/revisions"}],"predecessor-version":[{"id":134321,"href":"https:\/\/www.uv.mx\/prensa\/wp-json\/wp\/v2\/posts\/134273\/revisions\/134321"}],"wp:featuredmedia":[{"embeddable":true,"href":"https:\/\/www.uv.mx\/prensa\/wp-json\/wp\/v2\/media\/134278"}],"wp:attachment":[{"href":"https:\/\/www.uv.mx\/prensa\/wp-json\/wp\/v2\/media?parent=134273"}],"wp:term":[{"taxonomy":"category","embeddable":true,"href":"https:\/\/www.uv.mx\/prensa\/wp-json\/wp\/v2\/categories?post=134273"},{"taxonomy":"post_tag","embeddable":true,"href":"https:\/\/www.uv.mx\/prensa\/wp-json\/wp\/v2\/tags?post=134273"}],"curies":[{"name":"wp","href":"https:\/\/api.w.org\/{rel}","templated":true}]}}